{"id":17167,"date":"2014-10-24T09:34:26","date_gmt":"2014-10-24T12:34:26","guid":{"rendered":"http:\/\/argentinamunicipal.com.ar\/argentina\/?p=17167"},"modified":"2014-10-24T09:34:26","modified_gmt":"2014-10-24T12:34:26","slug":"neuquen-es-la-capital-del-senderismo-urbano","status":"publish","type":"post","link":"http:\/\/argentinamunicipal.com.ar\/argentina\/neuquen-es-la-capital-del-senderismo-urbano\/","title":{"rendered":"Neuqu\u00e9n es la capital del senderismo urbano"},"content":{"rendered":"<p><a href=\"http:\/\/argentinamunicipal.com.ar\/argentina\/wp-content\/uploads\/2014\/10\/senderos2.jpg\"><img loading=\"lazy\" decoding=\"async\" class=\"aligncenter  wp-image-17168\" src=\"http:\/\/argentinamunicipal.com.ar\/argentina\/wp-content\/uploads\/2014\/10\/senderos2.jpg\" alt=\"senderos2\" width=\"663\" height=\"442\" srcset=\"http:\/\/argentinamunicipal.com.ar\/argentina\/wp-content\/uploads\/2014\/10\/senderos2.jpg 830w, http:\/\/argentinamunicipal.com.ar\/argentina\/wp-content\/uploads\/2014\/10\/senderos2-300x199.jpg 300w\" sizes=\"auto, (max-width: 663px) 100vw, 663px\" \/><\/a><br \/>\nLa designaci\u00f3n fue aprobada por el Congreso de la Naci\u00f3n.<\/p>\n<p>Luego de seis meses de haber ingresado al Senado el proyecto de ley de la mano de Guillermo Pereyra y fundamentada por la diputada Alicia Comelli, el Congreso de la Naci\u00f3n declar\u00f3 el mi\u00e9rcoles como Capital Nacional del Senderismo Urbano a la ciudad de Neuqu\u00e9n.<\/p>\n<p>Los fundamentos del proyecto, tratado en primera instancia por la c\u00e1mara de Senadores y luego por la de Diputados, se\u00f1alan que en la ciudad \u201cha tomado un creciente inter\u00e9s la actividad de senderismo en diferentes espacios p\u00fablicos, congregando diariamente a una numerosa cantidad de recreacionistas y deportistas. La din\u00e1mica ha venido de la mano de pol\u00edticas p\u00fablicas que acompa\u00f1aron el desarrollo de la actividad, expresadas fundamentalmente en obras p\u00fablicas orientadas a facilitar la pr\u00e1ctica del senderismo\u201d.<\/p>\n<p>Adem\u00e1s se destacan los espacios de Parque Norte y la costa ribere\u00f1a del R\u00edo Limay, entre la Avenida Olascoaga y la Isla 132, en el balneario R\u00edo Grande, por sus senderos peatonales y bicisendas que le permiten al usuario desarrollar estas actividades en un marco natural.<\/p>\n<p>El intendente Horacio Quiroga destac\u00f3 la designaci\u00f3n y record\u00f3 que cuando proyect\u00f3 Parque Norte en 2001 \u201cnunca nos imaginamos que se extender\u00eda tanto una actividad como el senderismo, que es sano y es barato\u201d.<\/p>\n<p>Se\u00f1al\u00f3 que se trata de un espacio \u201cque est\u00e1 en permanente mejora. Mejoramos el riego, instalamos luces y ahora estamos haciendo el segundo sector con LED\u201d. Adem\u00e1s destac\u00f3 los trabajos que se est\u00e1n ejecutando en la ribera del r\u00edo Limay, relacionados con el desarrollo del Paseo Costero y del Parque Sur, en la Isla 132.<\/p>\n<p>Anticip\u00f3 que en Parque Norte \u201cse implantar\u00e1 un Centro de Interpretaci\u00f3n Ambiental con la finalidad de preservar a trav\u00e9s de la concientizaci\u00f3n el ecosistema \u00e1rido de la barda\u201d. Y asegur\u00f3 que se desarrollar\u00e1 un sector para la pr\u00e1ctica de downhill, deporte que utiliza bicicletas adaptadas para el descenso por pendientes y la superaci\u00f3n de obst\u00e1culos naturales.<\/p>\n<h6>Fuente: La Ma\u00f1ana Neuqu\u00e9n<\/h6>\n","protected":false},"excerpt":{"rendered":"<p>La designaci\u00f3n fue aprobada por el Congreso de la Naci\u00f3n. Luego de seis meses de haber ingresado al Senado el proyecto de ley de la mano de Guillermo Pereyra y fundamentada por la diputada Alicia Comelli, el Congreso de la Naci\u00f3n declar\u00f3 el mi\u00e9rcoles como Capital Nacional del Senderismo Urbano a la ciudad de Neuqu\u00e9n.<\/p>\n","protected":false},"author":2,"featured_media":17168,"comment_status":"closed","ping_status":"closed","sticky":false,"template":"","format":"standard","meta":{"footnotes":""},"categories":[2],"tags":[23],"class_list":["post-17167","post","type-post","status-publish","format-standard","has-post-thumbnail","hentry","category-informe-municipal","tag-neuquen"],"_links":{"self":[{"href":"http:\/\/argentinamunicipal.com.ar\/argentina\/wp-json\/wp\/v2\/posts\/17167","targetHints":{"allow":["GET"]}}],"collection":[{"href":"http:\/\/argentinamunicipal.com.ar\/argentina\/wp-json\/wp\/v2\/posts"}],"about":[{"href":"http:\/\/argentinamunicipal.com.ar\/argentina\/wp-json\/wp\/v2\/types\/post"}],"author":[{"embeddable":true,"href":"http:\/\/argentinamunicipal.com.ar\/argentina\/wp-json\/wp\/v2\/users\/2"}],"replies":[{"embeddable":true,"href":"http:\/\/argentinamunicipal.com.ar\/argentina\/wp-json\/wp\/v2\/comments?post=17167"}],"version-history":[{"count":0,"href":"http:\/\/argentinamunicipal.com.ar\/argentina\/wp-json\/wp\/v2\/posts\/17167\/revisions"}],"wp:featuredmedia":[{"embeddable":true,"href":"http:\/\/argentinamunicipal.com.ar\/argentina\/wp-json\/wp\/v2\/media\/17168"}],"wp:attachment":[{"href":"http:\/\/argentinamunicipal.com.ar\/argentina\/wp-json\/wp\/v2\/media?parent=17167"}],"wp:term":[{"taxonomy":"category","embeddable":true,"href":"http:\/\/argentinamunicipal.com.ar\/argentina\/wp-json\/wp\/v2\/categories?post=17167"},{"taxonomy":"post_tag","embeddable":true,"href":"http:\/\/argentinamunicipal.com.ar\/argentina\/wp-json\/wp\/v2\/tags?post=17167"}],"curies":[{"name":"wp","href":"https:\/\/api.w.org\/{rel}","templated":true}]}}