{"id":172,"date":"2014-01-29T00:17:51","date_gmt":"2014-01-29T03:17:51","guid":{"rendered":"http:\/\/municipales.org.ar\/argentina\/?p=172"},"modified":"2014-02-08T18:57:55","modified_gmt":"2014-02-08T21:57:55","slug":"ejecutivo-municipal-de-parana-convoco-a-los-sindicatos-para-el-19-de-febrero-a-discutir-salarios","status":"publish","type":"post","link":"http:\/\/argentinamunicipal.com.ar\/argentina\/ejecutivo-municipal-de-parana-convoco-a-los-sindicatos-para-el-19-de-febrero-a-discutir-salarios\/","title":{"rendered":"Ejecutivo Municipal de Paran\u00e1 convoc\u00f3 a los Sindicatos para el 19 de Febrero a discutir salarios"},"content":{"rendered":"<div id=\"attachment_173\" style=\"width: 650px\" class=\"wp-caption aligncenter\"><a href=\"http:\/\/argentinamunicipal.com.ar\/argentina\/wp-content\/uploads\/2014\/02\/187743_tapa_13122013_7916.jpg\"><img loading=\"lazy\" decoding=\"async\" aria-describedby=\"caption-attachment-173\" class=\"size-full wp-image-173\" alt=\"EL EJECUTIVO DE PARANA PAGARA 1300 PESOS EN TRES CUOTAS A LOS EMPLEADOS MUNICIPALES. LOS JERARQUIZADOS CALIFICARON DE \u201cIRRISORIA\u201d LA OFERTA SALARIAL DEL EJECUTIVO DE PARANA Y AMENAZARON CON MEDIDAS.\" src=\"http:\/\/argentinamunicipal.com.ar\/argentina\/wp-content\/uploads\/2014\/02\/187743_tapa_13122013_7916.jpg\" width=\"640\" height=\"360\" srcset=\"http:\/\/argentinamunicipal.com.ar\/argentina\/wp-content\/uploads\/2014\/02\/187743_tapa_13122013_7916.jpg 640w, http:\/\/argentinamunicipal.com.ar\/argentina\/wp-content\/uploads\/2014\/02\/187743_tapa_13122013_7916-300x168.jpg 300w\" sizes=\"auto, (max-width: 640px) 100vw, 640px\" \/><\/a><p id=\"caption-attachment-173\" class=\"wp-caption-text\">EL EJECUTIVO DE PARANA PAGARA 1300 PESOS EN TRES CUOTAS A LOS EMPLEADOS MUNICIPALES.<br \/>LOS JERARQUIZADOS CALIFICARON DE \u201cIRRISORIA\u201d LA OFERTA SALARIAL DEL EJECUTIVO DE PARANA Y AMENAZARON CON MEDIDAS.<\/p><\/div>\n<p>El secretario General de la Asociaci\u00f3n Personal Superior (APS), Oscar Milocco, inform\u00f3 a APFDigital que el Ejecutivo municipal convoc\u00f3 al sector para el 19 de febrero con el fin de discutir una recomposici\u00f3n salarial . Teniendo en cuenta la \u201cincertidumbre econ\u00f3mica\u201d por la que atraviesa el pa\u00eds, el sindicato se reunir\u00e1 m\u00e1s cerca de la fecha para definir cu\u00e1nto solicitar\u00e1n de aumento, indic\u00f3<\/p>\n<p>A principios de este mes se realiz\u00f3 la primera reuni\u00f3n paritaria municipal del a\u00f1o en la que el Ejecutivo de Paran\u00e1 hab\u00eda ofrecido a sus empleados de planta permanente y con contrato de servicio, 1300 pesos a pagar en tres cuotas. En concordancia con lo definido con el Gobierno provincial, esta cifra fue no remunerativa y sirvi\u00f3 para ganar tiempo hasta acordar un aumento que se extienda en el tiempo.<\/p>\n<p>La propuesta hab\u00eda sido calificada de \u201cinsuficiente\u201d por los sindicatos municipales, que exigieron la \u201curgente\u201d convocatoria a la Mesa de Relaciones Laborales y advirtieron sobre posibles medidas en el caso de que no haya una respuesta positiva.<\/p>\n<p>Ahora se conoci\u00f3 que las autoridades municipales realizaron una convocatoria para el 19 de febrero. Lo inform\u00f3 a esta Agencia, el Secretario General de los jerarquizados, quien dijo desconocer \u201csi ese d\u00eda habr\u00e1 una oferta formal por parte del Ejecutivo\u201d.<\/p>\n<p>Consultado sobre si van a ir con un pedido puntual de aumento, Milocco respondi\u00f3: \u201cSon momentos muy convulsionados y hay una gran incertidumbre, por lo que no estamos en condiciones de hacer con tanta antelaci\u00f3n un an\u00e1lisis de la situaci\u00f3n para definir cu\u00e1nto pedir\u201d.<\/p>\n<p>\u201cTodos los d\u00edas hay variaciones, el tema del d\u00f3lar va y viene y no se saber qu\u00e9 va a pasar\u201d, agreg\u00f3.<\/p>\n<p>En este marco, adelant\u00f3 que \u201cm\u00e1s cerca de la fecha el sindicato ver\u00e1 si hay un panorama m\u00e1s claro y evaluar\u00e1 si acude a la reuni\u00f3n con un planteo determinado\u201d.<\/p>\n<p>\u201cSe esta hablando que en enero habr\u00e1 un cinco por ciento de inflaci\u00f3n, por lo que ser\u00eda apresurado salir hoy a pedir un porcentaje de aumento\u201d, manifest\u00f3.<\/p>\n<p>Por \u00faltimo, el dirigente gremial sostuvo que tambi\u00e9n habr\u00e1 que \u201ctener en cuenta qu\u00e9 es lo que va a suceder a nivel provincial\u201d.<\/p>\n<pre>Fuente: APFDigital<\/pre>\n","protected":false},"excerpt":{"rendered":"<p>El secretario General de la Asociaci\u00f3n Personal Superior (APS), Oscar Milocco, inform\u00f3 a APFDigital que el Ejecutivo municipal convoc\u00f3 al sector para el 19 de febrero con el fin de discutir una recomposici\u00f3n salarial . Teniendo en cuenta la \u201cincertidumbre econ\u00f3mica\u201d por la que atraviesa el pa\u00eds, el sindicato se reunir\u00e1 m\u00e1s cerca de la<\/p>\n","protected":false},"author":1,"featured_media":173,"comment_status":"closed","ping_status":"closed","sticky":false,"template":"","format":"standard","meta":{"footnotes":""},"categories":[7],"tags":[17],"class_list":["post-172","post","type-post","status-publish","format-standard","has-post-thumbnail","hentry","category-informe-sindical","tag-entre-rios"],"_links":{"self":[{"href":"http:\/\/argentinamunicipal.com.ar\/argentina\/wp-json\/wp\/v2\/posts\/172","targetHints":{"allow":["GET"]}}],"collection":[{"href":"http:\/\/argentinamunicipal.com.ar\/argentina\/wp-json\/wp\/v2\/posts"}],"about":[{"href":"http:\/\/argentinamunicipal.com.ar\/argentina\/wp-json\/wp\/v2\/types\/post"}],"author":[{"embeddable":true,"href":"http:\/\/argentinamunicipal.com.ar\/argentina\/wp-json\/wp\/v2\/users\/1"}],"replies":[{"embeddable":true,"href":"http:\/\/argentinamunicipal.com.ar\/argentina\/wp-json\/wp\/v2\/comments?post=172"}],"version-history":[{"count":0,"href":"http:\/\/argentinamunicipal.com.ar\/argentina\/wp-json\/wp\/v2\/posts\/172\/revisions"}],"wp:featuredmedia":[{"embeddable":true,"href":"http:\/\/argentinamunicipal.com.ar\/argentina\/wp-json\/wp\/v2\/media\/173"}],"wp:attachment":[{"href":"http:\/\/argentinamunicipal.com.ar\/argentina\/wp-json\/wp\/v2\/media?parent=172"}],"wp:term":[{"taxonomy":"category","embeddable":true,"href":"http:\/\/argentinamunicipal.com.ar\/argentina\/wp-json\/wp\/v2\/categories?post=172"},{"taxonomy":"post_tag","embeddable":true,"href":"http:\/\/argentinamunicipal.com.ar\/argentina\/wp-json\/wp\/v2\/tags?post=172"}],"curies":[{"name":"wp","href":"https:\/\/api.w.org\/{rel}","templated":true}]}}