{"id":1721,"date":"2014-02-21T08:47:35","date_gmt":"2014-02-21T11:47:35","guid":{"rendered":"http:\/\/argentinamunicipal.com.ar\/argentina\/?p=1721"},"modified":"2014-02-20T18:50:39","modified_gmt":"2014-02-20T21:50:39","slug":"en-el-concejo-de-santa-fe-asoman-ineditos-proyectos-sobre-ciclovias-indigenismo-y-ciberacoso","status":"publish","type":"post","link":"http:\/\/argentinamunicipal.com.ar\/argentina\/en-el-concejo-de-santa-fe-asoman-ineditos-proyectos-sobre-ciclovias-indigenismo-y-ciberacoso\/","title":{"rendered":"En el Concejo de Santa Fe asoman in\u00e9ditos proyectos sobre ciclov\u00edas, indigenismo y ciberacoso"},"content":{"rendered":"<p><a href=\"http:\/\/argentinamunicipal.com.ar\/argentina\/wp-content\/uploads\/2014\/02\/SFC_-_Apertura2.jpg\"><img loading=\"lazy\" decoding=\"async\" class=\"aligncenter size-full wp-image-1722\" alt=\"SFC_-_Apertura2\" src=\"http:\/\/argentinamunicipal.com.ar\/argentina\/wp-content\/uploads\/2014\/02\/SFC_-_Apertura2.jpg\" width=\"630\" height=\"418\" srcset=\"http:\/\/argentinamunicipal.com.ar\/argentina\/wp-content\/uploads\/2014\/02\/SFC_-_Apertura2.jpg 630w, http:\/\/argentinamunicipal.com.ar\/argentina\/wp-content\/uploads\/2014\/02\/SFC_-_Apertura2-300x199.jpg 300w\" sizes=\"auto, (max-width: 630px) 100vw, 630px\" \/><\/a><\/p>\n<p>El 13 de marzo, una semana despu\u00e9s del discurso inaugural del intendente Corral -el jueves 6-, arrancar\u00e1 un nuevo per\u00edodo ordinario de sesiones del Concejo local. La nueva conformaci\u00f3n re\u00fane un abanico de fuerzas pol\u00edticas, dis\u00edmiles en su ideolog\u00eda y hasta en aspectos de la metodolog\u00eda legislativa. Hay juventud mezclada con madurez; hay ediles con experiencia en las bancas y otros con pocos a\u00f1os de ejercicio deliberativo que a\u00fan se est\u00e1n fogueando. Hay \u201cnuevos\u201d que reci\u00e9n arrancan con s\u00f3lo un par de sesiones en sus espaldas.<\/p>\n<p>Esos elementos, sumados a una paridad num\u00e9rica de fuerzas (siete contra siete) entre oficialismo -que tiene la ventaja de contar con el voto desempate de la Presidencia- y arco opositor, invitan a entusiasmarse con un Deliberativo menos abroquelado en posiciones org\u00e1nicas inamovibles, m\u00e1s abierto en sus lecturas de la realidad local, m\u00e1s obligado a consensuar antes que confrontar.<\/p>\n<p>El recinto y, sobre todo, las comisiones, ser\u00e1n como un tablero de movimientos pol\u00edticos \u201cajedrec\u00edsticos\u201d: no habr\u00e1 lugar para improvisaciones ni pasos en falso. La pol\u00edtica es as\u00ed: m\u00e1s de uno ya piensa en la elecci\u00f3n por la intendencia en 2015. El Concejo promete otra cara distinta a la del a\u00f1o pasado, m\u00e1s ideologizada, re\u00f1ida en el fragor del debate pol\u00edtico sobre temas que interesan y urgen a la comunidad.<\/p>\n<h2>Ind\u00edgenas, viviendas y grooming<\/h2>\n<p>Desde el oficialismo, Adriana Molina (FPCyS-UCR) present\u00f3 un proyecto que propone la creaci\u00f3n de un \u00e1rea de Asuntos Ind\u00edgenas en la \u00f3rbita municipal. El objetivo: mejorar la calidad de vida de los pueblos originarios locales. \u201cSe trabajar\u00e1 con los miembros de la comunidad Qom para abrir un espacio donde se dise\u00f1en pol\u00edticas p\u00fablicas relacionadas con salud, vivienda, educaci\u00f3n de las comunidades originarias. Se har\u00eda un censo para saber cu\u00e1ntos integrantes hay y cu\u00e1les son sus necesidades m\u00e1s urgentes\u201d, dijo a El Litoral.<\/p>\n<p>El otro tema -promesa de campa\u00f1a de la edila radical- es un ambicioso plan municipal de viviendas. \u201cSe buscar\u00e1 crear un fondo que nos permita construir viviendas, en conjunto con provincia, Naci\u00f3n o privados\u201d, adelant\u00f3 Molina. Otro de los oficialistas radicales, Leandro Gonz\u00e1lez (FPCyS-UCR), present\u00f3 un proyecto para prevenir el hostigamiento electr\u00f3nico. Tiene como fin la realizaci\u00f3n de acciones vinculadas a la prevenci\u00f3n del grooming o ciber hostigamiento en la ciudad, para una mejor convivencia social, sobre todo entre adolescentes.<\/p>\n<p>Para Vanesa Oddi, la \u00fanica socialista del interbloque oficialista -los seis restantes son radicales-, uno de los proyectos prioritarios es una normativa para el presupuesto participativo. \u201cFijar un \u00edndice que establezca un monto espec\u00edfico para las obras que quieren los vecinos, estimulando la participaci\u00f3n ciudadana\u201d, ampli\u00f3. Buscar\u00e1 adem\u00e1s que la escuela municipal de manejo sea una realidad en breve. \u201cTambi\u00e9n pensamos trabajar en la declaraci\u00f3n de \u00e1reas municipales protegidas, como los reservorios, y temas de h\u00e1bitat social, impulsando acciones para llevar m\u00e1s servicios a barrios postergados\u201d.<\/p>\n<h2>TGI y tren urbano<\/h2>\n<p>Sebasti\u00e1n Pignata (bloque PJ) adelant\u00f3 que va a insistir con proyectos que quedaron truncados.<\/p>\n<p>\u201cVamos a traccionar discusiones que la ciudad demanda, como la inseguridad, o el env\u00edo de pliegos para la licitaci\u00f3n del transporte p\u00fablico de colectivos. Insistiremos en que a los valores de la TGI los fijemos desde el Concejo, que deje de ser trimestral y de actualizaci\u00f3n autom\u00e1tica, porque con este m\u00e9todo que impuso el oficialismo con sus votos, los aumentos que acusa la tasa para los contribuyentes se fueron por las nubes\u201d, dijo en di\u00e1logo con El Litoral.<\/p>\n<p>\u201cEl tren urbano sigue tirado en el Puerto. Le salen plantas desde adentro. Est\u00e1 en un total estado de abandono\u201d, denunci\u00f3 Pignata. Y dijo que desde su bloque insistir\u00e1n con el proyecto que propone vender esas unidades y destinar los fondos a obras.<\/p>\n<p>Silvina Frana, compa\u00f1era de bloque, asegur\u00f3 que sus ejes de trabajo ser\u00e1n la seguridad, m\u00e1s obras en los barrios, acciones de contenci\u00f3n de problem\u00e1ticas sociales y de generaci\u00f3n de empleo. \u201cOtro tema clave: la administraci\u00f3n municipal (Frana preside la Comisi\u00f3n de Hacienda), con la cual no estamos conformes. Hoy tenemos una Municipalidad que le sale muy cara a los santafesinos, con un alto endeudamiento\u201d, dijo la edila a este diario.<\/p>\n<h2>Boleto gratis y bicisendas<\/h2>\n<p>Desde el sector de 100% Santafesino, Fernando Fleitas volvi\u00f3 sobre sus promesas de campa\u00f1a. \u201cInsistiremos con los proyectos de boleto educativo gratuito para alumnos primarios, secundarios, docentes y no docentes de la ciudad, como lo hacen C\u00f3rdoba y Mar del Plata\u201d.<\/p>\n<p>Tambi\u00e9n promover\u00e1 su iniciativa Salud 24 horas (con los dispensarios abiertos todo el d\u00eda) y Seguridad 24 horas. \u201cHay que garantizar un polic\u00eda por centro de salud m\u00e1s una comisi\u00f3n integrada por los propios vecinos. La inseguridad es nuestro mayor problema. Falta infraestructura, log\u00edstica y recurso humano: en la seccional 10a. hay s\u00f3lo dos m\u00f3viles. Una verg\u00fcenza\u201d, se quej\u00f3.<\/p>\n<p>Para Tom\u00e1s Norman (Uni\u00f3n Pro Federal) sus prioridades ser\u00e1n iniciativas por la inclusi\u00f3n social, \u201cpara abordar la pobreza estructural que hay en esta ciudad\u201d. Tambi\u00e9n intentar\u00e1 lograr que se instalen contenedores de basura en las localidades del \u00e1rea metropolitana \u201cque llevan o llevar\u00e1n sus desechos al relleno local, para que se empiece a diferenciar la basura\u201d.<\/p>\n<p>\u201cPropondremos en otro proyecto que las motos, cuando salgan de las concesionarias, ya tengan que contar con patente, para garantizar m\u00e1s seguridad\u201d, dijo el edil. Norman insistir\u00e1 adem\u00e1s en el tema ciclov\u00edas: propondr\u00e1 la entrada de bicisendas al microcentro y Av. Freyre \u201cpara descomprimir ese sector de autom\u00f3viles, como hacen las grandes ciudades\u201d.<\/p>\n<h6>Fuente: El Litoral de Santa Fe<\/h6>\n","protected":false},"excerpt":{"rendered":"<p>El 13 de marzo, una semana despu\u00e9s del discurso inaugural del intendente Corral -el jueves 6-, arrancar\u00e1 un nuevo per\u00edodo ordinario de sesiones del Concejo local. La nueva conformaci\u00f3n re\u00fane un abanico de fuerzas pol\u00edticas, dis\u00edmiles en su ideolog\u00eda y hasta en aspectos de la metodolog\u00eda legislativa. Hay juventud mezclada con madurez; hay ediles con<\/p>\n","protected":false},"author":1,"featured_media":1722,"comment_status":"closed","ping_status":"closed","sticky":false,"template":"","format":"standard","meta":{"footnotes":""},"categories":[2],"tags":[10],"class_list":["post-1721","post","type-post","status-publish","format-standard","has-post-thumbnail","hentry","category-informe-municipal","tag-santa-fe"],"_links":{"self":[{"href":"http:\/\/argentinamunicipal.com.ar\/argentina\/wp-json\/wp\/v2\/posts\/1721","targetHints":{"allow":["GET"]}}],"collection":[{"href":"http:\/\/argentinamunicipal.com.ar\/argentina\/wp-json\/wp\/v2\/posts"}],"about":[{"href":"http:\/\/argentinamunicipal.com.ar\/argentina\/wp-json\/wp\/v2\/types\/post"}],"author":[{"embeddable":true,"href":"http:\/\/argentinamunicipal.com.ar\/argentina\/wp-json\/wp\/v2\/users\/1"}],"replies":[{"embeddable":true,"href":"http:\/\/argentinamunicipal.com.ar\/argentina\/wp-json\/wp\/v2\/comments?post=1721"}],"version-history":[{"count":0,"href":"http:\/\/argentinamunicipal.com.ar\/argentina\/wp-json\/wp\/v2\/posts\/1721\/revisions"}],"wp:featuredmedia":[{"embeddable":true,"href":"http:\/\/argentinamunicipal.com.ar\/argentina\/wp-json\/wp\/v2\/media\/1722"}],"wp:attachment":[{"href":"http:\/\/argentinamunicipal.com.ar\/argentina\/wp-json\/wp\/v2\/media?parent=1721"}],"wp:term":[{"taxonomy":"category","embeddable":true,"href":"http:\/\/argentinamunicipal.com.ar\/argentina\/wp-json\/wp\/v2\/categories?post=1721"},{"taxonomy":"post_tag","embeddable":true,"href":"http:\/\/argentinamunicipal.com.ar\/argentina\/wp-json\/wp\/v2\/tags?post=1721"}],"curies":[{"name":"wp","href":"https:\/\/api.w.org\/{rel}","templated":true}]}}