{"id":1724,"date":"2014-02-21T08:10:36","date_gmt":"2014-02-21T11:10:36","guid":{"rendered":"http:\/\/argentinamunicipal.com.ar\/argentina\/?p=1724"},"modified":"2014-02-20T19:00:09","modified_gmt":"2014-02-20T22:00:09","slug":"santa-fe-el-gabinete-joven-provincial-visitara-las-areas-jovenes-de-municipios-y-comunas","status":"publish","type":"post","link":"http:\/\/argentinamunicipal.com.ar\/argentina\/santa-fe-el-gabinete-joven-provincial-visitara-las-areas-jovenes-de-municipios-y-comunas\/","title":{"rendered":"Santa Fe: El Gabinete Joven provincial visitar\u00e1 las \u00e1reas j\u00f3venes de municipios y comunas"},"content":{"rendered":"<p><a href=\"http:\/\/argentinamunicipal.com.ar\/argentina\/wp-content\/uploads\/2014\/02\/Calco_06-baja.jpg\"><img loading=\"lazy\" decoding=\"async\" class=\"alignright  wp-image-1725\" alt=\"Calco_06-baja\" src=\"http:\/\/argentinamunicipal.com.ar\/argentina\/wp-content\/uploads\/2014\/02\/Calco_06-baja.jpg\" width=\"377\" height=\"377\" srcset=\"http:\/\/argentinamunicipal.com.ar\/argentina\/wp-content\/uploads\/2014\/02\/Calco_06-baja.jpg 539w, http:\/\/argentinamunicipal.com.ar\/argentina\/wp-content\/uploads\/2014\/02\/Calco_06-baja-150x150.jpg 150w, http:\/\/argentinamunicipal.com.ar\/argentina\/wp-content\/uploads\/2014\/02\/Calco_06-baja-300x300.jpg 300w, http:\/\/argentinamunicipal.com.ar\/argentina\/wp-content\/uploads\/2014\/02\/Calco_06-baja-50x50.jpg 50w\" sizes=\"auto, (max-width: 377px) 100vw, 377px\" \/><\/a>Los coordinadores territoriales del Gabinete Joven de la provincia visitan a los integrantes de las \u00e1reas j\u00f3venes de municipios y comunas de las cinco regiones con el objetivo de fortalecer los lazos en el territorio, dar a conocer los programas y proyectos a implementarse durante 2014 y articular acciones entre provincia y gobiernos locales.<\/p>\n<p>El director Provincial Pol\u00edticas de Juventud y coordinador del Gabinete Joven, Julio Garibaldi, se\u00f1al\u00f3 que\u201d la intenci\u00f3n es llegar a todos los integrantes de la Red de Municipios y Comunas Joven para poder multiplicar las acciones que surgen con y desde los j\u00f3venes, y para toda la sociedad\u201d.<\/p>\n<p>\u201cActualmente, la Red cuenta con m\u00e1s de 150 municipios y comunas adheridos que ponen en su agenda los intereses de los j\u00f3venes. Pero queremos seguir sumando localidades y fomentar el tejido de redes entre los gobiernos locales\u201d, expres\u00f3 el funcionario.<\/p>\n<p>Se visitar\u00e1n las localidades de Fray Luis Beltr\u00e1n y Ricardone, pr\u00f3ximas a formar parte de la Red, Luis Palacios, Armstrong, Villa Constituci\u00f3n y Pueblo Esther, todas de la Regi\u00f3n 4.<\/p>\n<p>Por su parte, el coordinador de la Regi\u00f3n 5 se encontrar\u00e1 con las \u00e1reas j\u00f3venes de Mar\u00eda Teresa, Chistophersen, Diego de Alvear, Santa Isabel, Villa Ca\u00f1\u00e1s, Teodelina, Wheelwrigh, Hughes, Labordeboy, Elortondo y Melincu\u00e9. A mediados de marzo se prev\u00e9 la visita a las localidades de Sancti Sp\u00edritu, San Eduardo, Maggiolo, Cafferata, La Chispa, San Francisco de Santa Fe, Cha\u00f1ear Ladeado, Beraveb\u00fa, Los Quirquinchos y Firmat.<\/p>\n<p>En la Regi\u00f3n 1, se visitar\u00e1 Margarita, Reconquista y Avellaneda. En la Regi\u00f3n 3, en una primera instancia, se recorrer\u00e1n las \u00e1reas j\u00f3venes de San Jos\u00e9 del Rinc\u00f3n, Santa Rosa de Calchines y Helvecia.<\/p>\n<p>El coordinador de la Regi\u00f3n 2, por su parte, visitar\u00e1 Aurelia, Frontera y, en marzo, Gato Colorado, Gregoria P\u00e9rez de Denis, Santa Margarita, San Bernardo, Pozo Borrado, Villa Minetti, Tostado, Logro\u00f1o, Esteban Rams, San Vicente y Estaci\u00f3n Clucellas, esta \u00faltima pr\u00f3xima a adherirse a la Red.<\/p>\n<h2>Una red joven en el territorio<\/h2>\n<p>El Gabinete Joven provincial propone a los municipios y comunas que se suman a la Red que asuman a los j\u00f3venes como sujetos plenos de derecho y actores estrat\u00e9gicos del desarrollo. Por ello trabaja en capacitaciones para el dise\u00f1o, implementaci\u00f3n y evaluaci\u00f3n de pol\u00edticas p\u00fablicas, la sensibilizaci\u00f3n sobre perspectiva de juventud, y brinda herramientas concretas para articular programas, acciones y propuestas a cada localidad.<\/p>\n<p>Los integrantes de la red trabajan con una agenda anual que desarrollan a lo largo del a\u00f1o y eval\u00faan las prioridades de las localidades para progresar con los diversos programas con los que cuenta el Gabinete Joven, en el marco del \u201cPlan Santa Fe Joven, estrategias en territorio\u201d. El intercambio es permanente a trav\u00e9s de las reuniones de red, con el objetivo del profundizar y fortalecer el abordaje transversal e integral de la diversidad de tem\u00e1ticas del territorio provincial.<\/p>\n<h6>Fuente: NOTIFE<\/h6>\n","protected":false},"excerpt":{"rendered":"<p>Los coordinadores territoriales del Gabinete Joven de la provincia visitan a los integrantes de las \u00e1reas j\u00f3venes de municipios y comunas de las cinco regiones con el objetivo de fortalecer los lazos en el territorio, dar a conocer los programas y proyectos a implementarse durante 2014 y articular acciones entre provincia y gobiernos locales. El<\/p>\n","protected":false},"author":1,"featured_media":1725,"comment_status":"closed","ping_status":"closed","sticky":false,"template":"","format":"standard","meta":{"footnotes":""},"categories":[2],"tags":[10],"class_list":["post-1724","post","type-post","status-publish","format-standard","has-post-thumbnail","hentry","category-informe-municipal","tag-santa-fe"],"_links":{"self":[{"href":"http:\/\/argentinamunicipal.com.ar\/argentina\/wp-json\/wp\/v2\/posts\/1724","targetHints":{"allow":["GET"]}}],"collection":[{"href":"http:\/\/argentinamunicipal.com.ar\/argentina\/wp-json\/wp\/v2\/posts"}],"about":[{"href":"http:\/\/argentinamunicipal.com.ar\/argentina\/wp-json\/wp\/v2\/types\/post"}],"author":[{"embeddable":true,"href":"http:\/\/argentinamunicipal.com.ar\/argentina\/wp-json\/wp\/v2\/users\/1"}],"replies":[{"embeddable":true,"href":"http:\/\/argentinamunicipal.com.ar\/argentina\/wp-json\/wp\/v2\/comments?post=1724"}],"version-history":[{"count":0,"href":"http:\/\/argentinamunicipal.com.ar\/argentina\/wp-json\/wp\/v2\/posts\/1724\/revisions"}],"wp:featuredmedia":[{"embeddable":true,"href":"http:\/\/argentinamunicipal.com.ar\/argentina\/wp-json\/wp\/v2\/media\/1725"}],"wp:attachment":[{"href":"http:\/\/argentinamunicipal.com.ar\/argentina\/wp-json\/wp\/v2\/media?parent=1724"}],"wp:term":[{"taxonomy":"category","embeddable":true,"href":"http:\/\/argentinamunicipal.com.ar\/argentina\/wp-json\/wp\/v2\/categories?post=1724"},{"taxonomy":"post_tag","embeddable":true,"href":"http:\/\/argentinamunicipal.com.ar\/argentina\/wp-json\/wp\/v2\/tags?post=1724"}],"curies":[{"name":"wp","href":"https:\/\/api.w.org\/{rel}","templated":true}]}}