{"id":17245,"date":"2014-10-25T08:59:20","date_gmt":"2014-10-25T11:59:20","guid":{"rendered":"http:\/\/argentinamunicipal.com.ar\/argentina\/?p=17245"},"modified":"2014-10-25T08:59:20","modified_gmt":"2014-10-25T11:59:20","slug":"en-chile-piden-una-nueva-ley-de-medios-como-la-de-argentina","status":"publish","type":"post","link":"http:\/\/argentinamunicipal.com.ar\/argentina\/en-chile-piden-una-nueva-ley-de-medios-como-la-de-argentina\/","title":{"rendered":"En Chile piden una nueva ley de Medios como la de Argentina"},"content":{"rendered":"<p><a href=\"http:\/\/argentinamunicipal.com.ar\/argentina\/wp-content\/uploads\/2014\/10\/jornadas_chile.jpg\"><img loading=\"lazy\" decoding=\"async\" class=\"aligncenter size-full wp-image-17246\" src=\"http:\/\/argentinamunicipal.com.ar\/argentina\/wp-content\/uploads\/2014\/10\/jornadas_chile.jpg\" alt=\"jornadas_chile\" width=\"550\" height=\"357\" srcset=\"http:\/\/argentinamunicipal.com.ar\/argentina\/wp-content\/uploads\/2014\/10\/jornadas_chile.jpg 550w, http:\/\/argentinamunicipal.com.ar\/argentina\/wp-content\/uploads\/2014\/10\/jornadas_chile-300x194.jpg 300w\" sizes=\"auto, (max-width: 550px) 100vw, 550px\" \/><\/a><\/p>\n<p>Al igual que lo sucedido en nuestro pa\u00eds, la concentraci\u00f3n de medios en el pa\u00eds trasandino pone en riesgo la libertad de expresi\u00f3n.<\/p>\n<p>\u00abEstamos avanzando en algo que hemos mirado inclusive en la propia Argentina, que significa poder conformar un referente social acad\u00e9mico y gremial que pueda denunciar lo que est\u00e1 ocurriendo y avanzar en una nueva legislaci\u00f3n que permita otras voces\u201d, indic\u00f3 la periodista de la Universidad Cat\u00f3lica de Chile, Javiera Olivares.<\/p>\n<p>La periodista cont\u00f3 que la \u00abconcentraci\u00f3n\u00bb de la propiedad de los medios de comunicaci\u00f3n \u00abse repite en todas las plataformas\u00bb, se\u00f1al\u00f3 en declaraciones a radio continental.<\/p>\n<p>\u00abEstamos trabajando y fortaleciendo un referente social que empuje a la institucionalidad para que haga estos cambios\u00bb de ir contra la concentraci\u00f3n medi\u00e1tica, dijo Olivares.<\/p>\n<p>Asimismo, Olivares destac\u00f3 la importancia de la carta que desde el colectivo que viene trabajando para una nueva legislaci\u00f3n de medios, le acercaron a la Presidenta de la Sociedad Interamericana de Prensa (SIP), Elizabeth Ballantines, manifest\u00e1ndole su an\u00e1lisis cr\u00edtico sobre la situaci\u00f3n del derecho a la comunicaci\u00f3n en Chile.<\/p>\n<p>\u201cNosotros no compartimos con la SIP que define y determina a Chile como un pa\u00eds que tiene amplia libertad de expresi\u00f3n y que esta no se ver\u00eda amenazada\u201d, se\u00f1al\u00f3 y agreg\u00f3 \u201cEn Chile efectivamente existen ciertas amenazas a las garant\u00edas del derecho a la libertad de expresi\u00f3n y el derecho a la comunicaci\u00f3n universal de las personas justamente por v\u00eda de la concentraci\u00f3n de la propiedad que existe en los medios de comunicaci\u00f3n\u201d, se\u00f1al\u00f3.<\/p>\n<p>\u201cLos medios que concentran el discurso de las noticias, de la cultura, de los contenidos simb\u00f3licos que la gente percibe d\u00eda a d\u00eda complejizan el pluralismo y complejiza la democracia\u201d, resalt\u00f3.<\/p>\n<h6>Fuente: San Luis 24<\/h6>\n","protected":false},"excerpt":{"rendered":"<p>Al igual que lo sucedido en nuestro pa\u00eds, la concentraci\u00f3n de medios en el pa\u00eds trasandino pone en riesgo la libertad de expresi\u00f3n. \u00abEstamos avanzando en algo que hemos mirado inclusive en la propia Argentina, que significa poder conformar un referente social acad\u00e9mico y gremial que pueda denunciar lo que est\u00e1 ocurriendo y avanzar en<\/p>\n","protected":false},"author":2,"featured_media":17246,"comment_status":"closed","ping_status":"closed","sticky":false,"template":"","format":"standard","meta":{"footnotes":""},"categories":[22],"tags":[57],"class_list":["post-17245","post","type-post","status-publish","format-standard","has-post-thumbnail","hentry","category-el-mundo","tag-el-mundo"],"_links":{"self":[{"href":"http:\/\/argentinamunicipal.com.ar\/argentina\/wp-json\/wp\/v2\/posts\/17245","targetHints":{"allow":["GET"]}}],"collection":[{"href":"http:\/\/argentinamunicipal.com.ar\/argentina\/wp-json\/wp\/v2\/posts"}],"about":[{"href":"http:\/\/argentinamunicipal.com.ar\/argentina\/wp-json\/wp\/v2\/types\/post"}],"author":[{"embeddable":true,"href":"http:\/\/argentinamunicipal.com.ar\/argentina\/wp-json\/wp\/v2\/users\/2"}],"replies":[{"embeddable":true,"href":"http:\/\/argentinamunicipal.com.ar\/argentina\/wp-json\/wp\/v2\/comments?post=17245"}],"version-history":[{"count":0,"href":"http:\/\/argentinamunicipal.com.ar\/argentina\/wp-json\/wp\/v2\/posts\/17245\/revisions"}],"wp:featuredmedia":[{"embeddable":true,"href":"http:\/\/argentinamunicipal.com.ar\/argentina\/wp-json\/wp\/v2\/media\/17246"}],"wp:attachment":[{"href":"http:\/\/argentinamunicipal.com.ar\/argentina\/wp-json\/wp\/v2\/media?parent=17245"}],"wp:term":[{"taxonomy":"category","embeddable":true,"href":"http:\/\/argentinamunicipal.com.ar\/argentina\/wp-json\/wp\/v2\/categories?post=17245"},{"taxonomy":"post_tag","embeddable":true,"href":"http:\/\/argentinamunicipal.com.ar\/argentina\/wp-json\/wp\/v2\/tags?post=17245"}],"curies":[{"name":"wp","href":"https:\/\/api.w.org\/{rel}","templated":true}]}}