{"id":17273,"date":"2014-10-25T09:46:37","date_gmt":"2014-10-25T12:46:37","guid":{"rendered":"http:\/\/argentinamunicipal.com.ar\/argentina\/?p=17273"},"modified":"2014-10-25T09:46:37","modified_gmt":"2014-10-25T12:46:37","slug":"neuquen-creara-un-mercadolibre-de-emprendedores","status":"publish","type":"post","link":"http:\/\/argentinamunicipal.com.ar\/argentina\/neuquen-creara-un-mercadolibre-de-emprendedores\/","title":{"rendered":"Neuqu\u00e9n crear\u00e1 un \u201cMercadoLibre\u201d de emprendedores"},"content":{"rendered":"<p><a href=\"http:\/\/argentinamunicipal.com.ar\/argentina\/wp-content\/uploads\/2014\/10\/pag7-1-e1414241185682.jpg\"><img loading=\"lazy\" decoding=\"async\" class=\"alignleft wp-image-17274 size-full\" src=\"http:\/\/argentinamunicipal.com.ar\/argentina\/wp-content\/uploads\/2014\/10\/pag7-1-e1414241185682.jpg\" alt=\"\" width=\"356\" height=\"400\" srcset=\"http:\/\/argentinamunicipal.com.ar\/argentina\/wp-content\/uploads\/2014\/10\/pag7-1-e1414241185682.jpg 356w, http:\/\/argentinamunicipal.com.ar\/argentina\/wp-content\/uploads\/2014\/10\/pag7-1-e1414241185682-267x300.jpg 267w\" sizes=\"auto, (max-width: 356px) 100vw, 356px\" \/><\/a>Ser\u00e1 el \u00fanico de este estilo en el pa\u00eds y empezar\u00eda a funcionar en diciembre. Habr\u00e1 una capacitaci\u00f3n.<\/p>\n<p>La Provincia ultima detalles para que en diciembre los neuquinos tengan la posibilidad de adquirir manufactura de emprendedores de cualquier rinc\u00f3n de la provincia a trav\u00e9s de una tienda virtual de comercializaci\u00f3n de productos y servicios relacionados a la econom\u00eda social.<\/p>\n<p>Se trata de un proyecto en el que trabajan profesionales del \u00e1rea de la Econom\u00eda Social, dependiente del Ministerio de Desarrollo Social, para que los emprendedores cuenten con una plataforma que les permita vender sus productos y servicios a trav\u00e9s de la Web.<\/p>\n<p>En principio ser\u00e1n unos 50 emprendedores a los que, en caso de ser necesario, se les facilitar\u00e1n las herramientas necesarias cuando no tengan los medios para gestionar su propia p\u00e1gina web de forma individual.<\/p>\n<p>Es la primera vez que una iniciativa de este tipo se hace a nivel provincial, en tanto que a nivel nacional solo se cuenta con una experiencia similar del INTI llamada \u00abCompremos lo nuestro\u00bb. A diferencia de esta \u00faltima, se le agregar\u00e1n otros condimentos para que sea atractiva, din\u00e1mica y exitosa.<\/p>\n<p>\u201cLa idea es que para comercializar productos los emprendedores cuenten con una tienda \u2018Agrupadora\u2019 que funcionar\u00e1 como un vendedor que aglutina la oferta del resto de los emprendedores, centralizando los servicios de venta, cobranza y log\u00edstica\u201d, explic\u00f3 la directora de Asistencia T\u00e9cnica del Ministerio de Desarrollo Social, Victoria Fern\u00e1ndez.<\/p>\n<p>Esperan que esta modalidad resulte \u00fatil para aquellos que todav\u00eda no se encuentren familiarizados con los mecanismos de facturaci\u00f3n y cobranza. Un emprendedor con mayor incursi\u00f3n en lo tecnol\u00f3gico podr\u00e1 desarrollar sus productos a trav\u00e9s de una tienda individual que podr\u00e1 estar vinculada a la p\u00e1gina web de la tienda virtual \u201cAgrupadora\u201d.<\/p>\n<p>Fern\u00e1ndez sostuvo que funcionar\u00eda como \u201cincubadora\u201d y una vez que el emprendedor alcance cierto grado de consolidaci\u00f3n pueda armar su propia tienda individual y logre la autogesti\u00f3n de sus ventas, cobranzas y log\u00edstica.<\/p>\n<p>Seg\u00fan explic\u00f3, la plataforma podr\u00e1 generar un directorio de emprendedores donde esta tienda virtual pueda hacer las veces de vidriera donde los usuarios revisen el cat\u00e1logo de productos y puedan hacer los pedidos de acuerdo al stock disponible.<\/p>\n<p>Se ofertar\u00e1n a trav\u00e9s de la p\u00e1gina web -que a\u00fan no tiene nombre definido- productos que tienen que ver con los rubros textiles, de tejidos a crochet, conservas, artesan\u00eda en madera y\/o cer\u00e1mica y vinos y cervezas artesanales.<\/p>\n<p>Con un sistema similar al de la p\u00e1gina de compra y venta de productos \u201cMercadoLibre\u201d, los clientes podr\u00e1n adquirirlos ya sea con tarjeta de cr\u00e9dito o de d\u00e9bito. \u201cEl comercio electr\u00f3nico se va a trabajar con el Banco de la Provincia de Neuqu\u00e9n. La entrega ser\u00e1 de forma tradicional por env\u00edo, aunque se est\u00e1 evaluando contar con un espacio donde se lo pueda entregar al cliente personalmente\u201d, agreg\u00f3 la funcionaria.<\/p>\n<p>Dijo que trabajan en el dise\u00f1o y en la parte operativa de la p\u00e1gina y que una vez concluida se le dar\u00e1 difusi\u00f3n para que se pueda posicionar entre los neuquinos.<\/p>\n<p>Antes de su lanzamiento oficial se realizar\u00e1 una primera etapa de capacitaciones en diferentes localidades de la provincia para dar a conocer el funcionamiento de este servicio, tarea que comenzar\u00e1 el pr\u00f3ximo mes por Villa La Angostura.<\/p>\n<h6>Fuente: La Ma\u00f1ana Neuqu\u00e9n<\/h6>\n","protected":false},"excerpt":{"rendered":"<p>Ser\u00e1 el \u00fanico de este estilo en el pa\u00eds y empezar\u00eda a funcionar en diciembre. Habr\u00e1 una capacitaci\u00f3n. La Provincia ultima detalles para que en diciembre los neuquinos tengan la posibilidad de adquirir manufactura de emprendedores de cualquier rinc\u00f3n de la provincia a trav\u00e9s de una tienda virtual de comercializaci\u00f3n de productos y servicios relacionados<\/p>\n","protected":false},"author":2,"featured_media":17274,"comment_status":"closed","ping_status":"closed","sticky":false,"template":"","format":"standard","meta":{"footnotes":""},"categories":[2],"tags":[23],"class_list":["post-17273","post","type-post","status-publish","format-standard","has-post-thumbnail","hentry","category-informe-municipal","tag-neuquen"],"_links":{"self":[{"href":"http:\/\/argentinamunicipal.com.ar\/argentina\/wp-json\/wp\/v2\/posts\/17273","targetHints":{"allow":["GET"]}}],"collection":[{"href":"http:\/\/argentinamunicipal.com.ar\/argentina\/wp-json\/wp\/v2\/posts"}],"about":[{"href":"http:\/\/argentinamunicipal.com.ar\/argentina\/wp-json\/wp\/v2\/types\/post"}],"author":[{"embeddable":true,"href":"http:\/\/argentinamunicipal.com.ar\/argentina\/wp-json\/wp\/v2\/users\/2"}],"replies":[{"embeddable":true,"href":"http:\/\/argentinamunicipal.com.ar\/argentina\/wp-json\/wp\/v2\/comments?post=17273"}],"version-history":[{"count":0,"href":"http:\/\/argentinamunicipal.com.ar\/argentina\/wp-json\/wp\/v2\/posts\/17273\/revisions"}],"wp:featuredmedia":[{"embeddable":true,"href":"http:\/\/argentinamunicipal.com.ar\/argentina\/wp-json\/wp\/v2\/media\/17274"}],"wp:attachment":[{"href":"http:\/\/argentinamunicipal.com.ar\/argentina\/wp-json\/wp\/v2\/media?parent=17273"}],"wp:term":[{"taxonomy":"category","embeddable":true,"href":"http:\/\/argentinamunicipal.com.ar\/argentina\/wp-json\/wp\/v2\/categories?post=17273"},{"taxonomy":"post_tag","embeddable":true,"href":"http:\/\/argentinamunicipal.com.ar\/argentina\/wp-json\/wp\/v2\/tags?post=17273"}],"curies":[{"name":"wp","href":"https:\/\/api.w.org\/{rel}","templated":true}]}}