{"id":17345,"date":"2014-10-27T08:29:35","date_gmt":"2014-10-27T11:29:35","guid":{"rendered":"http:\/\/argentinamunicipal.com.ar\/argentina\/?p=17345"},"modified":"2014-10-27T08:29:35","modified_gmt":"2014-10-27T11:29:35","slug":"rousseff-fue-reelecta-y-gobernara-brasil-hasta-2019","status":"publish","type":"post","link":"http:\/\/argentinamunicipal.com.ar\/argentina\/rousseff-fue-reelecta-y-gobernara-brasil-hasta-2019\/","title":{"rendered":"Rousseff fue reelecta y gobernar\u00e1 Brasil hasta 2019"},"content":{"rendered":"<p><a href=\"http:\/\/argentinamunicipal.com.ar\/argentina\/wp-content\/uploads\/2014\/10\/103063_internacionales.jpg\"><img loading=\"lazy\" decoding=\"async\" class=\"alignleft size-full wp-image-17346\" src=\"http:\/\/argentinamunicipal.com.ar\/argentina\/wp-content\/uploads\/2014\/10\/103063_internacionales.jpg\" alt=\"103063_internacionales\" width=\"544\" height=\"293\" srcset=\"http:\/\/argentinamunicipal.com.ar\/argentina\/wp-content\/uploads\/2014\/10\/103063_internacionales.jpg 544w, http:\/\/argentinamunicipal.com.ar\/argentina\/wp-content\/uploads\/2014\/10\/103063_internacionales-300x161.jpg 300w\" sizes=\"auto, (max-width: 544px) 100vw, 544px\" \/><\/a>La presidenta brasile\u00f1a se impuso en el balotaje al socialdem\u00f3crata A\u00e9cio Neves. Con el 99% escrutado, la mandataria obtuvo el triunfo con el 51,02% de los votos v\u00e1lidos contra el 48,36% de su rival.<\/p>\n<p>La reelecta presidenta de Brasil prometi\u00f3 que dialogar\u00e1 con la oposici\u00f3n, impulsar\u00e1 una reforma pol\u00edtica a la que intentar\u00e1 convalidar mediante una consulta popular y tendr\u00e1 un \u00abcompromiso riguroso con el combate a la corrupci\u00f3n\u00bb durante el per\u00edodo de gobierno 2015-19.<\/p>\n<p>Completado 99,94 por ciento del escrutinio, Rousseff obten\u00eda 54,47 millones de votos (51,64 por ciento de los sufragios v\u00e1lidos) contra 51,02 millones (48,36 por ciento) del retador socialdem\u00f3crata A\u00e9cio Neves, con una tasa de abstenci\u00f3n de 21,09 por ciento, seg\u00fan exhib\u00eda el Tribunal Superior Electoral (TSE) en su sitio web.<\/p>\n<p>Lo ajustado del resultado se reflej\u00f3 en que la diferencia a favor de la jefa del Estado s\u00f3lo fue irreversible una vez que se complet\u00f3 98 por ciento del escrutinio y en que ella se impuso en 15 de los 27 estados brasile\u00f1os, incluido Minas Gerais, donde naci\u00f3 y fue gobernador Neves.<\/p>\n<p>Reformas. En su primer discurso tras ser reelecta, Rousseff reconoci\u00f3 impl\u00edcitamente la virulencia de la campa\u00f1a electoral, al se\u00f1alar que \u00abel calor liberado en la disputa debe ser transformado en energ\u00eda constructiva de un nuevo momento de Brasil\u00bb y llamar a \u00abencontrar puntos en com\u00fan y una primera base de entendimiento para hacer\u00bb al pa\u00eds \u00abavanzar\u00bb.<\/p>\n<p>Aclar\u00f3, de todos modos, que no cre\u00eda que el balotaje \u00abtuviera dividido al pa\u00eds entero\u00bb, sino que \u00absuscit\u00f3 sentimientos contradictorios pero en busca de un \u00fanico objetivo: cambiar el pa\u00eds\u00bb, y subray\u00f3 que durante la campa\u00f1a electoral \u00abla palabra m\u00e1s repetida fue cambio y el tema fue reforma\u00bb.<\/p>\n<p>\u00abMi objetivo es impulsar una reforma pol\u00edtica en el Congreso y debe ser convalidada por la sociedad por medio de una consulta popular\u00bb, indic\u00f3 Rousseff como prioridad para el que ser\u00e1 el cuarto mandato presidencial consecutivo del Partido de los Trabajadores (PT) fundado y liderado por su antecesor en el cargo, Luiz In\u00e1cio Lula da Silva.<\/p>\n<p>\u00abVamos a dar m\u00e1s recursos a la actividad econ\u00f3mica en todos los sectores, en especial al sector industrial; quiero la participaci\u00f3n de todos los sectores productivos y financieros en esta tarea que es responsabilidad de cada uno de nosotros\u00bb, se\u00f1al\u00f3 la jefa del Estado y remarc\u00f3: \u00abTendr\u00e9 un compromiso riguroso en el combate a la corrupci\u00f3n y propondremos cambios en la legislaci\u00f3n para acabar con la impunidad\u00bb.<\/p>\n<p>Reconocimiento de Neves. Rousseff dio su discurso en el comando de campa\u00f1a partidario, en un hotel de Brasilia, una vez que Neves hab\u00eda reconocido el resultado de la elecci\u00f3n, telefoneado a la ganadora y afirmado ante la prensa, en Belo Horizonte, su convicci\u00f3n de que \u00abla mayor de todas las prioridades es unir a Brasil en torno de un proyecto honrado que dignifique a todos los brasile\u00f1os\u00bb.<\/p>\n<p>Elecciones a gobernador. Al margen de la renovaci\u00f3n presidencial, hubo segunda vuelta para escoger a los gobernadores de 14 de los 27 estados, donde los aliados del PT ganaron cinco -incluido R\u00edo de Janeiro- y los opositores se alzaron con nueve, entre ellos Rio Grande do Sul y el distrito federal de Brasilia.<\/p>\n<p>En R\u00edo de Janeiro fue reelecto Luiz Fernando Pez\u00e3o, del Partido del Movimiento Democr\u00e1tico Brasile\u00f1o (PMDB), centrista y principal aliado del PT, al que pertenece, entre otros, el vicepresidente tambi\u00e9n reelecto, Michel Temer.<\/p>\n<p>En Brasilia, donde el candidato del PT qued\u00f3 fuera de carrera en la primera vuelta, el senador socialista Rodrigo Rollemberg, con el apoyo de la ex candidata presidencial extrapartidaria de su sector, Marina Silva, y del propio Neves, aventaj\u00f3 al conservador Jofran Freijat y suceder\u00e1 al petista Agnelo Queiroz.<\/p>\n<p>Por otra parte, en Rio Grande do Sul, cuyo electorado es tradicionalmente opuesto a las reelecciones, el actual gobernador, el petista Tarso Genro, le dejar\u00e1 su lugar a Jos\u00e9 Ivo Sartori, del PMDB, que lo derrot\u00f3 con 61,21 contra 38,79 por ciento de los votos.<\/p>\n<h6>Fuente: InfoRegi\u00f3n<\/h6>\n","protected":false},"excerpt":{"rendered":"<p>La presidenta brasile\u00f1a se impuso en el balotaje al socialdem\u00f3crata A\u00e9cio Neves. Con el 99% escrutado, la mandataria obtuvo el triunfo con el 51,02% de los votos v\u00e1lidos contra el 48,36% de su rival. La reelecta presidenta de Brasil prometi\u00f3 que dialogar\u00e1 con la oposici\u00f3n, impulsar\u00e1 una reforma pol\u00edtica a la que intentar\u00e1 convalidar mediante<\/p>\n","protected":false},"author":2,"featured_media":17346,"comment_status":"closed","ping_status":"closed","sticky":false,"template":"","format":"standard","meta":{"footnotes":""},"categories":[22],"tags":[57],"class_list":["post-17345","post","type-post","status-publish","format-standard","has-post-thumbnail","hentry","category-el-mundo","tag-el-mundo"],"_links":{"self":[{"href":"http:\/\/argentinamunicipal.com.ar\/argentina\/wp-json\/wp\/v2\/posts\/17345","targetHints":{"allow":["GET"]}}],"collection":[{"href":"http:\/\/argentinamunicipal.com.ar\/argentina\/wp-json\/wp\/v2\/posts"}],"about":[{"href":"http:\/\/argentinamunicipal.com.ar\/argentina\/wp-json\/wp\/v2\/types\/post"}],"author":[{"embeddable":true,"href":"http:\/\/argentinamunicipal.com.ar\/argentina\/wp-json\/wp\/v2\/users\/2"}],"replies":[{"embeddable":true,"href":"http:\/\/argentinamunicipal.com.ar\/argentina\/wp-json\/wp\/v2\/comments?post=17345"}],"version-history":[{"count":0,"href":"http:\/\/argentinamunicipal.com.ar\/argentina\/wp-json\/wp\/v2\/posts\/17345\/revisions"}],"wp:featuredmedia":[{"embeddable":true,"href":"http:\/\/argentinamunicipal.com.ar\/argentina\/wp-json\/wp\/v2\/media\/17346"}],"wp:attachment":[{"href":"http:\/\/argentinamunicipal.com.ar\/argentina\/wp-json\/wp\/v2\/media?parent=17345"}],"wp:term":[{"taxonomy":"category","embeddable":true,"href":"http:\/\/argentinamunicipal.com.ar\/argentina\/wp-json\/wp\/v2\/categories?post=17345"},{"taxonomy":"post_tag","embeddable":true,"href":"http:\/\/argentinamunicipal.com.ar\/argentina\/wp-json\/wp\/v2\/tags?post=17345"}],"curies":[{"name":"wp","href":"https:\/\/api.w.org\/{rel}","templated":true}]}}