{"id":17370,"date":"2014-10-27T08:58:37","date_gmt":"2014-10-27T11:58:37","guid":{"rendered":"http:\/\/argentinamunicipal.com.ar\/argentina\/?p=17370"},"modified":"2014-10-27T08:58:37","modified_gmt":"2014-10-27T11:58:37","slug":"municipio-piquense-creo-la-primera-sala-de-produccion-comunitaria","status":"publish","type":"post","link":"http:\/\/argentinamunicipal.com.ar\/argentina\/municipio-piquense-creo-la-primera-sala-de-produccion-comunitaria\/","title":{"rendered":"Municipio piquense cre\u00f3 la primera sala de producci\u00f3n comunitaria"},"content":{"rendered":"<p><a href=\"http:\/\/argentinamunicipal.com.ar\/argentina\/wp-content\/uploads\/2014\/10\/DSC_0324.jpg\"><img loading=\"lazy\" decoding=\"async\" class=\"aligncenter size-full wp-image-17371\" src=\"http:\/\/argentinamunicipal.com.ar\/argentina\/wp-content\/uploads\/2014\/10\/DSC_0324.jpg\" alt=\"DSC_0324\" width=\"650\" height=\"430\" srcset=\"http:\/\/argentinamunicipal.com.ar\/argentina\/wp-content\/uploads\/2014\/10\/DSC_0324.jpg 650w, http:\/\/argentinamunicipal.com.ar\/argentina\/wp-content\/uploads\/2014\/10\/DSC_0324-300x198.jpg 300w\" sizes=\"auto, (max-width: 650px) 100vw, 650px\" \/><\/a><br \/>\nLa comuna adquiri\u00f3 un \u201cautoclave\u201d, \u00fanico en La Pampa, que permitir\u00e1 producir conservar de forma segura y generar puestos genuinos de trabajo.<\/p>\n<p>El intendente piquense Juan Jos\u00e9 Rainone ayer a la puesta en marcha del nuevo \u201cautoclave\u201d, recientemente adquirido por la Municipalidad de Genera Pico, con financiamiento de Naci\u00f3n. La maquinaria, \u00fanica en La Pampa, permitir\u00e1 a la comuna generar fuentes de trabajo genuino con la elaboraci\u00f3n de conservas para comercializaci\u00f3n, dentro de lo que ser\u00e1 la primera sala de producci\u00f3n comunitaria de la provincia.<\/p>\n<p>La presentaci\u00f3n del nuevo implemento adquirido por el municipio tuvo lugar ayer por la ma\u00f1ana. Adem\u00e1s del jefe comunal, se hizo presente el secretario de Desarrollo Social, Daniel L\u00f3pez; el responsable de \u00c1rea de Tecnolog\u00eda del Instituto Nacional de Tecnolog\u00eda Industrial seccional Mar del Plata, ingeniero Julio Eduardo Bengochea; el ingeniero qu\u00edmico Mart\u00edn Brosi, t\u00e9cnico INTI Mar del Plata; \u00a0la directora de Econom\u00eda Social y Empleo, licenciada Yolanda Carrizo; el titular de la Gerencia de Empleo y Capacitaci\u00f3n Laboral de la Pampa (GECAL), Jos\u00e9 Luis Carluche; la licenciada Lucy Alainez, perteneciente al equipo t\u00e9cnico de la Direcci\u00f3n de Econom\u00eda Social y Empleo; representantes de INTI La Pampa; productores hort\u00edcolas locales y emprendedores locales.<\/p>\n<p>El autoclave fue adquirido por la Municipalidad de General Pico, a trav\u00e9s del financiamiento del Ministerio de la Naci\u00f3n, con participaci\u00f3n de la GECAL. La maquinaria va a permitir dar inicio a la \u201cSala de Elaboraci\u00f3n de Conservas\u201d, donde la puesta en marcha y adecuaci\u00f3n est\u00e1 a cargo del municipio local.<\/p>\n<p>Los t\u00e9cnicos realizaron durante la semana la supervisi\u00f3n de la instalaci\u00f3n y la capacitaci\u00f3n para los futuros operarios.<\/p>\n<p>El ingeniero Bengochea explic\u00f3 que \u201cel Autoclave es un equipo sencillo de sofisticaci\u00f3n t\u00e9cnica que permite elaborar conservas en forma segura\u201d, e indic\u00f3 que \u201cno hay muchos equipos de \u00e9stas caracter\u00edsticas, \u00e9ste es el n\u00famero 30 en el pa\u00eds y el \u00fanico aqu\u00ed en La Pampa\u201d. Adem\u00e1s destac\u00f3 que \u201ces la \u00fanica sala de producci\u00f3n comunitaria de la provincia\u201d.<\/p>\n<p>\u201cEl hecho de que un municipio se aboque al esfuerzo financiero y t\u00e9cnico de armar una sala de elaboraci\u00f3n de conservas comunitaria para que la gente comience a trabajar dentro de la formalidad es realmente interesante\u201d, destac\u00f3 el responsable de \u00c1rea de Tecnolog\u00eda de INTI Mar del Plata.<\/p>\n<p>La adquisici\u00f3n de este implemento, que permitir\u00e1 la comercializaci\u00f3n de conservas, forma parte de las acciones que desarrolla la Municipalidad de General Pico buscando el desarrollo productivo local y acompa\u00f1ando e impulsando a los emprendedores de la ciudad.<\/p>\n<h6>Fuente: El Diario de La Pampa<\/h6>\n","protected":false},"excerpt":{"rendered":"<p>La comuna adquiri\u00f3 un \u201cautoclave\u201d, \u00fanico en La Pampa, que permitir\u00e1 producir conservar de forma segura y generar puestos genuinos de trabajo. El intendente piquense Juan Jos\u00e9 Rainone ayer a la puesta en marcha del nuevo \u201cautoclave\u201d, recientemente adquirido por la Municipalidad de Genera Pico, con financiamiento de Naci\u00f3n. La maquinaria, \u00fanica en La Pampa,<\/p>\n","protected":false},"author":2,"featured_media":17371,"comment_status":"closed","ping_status":"closed","sticky":false,"template":"","format":"standard","meta":{"footnotes":""},"categories":[2],"tags":[42],"class_list":["post-17370","post","type-post","status-publish","format-standard","has-post-thumbnail","hentry","category-informe-municipal","tag-la-pampa"],"_links":{"self":[{"href":"http:\/\/argentinamunicipal.com.ar\/argentina\/wp-json\/wp\/v2\/posts\/17370","targetHints":{"allow":["GET"]}}],"collection":[{"href":"http:\/\/argentinamunicipal.com.ar\/argentina\/wp-json\/wp\/v2\/posts"}],"about":[{"href":"http:\/\/argentinamunicipal.com.ar\/argentina\/wp-json\/wp\/v2\/types\/post"}],"author":[{"embeddable":true,"href":"http:\/\/argentinamunicipal.com.ar\/argentina\/wp-json\/wp\/v2\/users\/2"}],"replies":[{"embeddable":true,"href":"http:\/\/argentinamunicipal.com.ar\/argentina\/wp-json\/wp\/v2\/comments?post=17370"}],"version-history":[{"count":0,"href":"http:\/\/argentinamunicipal.com.ar\/argentina\/wp-json\/wp\/v2\/posts\/17370\/revisions"}],"wp:featuredmedia":[{"embeddable":true,"href":"http:\/\/argentinamunicipal.com.ar\/argentina\/wp-json\/wp\/v2\/media\/17371"}],"wp:attachment":[{"href":"http:\/\/argentinamunicipal.com.ar\/argentina\/wp-json\/wp\/v2\/media?parent=17370"}],"wp:term":[{"taxonomy":"category","embeddable":true,"href":"http:\/\/argentinamunicipal.com.ar\/argentina\/wp-json\/wp\/v2\/categories?post=17370"},{"taxonomy":"post_tag","embeddable":true,"href":"http:\/\/argentinamunicipal.com.ar\/argentina\/wp-json\/wp\/v2\/tags?post=17370"}],"curies":[{"name":"wp","href":"https:\/\/api.w.org\/{rel}","templated":true}]}}