{"id":17402,"date":"2014-10-27T09:48:41","date_gmt":"2014-10-27T12:48:41","guid":{"rendered":"http:\/\/argentinamunicipal.com.ar\/argentina\/?p=17402"},"modified":"2014-10-27T09:48:41","modified_gmt":"2014-10-27T12:48:41","slug":"el-satelite-arsat-1-llego-la-orbita-geoestacionaria","status":"publish","type":"post","link":"http:\/\/argentinamunicipal.com.ar\/argentina\/el-satelite-arsat-1-llego-la-orbita-geoestacionaria\/","title":{"rendered":"El sat\u00e9lite Arsat 1 lleg\u00f3 a la \u00f3rbita geoestacionaria"},"content":{"rendered":"<p><a href=\"http:\/\/argentinamunicipal.com.ar\/argentina\/wp-content\/uploads\/2014\/10\/xfe5d96df824f2f760dd99ab19cca72b9_L.jpg.pagespeed.ic_.W0ln_yLYG9.jpg\"><img loading=\"lazy\" decoding=\"async\" class=\"aligncenter size-full wp-image-17403\" src=\"http:\/\/argentinamunicipal.com.ar\/argentina\/wp-content\/uploads\/2014\/10\/xfe5d96df824f2f760dd99ab19cca72b9_L.jpg.pagespeed.ic_.W0ln_yLYG9.jpg\" alt=\"xfe5d96df824f2f760dd99ab19cca72b9_L.jpg.pagespeed.ic.W0ln_yLYG9\" width=\"660\" height=\"529\" srcset=\"http:\/\/argentinamunicipal.com.ar\/argentina\/wp-content\/uploads\/2014\/10\/xfe5d96df824f2f760dd99ab19cca72b9_L.jpg.pagespeed.ic_.W0ln_yLYG9.jpg 660w, http:\/\/argentinamunicipal.com.ar\/argentina\/wp-content\/uploads\/2014\/10\/xfe5d96df824f2f760dd99ab19cca72b9_L.jpg.pagespeed.ic_.W0ln_yLYG9-300x240.jpg 300w\" sizes=\"auto, (max-width: 660px) 100vw, 660px\" \/><\/a><br \/>\nLa Estaci\u00f3n Terrena Benav\u00eddez dirigi\u00f3 con \u00e9xito la \u00faltima de las cinco maniobras de apogeo (AMF, por las siglas en ingl\u00e9s de Apogee Manouver Firing) que llevaron al primer sat\u00e9lite de telecomunicaciones argentino a la \u00f3rbita.<\/p>\n<p>Mientras que al principio el Arsat-1 se desplazaba en una \u00f3rbita de 250 kil\u00f3metros de perigeo (el punto m\u00e1s bajo) y casi 36.000 de apogeo (el punto m\u00e1s alto), actualmente lo hace en una \u00f3rbita cuya altitud en todos los puntos ronda los 35.736 kil\u00f3metros sobre el nivel del mar, detallaron en un comunicado.<\/p>\n<p>Las AMF fueron precedidas por procedimientos de preparaci\u00f3n, incluido el posicionamiento del sat\u00e9lite (que regularmente se encuentra orientado al Sol) en la direcci\u00f3n en que debe acelerado. Lo central de estas maniobras, que fueron cinco y se realizaron los d\u00edas 18, 20, 22, 24 y 25 de este mes, consisti\u00f3 en la activaci\u00f3n del motor principal del sat\u00e9lite en momentos de hallarse en el punto m\u00e1s alto de una \u00f3rbita, lo que le permiti\u00f3 adquirir otras m\u00e1s altas y m\u00e1s circulares.<\/p>\n<p>Las tres primeras maniobras, explicaron, fueron m\u00e1s largas que las dos \u00faltimas, orientadas a hacer una adquisici\u00f3n fina y final de la \u00f3rbita geoestacionaria.<\/p>\n<p>Mientras que la primera maniobra de encendido del motor de apogeo del Arsat-1 (que se realiz\u00f3 a dos d\u00edas del lanzamiento) dur\u00f3 casi una hora, las \u00faltimas finalizaron apenas unos minutos despu\u00e9s de iniciadas: la cuarta comenz\u00f3 este s\u00e1bado a las 13.10 y concluy\u00f3 las 13.13 y la quinta inici\u00f3 hoy a las 11.51 y culmin\u00f3 11.56, cinco minutos despu\u00e9s, precisaron.<\/p>\n<p>La \u00f3rbita, casi circular, est\u00e1 ubicada en el plano ecuatorial, a 35.736 kil\u00f3metros de distancia de la Tierra y de ahora la estaci\u00f3n de Benav\u00eddez ser\u00e1 el \u00fanico telepuerto controlante del Arsat-1<br \/>\nLa estaci\u00f3n de Benav\u00eddez, que cont\u00f3 desde el lanzamiento del sat\u00e9lite con la colaboraci\u00f3n de estaciones terrenas de otras latitudes, tuvo a cargo de direcci\u00f3n de las cinco maniobras de AMF. El Ministerio destac\u00f3 \u00abla calidad\u00bb de ese trabajo \u00aben cuanto a precisi\u00f3n en las operaciones y el seguimiento\u00bb y \u00abel excelente funcionamiento del software de control interno del sat\u00e9lite, que en el caso del integrado al Arsat-1 es un desarrollo argentino\u00bb.<\/p>\n<p>La etapa de AMF finaliz\u00f3 al alcanzar el sat\u00e9lite la \u00f3rbita geoestacionaria, que es casi circular, se desplaza en el mismo sentido en que rota la Tierra y tiene un per\u00edodo orbital igual al per\u00edodo de rotaci\u00f3n de nuestro planeta, lo que hace que el control actual que tiene la estaci\u00f3n Benav\u00eddez \u00abpueda ser permanente\u00bb.<\/p>\n<p>Los siguientes pasos del Arsat-1\u00a0en el espacio incluyen la apertura completa de los paneles solares y de la antena reflectora con la que se brindar\u00e1n los servicios.<\/p>\n<p>Mat\u00edas Bianchi, presidente de Arsat, dijo que con las operaciones de este domingo culmin\u00f3 \u00abuna etapa m\u00e1s del gran desaf\u00edo de tener un sat\u00e9lite argentino brindando servicios de telecomunicaciones al pa\u00eds\u00bb.<\/p>\n<p>\u00abNo solo logramos desarrollar en la Argentina nuestro primer sat\u00e9lite GEO, sino que tambi\u00e9n conseguimos llegar a \u00f3rbita geoestacionaria mediante operaciones que por primera vez dirige un pa\u00eds latinoamericano. En ARSAT nos hemos preparado mucho para esto y estamos muy conformes con los logros obtenidos hasta el momento\u00bb, afirm\u00f3.<\/p>\n<p>Bianchi felicit\u00f3 \u00aba los equipos t\u00e9cnicos\u00bb que colocaron al sat\u00e9lite en su \u00f3rbita y se\u00f1al\u00f3 que ahora aguardan \u00abnuevos retos\u00bb, mientras gestionan ante la Uni\u00f3n Internacional de Telecomunicaciones la obtenci\u00f3n de nuevas posiciones orbitales para la Argentina.<\/p>\n<p>Cada paso \u00abnos compromete a\u00fan m\u00e1s con la pol\u00edtica de soberan\u00eda satelital de los gobiernos de N\u00e9stor y Cristina Kirchner, que han evidenciado una mirada de largo plazo sobre las\u00a0telecomunicaciones, el desarrollo de la industria espacial argentina y la reducci\u00f3n de la brecha digital. Nada de todo esto ser\u00eda posible sin la fuerte inversi\u00f3n del Ministerio de Planificaci\u00f3n\u00bb, sostuvo.<\/p>\n<p>El Sistema Satelital Geoestacionario Argentino de Telecomunicaciones -del que el Arsat 1 es el primero-, implica el dise\u00f1o y fabricaci\u00f3n de tres sat\u00e9lites propios y su puesta en \u00f3rbita y\u00a0operaci\u00f3n, para incrementar las capacidades del pa\u00eds en la materia, defender las posiciones\u00a0orbitales asignadas al pa\u00eds e impulsar el desarrollo de la industria espacial.<\/p>\n<p>El dise\u00f1o de la huella del Arsat-1, que concentra su potencia m\u00e1xima sobre el territorio nacional \u2013incluyendo las bases ant\u00e1rticas e Islas Malvinas\u2013 permitir\u00e1 brindar conectividad de igual calidad a todas las regiones del pa\u00eds, lo que lo enmarca en las pol\u00edticas p\u00fablicas para reducir la brecha digital.<\/p>\n<p>Arsat, la empresa estatal creada en 2006 para desarrollar ese sistema, actualmente est\u00e1 a cargo de otros importantes proyectos de telecomunicaciones. El 98% de sus acciones -indica el comunicado- pertenecen al Ministerio de Planificaci\u00f3n, Inversi\u00f3n P\u00fablica y Servicios, y el 2% restante al de Econom\u00eda y Finanzas P\u00fablicas.<\/p>\n<h6>Fuente: T\u00e9lam<\/h6>\n","protected":false},"excerpt":{"rendered":"<p>La Estaci\u00f3n Terrena Benav\u00eddez dirigi\u00f3 con \u00e9xito la \u00faltima de las cinco maniobras de apogeo (AMF, por las siglas en ingl\u00e9s de Apogee Manouver Firing) que llevaron al primer sat\u00e9lite de telecomunicaciones argentino a la \u00f3rbita. Mientras que al principio el Arsat-1 se desplazaba en una \u00f3rbita de 250 kil\u00f3metros de perigeo (el punto m\u00e1s<\/p>\n","protected":false},"author":2,"featured_media":17403,"comment_status":"closed","ping_status":"closed","sticky":false,"template":"","format":"standard","meta":{"footnotes":""},"categories":[8],"tags":[21],"class_list":["post-17402","post","type-post","status-publish","format-standard","has-post-thumbnail","hentry","category-informe-nacional","tag-argentina"],"_links":{"self":[{"href":"http:\/\/argentinamunicipal.com.ar\/argentina\/wp-json\/wp\/v2\/posts\/17402","targetHints":{"allow":["GET"]}}],"collection":[{"href":"http:\/\/argentinamunicipal.com.ar\/argentina\/wp-json\/wp\/v2\/posts"}],"about":[{"href":"http:\/\/argentinamunicipal.com.ar\/argentina\/wp-json\/wp\/v2\/types\/post"}],"author":[{"embeddable":true,"href":"http:\/\/argentinamunicipal.com.ar\/argentina\/wp-json\/wp\/v2\/users\/2"}],"replies":[{"embeddable":true,"href":"http:\/\/argentinamunicipal.com.ar\/argentina\/wp-json\/wp\/v2\/comments?post=17402"}],"version-history":[{"count":0,"href":"http:\/\/argentinamunicipal.com.ar\/argentina\/wp-json\/wp\/v2\/posts\/17402\/revisions"}],"wp:featuredmedia":[{"embeddable":true,"href":"http:\/\/argentinamunicipal.com.ar\/argentina\/wp-json\/wp\/v2\/media\/17403"}],"wp:attachment":[{"href":"http:\/\/argentinamunicipal.com.ar\/argentina\/wp-json\/wp\/v2\/media?parent=17402"}],"wp:term":[{"taxonomy":"category","embeddable":true,"href":"http:\/\/argentinamunicipal.com.ar\/argentina\/wp-json\/wp\/v2\/categories?post=17402"},{"taxonomy":"post_tag","embeddable":true,"href":"http:\/\/argentinamunicipal.com.ar\/argentina\/wp-json\/wp\/v2\/tags?post=17402"}],"curies":[{"name":"wp","href":"https:\/\/api.w.org\/{rel}","templated":true}]}}