{"id":1743,"date":"2014-02-21T09:40:32","date_gmt":"2014-02-21T12:40:32","guid":{"rendered":"http:\/\/argentinamunicipal.com.ar\/argentina\/?p=1743"},"modified":"2014-02-21T11:43:16","modified_gmt":"2014-02-21T14:43:16","slug":"en-rafaela-se-realizo-capacitacion-para-gobiernos-locales","status":"publish","type":"post","link":"http:\/\/argentinamunicipal.com.ar\/argentina\/en-rafaela-se-realizo-capacitacion-para-gobiernos-locales\/","title":{"rendered":"En Rafaela se realiz\u00f3 capacitaci\u00f3n para Gobiernos Locales"},"content":{"rendered":"<div id=\"attachment_1744\" style=\"width: 960px\" class=\"wp-caption aligncenter\"><a href=\"http:\/\/argentinamunicipal.com.ar\/argentina\/wp-content\/uploads\/2014\/02\/10379-0000.jpg\"><img loading=\"lazy\" decoding=\"async\" aria-describedby=\"caption-attachment-1744\" class=\"size-full wp-image-1744\" alt=\"OMAR MART\u00cdNEZ DIRIGI\u00c9NDOSE A LOS PRESENTES.\" src=\"http:\/\/argentinamunicipal.com.ar\/argentina\/wp-content\/uploads\/2014\/02\/10379-0000.jpg\" width=\"950\" height=\"648\" srcset=\"http:\/\/argentinamunicipal.com.ar\/argentina\/wp-content\/uploads\/2014\/02\/10379-0000.jpg 950w, http:\/\/argentinamunicipal.com.ar\/argentina\/wp-content\/uploads\/2014\/02\/10379-0000-300x204.jpg 300w\" sizes=\"auto, (max-width: 950px) 100vw, 950px\" \/><\/a><p id=\"caption-attachment-1744\" class=\"wp-caption-text\">OMAR MART\u00cdNEZ DIRIGI\u00c9NDOSE A LOS PRESENTES.<\/p><\/div>\n<p>El encuentro se llev\u00f3 a cabo en el Centro C\u00edvico del Nodo y fue presidido por su m\u00e1xima autoridad, Prof. Omar Mart\u00ednez, con asistencia de funcionarios de distintas \u00e1reas gubernamentales. Satisfacci\u00f3n de los organizadores por la respuesta: \u00absi bien est\u00e1 pensado para autoridades reci\u00e9n electas, hemos visto otras que hace tiempo que gestionan, habla a las claras de la necesidad de aprovechar las herramientas que este programa brinda\u00bb, concluyeron.<\/p>\n<p>El evento cont\u00f3 con la presencia de 100 representantes de comunas y municipios de los departamentos Castellanos, San Crist\u00f3bal, 9 de Julio y San Mart\u00edn. La capacitaci\u00f3n se realiz\u00f3 en el Centro C\u00edvico de nuestra ciudad y cont\u00f3 con la presencia de Maita Norman, coordinadora del programa Gobiern@ Escuela de Municipios y Comunas, Omar Mart\u00ednez, coordinador del Nodo Rafaela, Ethel Mustaf\u00e1, directora de asesoramiento jur\u00eddico, Cristian Edsberg, director de Asesoramiento Financiero y Tributario de la Secretar\u00eda de Regiones y Municipios y Pablo Garb\u00e1n, de la Secretar\u00eda de Hacienda del Ministerio de Econom\u00eda, adem\u00e1s de presidentes comunales, concejales e intendentes de distintas localidades.<\/p>\n<p>En esta oportunidad, se trabaj\u00f3 en base a dos m\u00f3dulos de trabajo: asesoramiento sobre Marco Jur\u00eddico e Institucional en municipios y comunas; y asesoramiento tributario y estructura de Financiamiento: obras menores, presupuesto, coparticipaci\u00f3n.<\/p>\n<p>Diario CASTELLANOS dialog\u00f3 con Morgan y Mart\u00ednez quienes realizaron un an\u00e1lisis de la reuni\u00f3n. Mart\u00ednez subray\u00f3 que \u00abGobiern@ apunta a los equipos de trabajo de municipios y comunas.<\/p>\n<p>La idea de este encuentro fue para nuevas autoridades locales, pero se hizo extensiva para los que ya llevan m\u00e1s tiempo de gesti\u00f3n ya que siempre hay cosas que se pueden rescatar\u00bb, y agreg\u00f3 que \u00abhoy vemos un buen marco de autoridades, lo que habla a las claras de la necesidad de aprovechar las herramientas que brinda este tipo de capacitaci\u00f3n\u00bb.<\/p>\n<h2>Gobiern@, Escuela de Municipios y Comunas.<\/h2>\n<p>Por su parte, Morgan subray\u00f3 que el programa es \u00abuna iniciativa que present\u00f3 el Gobernador en noviembre del a\u00f1o pasado. Es un espacio que nace para brindar capacitaci\u00f3n a las autoridades locales y sus equipos en el marco del proceso de reforma del Estado que viene llevando adelante el Gobierno provincial\u00bb. La funcionaria coment\u00f3 que \u00ab\u00e9sta es la primera actividad formal de Gobiern@.<\/p>\n<p>Esta capacitaci\u00f3n que ven\u00edamos realizando en a\u00f1os anteriores la encuadramos dentro del programa\u00bb. Esta ronda de capacitaci\u00f3n comenz\u00f3 en Reconquista, sigui\u00f3 en Santa Fe, Rosario, Rafaela y m\u00e1s tarde en Venado Tuerto. En el segundo semestre se realizar\u00e1 otra ronda de capacitaci\u00f3n donde se abordar\u00e1n otras tem\u00e1ticas.<\/p>\n<h2>Especializaci\u00f3n en innovaci\u00f3n y gesti\u00f3n.<\/h2>\n<p>El programa provincial Gobiern@ inscribe hasta el 6 de marzo a autoridades, personal pol\u00edtico y de planta de los gobiernos locales interesados en realizar la Especializaci\u00f3n en Innovaci\u00f3n y Gesti\u00f3n Local.<\/p>\n<p>Al respecto, Morgan sostuvo que \u00ab\u00e9sta es la primera apuesta fuerte de Gobiern@. Es una especializaci\u00f3n que hacemos en conjunto con el Centro Latinoamericano de Estudios Locales que consta de diez encuentros: seis virtuales y 4 presenciales\u00bb, y estar\u00e1n a cargo de especialistas nacionales e internacionales.<\/p>\n<p>La inscripci\u00f3n se realiza a trav\u00e9s de www.santafe.gov.ar.<br \/>\nPor \u00faltimo, Mart\u00ednez agradeci\u00f3 a \u00abtodos los que han concurrido a esta capacitaci\u00f3n, muchos han hecho muchos kil\u00f3metros para estar aqu\u00ed y a todo el equipo del Nodo que se ha movido mucho para que este encuentro sea un \u00e9xito\u00bb.<\/p>\n<h6>Fuente: Diario Castellanos<\/h6>\n","protected":false},"excerpt":{"rendered":"<p>El encuentro se llev\u00f3 a cabo en el Centro C\u00edvico del Nodo y fue presidido por su m\u00e1xima autoridad, Prof. Omar Mart\u00ednez, con asistencia de funcionarios de distintas \u00e1reas gubernamentales. Satisfacci\u00f3n de los organizadores por la respuesta: \u00absi bien est\u00e1 pensado para autoridades reci\u00e9n electas, hemos visto otras que hace tiempo que gestionan, habla a<\/p>\n","protected":false},"author":1,"featured_media":1744,"comment_status":"closed","ping_status":"closed","sticky":false,"template":"","format":"standard","meta":{"footnotes":""},"categories":[2],"tags":[10],"class_list":["post-1743","post","type-post","status-publish","format-standard","has-post-thumbnail","hentry","category-informe-municipal","tag-santa-fe"],"_links":{"self":[{"href":"http:\/\/argentinamunicipal.com.ar\/argentina\/wp-json\/wp\/v2\/posts\/1743","targetHints":{"allow":["GET"]}}],"collection":[{"href":"http:\/\/argentinamunicipal.com.ar\/argentina\/wp-json\/wp\/v2\/posts"}],"about":[{"href":"http:\/\/argentinamunicipal.com.ar\/argentina\/wp-json\/wp\/v2\/types\/post"}],"author":[{"embeddable":true,"href":"http:\/\/argentinamunicipal.com.ar\/argentina\/wp-json\/wp\/v2\/users\/1"}],"replies":[{"embeddable":true,"href":"http:\/\/argentinamunicipal.com.ar\/argentina\/wp-json\/wp\/v2\/comments?post=1743"}],"version-history":[{"count":0,"href":"http:\/\/argentinamunicipal.com.ar\/argentina\/wp-json\/wp\/v2\/posts\/1743\/revisions"}],"wp:featuredmedia":[{"embeddable":true,"href":"http:\/\/argentinamunicipal.com.ar\/argentina\/wp-json\/wp\/v2\/media\/1744"}],"wp:attachment":[{"href":"http:\/\/argentinamunicipal.com.ar\/argentina\/wp-json\/wp\/v2\/media?parent=1743"}],"wp:term":[{"taxonomy":"category","embeddable":true,"href":"http:\/\/argentinamunicipal.com.ar\/argentina\/wp-json\/wp\/v2\/categories?post=1743"},{"taxonomy":"post_tag","embeddable":true,"href":"http:\/\/argentinamunicipal.com.ar\/argentina\/wp-json\/wp\/v2\/tags?post=1743"}],"curies":[{"name":"wp","href":"https:\/\/api.w.org\/{rel}","templated":true}]}}