{"id":17476,"date":"2014-10-28T08:41:49","date_gmt":"2014-10-28T11:41:49","guid":{"rendered":"http:\/\/argentinamunicipal.com.ar\/argentina\/?p=17476"},"modified":"2014-10-28T08:41:49","modified_gmt":"2014-10-28T11:41:49","slug":"america-latina-saludo-el-triunfo-de-dilma-rousseff","status":"publish","type":"post","link":"http:\/\/argentinamunicipal.com.ar\/argentina\/america-latina-saludo-el-triunfo-de-dilma-rousseff\/","title":{"rendered":"Am\u00e9rica Latina salud\u00f3 el triunfo de Dilma Rousseff"},"content":{"rendered":"<p><a href=\"http:\/\/argentinamunicipal.com.ar\/argentina\/wp-content\/uploads\/2014\/10\/archivo_20141027014702_6422.jpg\"><img loading=\"lazy\" decoding=\"async\" class=\"aligncenter size-full wp-image-17480\" src=\"http:\/\/argentinamunicipal.com.ar\/argentina\/wp-content\/uploads\/2014\/10\/archivo_20141027014702_6422.jpg\" alt=\"archivo_20141027014702_6422\" width=\"672\" height=\"448\" srcset=\"http:\/\/argentinamunicipal.com.ar\/argentina\/wp-content\/uploads\/2014\/10\/archivo_20141027014702_6422.jpg 672w, http:\/\/argentinamunicipal.com.ar\/argentina\/wp-content\/uploads\/2014\/10\/archivo_20141027014702_6422-300x200.jpg 300w\" sizes=\"auto, (max-width: 672px) 100vw, 672px\" \/><\/a><\/p>\n<p>Los pol\u00edticos de Am\u00e9rica Latina saludaron el triunfo a un segundo mandato en Brasil de la presidenta Dilma Rousseff, que ratifica el rumbo integracionista que se viene gestando en la regi\u00f3n.<\/p>\n<p>A trav\u00e9s de las redes sociales mandatarios de Centro y Sur Am\u00e9rica felicitaron a la dirigenta del Partido de los Trabajadores que venci\u00f3 por casi cuatro puntos al socialdem\u00f3crata A\u00e9cio Neves.<\/p>\n<p>El representante de la derecha perdi\u00f3 pese a realizar una millonaria campa\u00f1a y contar con el apoyo de prominentes grupos de poder, la prensa hegem\u00f3nica y hasta el respaldo de Marina Silva, la candidata del Partido Socialista perdedora en la primera ronda.<\/p>\n<p>\u00abGran victoria de la inclusi\u00f3n social y la integraci\u00f3n regional\u00bb, escribi\u00f3 la presidenta argentina, Cristina Fern\u00e1ndez, en su cuenta de Twitter, mientras Rafael Correa, de Ecuador, destac\u00f3: \u00abMaravilloso triunfo de Dilma en Brasil. Nuestro gigante sigue con el Partido de los Trabajadores. Felicitaciones Dilma, Lula, Brasil!!!\u00bb<\/p>\n<p>Por su parte, el estadista venezolano Nicol\u00e1s Maduro resalt\u00f3: \u00abVictoria de Dilma en Brasil\u00bb, Victoria del Pueblo&#8230; Victoria de Lula y su Legado. Victoria de los pueblos de Am\u00e9rica Latina y El Caribe\u00bb.<\/p>\n<p>El dirigente bolivariano afirm\u00f3: \u00abDilma ha vencido la Guerra Sucia y la Mentira\u00bb Pudo m\u00e1s la Verdad de 12 a\u00f1os de un Pueblo que mira al futuro con Esperanza&#8230; Felicitaciones\u00bb.<\/p>\n<p>En otro tuit Maduro recalc\u00f3: \u00abFelicitaciones Dilma por tu Coraje y Valent\u00eda frente a tanta maldad, el pueblo de Brasil no le fall\u00f3 a la Historia. Mil Abrazos de Hermandad\u00bb.<\/p>\n<p>Desde la peque\u00f1a naci\u00f3n centroamericana, El Salvador, su mandatario Salvador S\u00e1nchez escribi\u00f3: \u00abD\u00eda de fiesta en Brasil y Am\u00e9rica Latina: Nuestros pueblos han decidido seguir construyendo su bienestar y felicidad @dilmabr #BrasilDecide\u00bb.<\/p>\n<p>El candidato del Frente Amplio en Uruguay, Tabar\u00e9 V\u00e1zquez, quien tambi\u00e9n lucha en las elecciones en su pa\u00eds transmiti\u00f3: \u00abLlegan buenas noticias de Brasil compa\u00f1eros! Victoria para Dilma!\u00bb.<\/p>\n<p>\u00abMucha alegr\u00eda por este triunfo de @dilmabr. Felicitaciones a ella, a Lula, al PT y a todo Brasil por seguir avanzando\u00bb, escribi\u00f3 el gobernador de la provincia argentina de Entre R\u00edos, Sergio Urribari, uno de los candidatos del oficialismo en Argentina para las elecciones del 2015. El exsenador y actual secretario para los Asuntos Relativos a las Malvinas, Daniel Filmus, opin\u00f3: \u00abGrande Dilma, Lula y el PT: Seguimos transformando A Latina\u00bb.<\/p>\n<p>La embajadora argentina ante la OEA, Nilda Garr\u00e9, consider\u00f3 que ese triunfo es \u00abuna muy buena noticia para la continuidad del esfuerzo popular latinoamericano\u00bb, mientras para el diputado Carlos Heller es una victoria \u00abpara consolidar la unidad latinoamericana\u00bb.<\/p>\n<p>En respuesta a las m\u00faltiples muestras de simpat\u00eda y felicitaciones, Rousseff respondi\u00f3 en @dilmabr: \u00abMuito obrigada\u00bb.<\/p>\n<pre>Fuentes: Agencia de Noticias ANSUR<\/pre>\n","protected":false},"excerpt":{"rendered":"<p>Los pol\u00edticos de Am\u00e9rica Latina saludaron el triunfo a un segundo mandato en Brasil de la presidenta Dilma Rousseff, que ratifica el rumbo integracionista que se viene gestando en la regi\u00f3n. A trav\u00e9s de las redes sociales mandatarios de Centro y Sur Am\u00e9rica felicitaron a la dirigenta del Partido de los Trabajadores que venci\u00f3 por<\/p>\n","protected":false},"author":1,"featured_media":17480,"comment_status":"closed","ping_status":"closed","sticky":false,"template":"","format":"standard","meta":{"footnotes":""},"categories":[22],"tags":[],"class_list":["post-17476","post","type-post","status-publish","format-standard","has-post-thumbnail","hentry","category-el-mundo"],"_links":{"self":[{"href":"http:\/\/argentinamunicipal.com.ar\/argentina\/wp-json\/wp\/v2\/posts\/17476","targetHints":{"allow":["GET"]}}],"collection":[{"href":"http:\/\/argentinamunicipal.com.ar\/argentina\/wp-json\/wp\/v2\/posts"}],"about":[{"href":"http:\/\/argentinamunicipal.com.ar\/argentina\/wp-json\/wp\/v2\/types\/post"}],"author":[{"embeddable":true,"href":"http:\/\/argentinamunicipal.com.ar\/argentina\/wp-json\/wp\/v2\/users\/1"}],"replies":[{"embeddable":true,"href":"http:\/\/argentinamunicipal.com.ar\/argentina\/wp-json\/wp\/v2\/comments?post=17476"}],"version-history":[{"count":0,"href":"http:\/\/argentinamunicipal.com.ar\/argentina\/wp-json\/wp\/v2\/posts\/17476\/revisions"}],"wp:featuredmedia":[{"embeddable":true,"href":"http:\/\/argentinamunicipal.com.ar\/argentina\/wp-json\/wp\/v2\/media\/17480"}],"wp:attachment":[{"href":"http:\/\/argentinamunicipal.com.ar\/argentina\/wp-json\/wp\/v2\/media?parent=17476"}],"wp:term":[{"taxonomy":"category","embeddable":true,"href":"http:\/\/argentinamunicipal.com.ar\/argentina\/wp-json\/wp\/v2\/categories?post=17476"},{"taxonomy":"post_tag","embeddable":true,"href":"http:\/\/argentinamunicipal.com.ar\/argentina\/wp-json\/wp\/v2\/tags?post=17476"}],"curies":[{"name":"wp","href":"https:\/\/api.w.org\/{rel}","templated":true}]}}