{"id":17479,"date":"2014-10-28T08:00:17","date_gmt":"2014-10-28T11:00:17","guid":{"rendered":"http:\/\/argentinamunicipal.com.ar\/argentina\/?p=17479"},"modified":"2014-10-28T08:45:00","modified_gmt":"2014-10-28T11:45:00","slug":"los-premios-nobel-de-la-paz-presionan-obama","status":"publish","type":"post","link":"http:\/\/argentinamunicipal.com.ar\/argentina\/los-premios-nobel-de-la-paz-presionan-obama\/","title":{"rendered":"Los Premios Nobel de la Paz presionan a Obama"},"content":{"rendered":"<p><a href=\"http:\/\/argentinamunicipal.com.ar\/argentina\/wp-content\/uploads\/2014\/10\/obama-AP_1.jpg\"><img loading=\"lazy\" decoding=\"async\" class=\"aligncenter size-full wp-image-17483\" src=\"http:\/\/argentinamunicipal.com.ar\/argentina\/wp-content\/uploads\/2014\/10\/obama-AP_1.jpg\" alt=\"obama AP_1\" width=\"605\" height=\"328\" srcset=\"http:\/\/argentinamunicipal.com.ar\/argentina\/wp-content\/uploads\/2014\/10\/obama-AP_1.jpg 605w, http:\/\/argentinamunicipal.com.ar\/argentina\/wp-content\/uploads\/2014\/10\/obama-AP_1-300x162.jpg 300w\" sizes=\"auto, (max-width: 605px) 100vw, 605px\" \/><\/a><\/p>\n<p>Los laureados, entre ellos Adolfo P\u00e9rez Esquivel, exigen al presidente que revele el uso y el alcance de la tortura en los Estados Unidos.<\/p>\n<p>Una docena de ganadores del Premio Nobel de la Paz, entre ellos el argentino Adolfo P\u00e9rez Esquivel, exigieron al presidente Barack Obama que \u00abrevele completamente a los estadounidenses el uso y el alcance de la tortura\u00bb cometida por los Estados Unidos, incluyendo los abusos de la CIA contra sospechosos de terrorismo tras los ataques del 11 de septiembre de 2001.<\/p>\n<p>Seg\u00fan revel\u00f3 hoy el diario The New York Times, los premiados escribieron una carta a Obama -\u00e9l mismo ganador del Nobel de la paz en 2009-, en la que le reclamaron que debe hacer m\u00e1s para terminar una era en la que Estados Unidos impuso un ejemplo \u00abque puede ser usado para justificar el uso de la tortura por reg\u00edmenes de todo el mundo\u00bb. \u00abResta ver si los Estados Unidos&#8230;tomar\u00e1n los pasos necesarios para recuperar los est\u00e1ndares en los que el pa\u00eds fue fundado y adherir a las convenciones internacionales\u00bb, escribieron los galardonados al presidente.<\/p>\n<p>La carta fue impulsada por dos de los premiados, el arzobispo Desmond Tutu de Sud\u00e1frica y el ex presidente de Timor Este, Jos\u00e9 Ramos Horta. Entre los que suscriben tambi\u00e9n figuran Mohammad El Baradei, de Egipto; Lwymah Gbowee, de Liberia; Muhammad Yunus, de Bangladesh; Oscar Arias S\u00e1nchez, de Costa Rica; John Hume, de Irlanda del Norte; Jody Williams, de EE.UU.; el obispo Carlos X Belo, de Timor Este; Betty Williams, de Irlanda del Norte; Frederik De Klerk, de Sud\u00e1frica y el argentino Adolfo P\u00e9rez Esquivel, premiado en 1980.<\/p>\n<p>El reclamo a Obama se da cuando se debate desclasificar un informe de 480 p\u00e1ginas hecho por el Senado sobre el rol de la CIA en los interrogatorios de sospechosos de terrorismo tras los atentados del 11-S. El reporte, del que se conoce solo su conclusi\u00f3n, afirma que hay pocas evidencias de que las llamadas \u00abt\u00e9cnicas mejoradas de interrogatorio\u00bb &#8211;autorizadas en 2002 y aplicadas en las c\u00e1rceles de Guant\u00e1namo y Abu Ghraib&#8211; ayudaran a conseguir avances en la lucha antiterrorista. La CIA argumenta ante el Comit\u00e9 de Inteligencia del Senado que los seud\u00f3nimos de los esp\u00edas no deben ser revelados porque podr\u00edan llegar a ser identificados. Por eso el reporte estar\u00eda siendo frenado.<\/p>\n<p>Los galardonados tambi\u00e9n le exigen a Obama que respete la Convenci\u00f3n de Ginebra y la Convenci\u00f3n de las Naciones Unidas contra la tortura. El gobierno dem\u00f3crata se debate si suscribir o rechazar la interpretaci\u00f3n de la era Bush, lanzada en 2005, que dec\u00eda que la prohibici\u00f3n de la tortura no se aplica fuera de los Estados Unidos.<\/p>\n<p>Obama ya ha dicho que est\u00e1 en contra de esa intepretaci\u00f3n porque \u00abatenta contra los valores del pa\u00eds\u00bb pero nunca lo plasm\u00f3 oficialmente, algo que deber\u00eda hacer en una presentaci\u00f3n ante las Naciones Unidas el mes que viene. Seg\u00fan revel\u00f3 el Times, hay sectores militares y abogados de inteligencia que se oponen a esta decisi\u00f3n porque dicen que podr\u00eda tener impacto operativos.<\/p>\n<p>En este contexto, los premios Nobel meten presi\u00f3n al gobierno de Obama.<\/p>\n<h6>Fuente: Sin Mordaza<\/h6>\n","protected":false},"excerpt":{"rendered":"<p>Los laureados, entre ellos Adolfo P\u00e9rez Esquivel, exigen al presidente que revele el uso y el alcance de la tortura en los Estados Unidos. Una docena de ganadores del Premio Nobel de la Paz, entre ellos el argentino Adolfo P\u00e9rez Esquivel, exigieron al presidente Barack Obama que \u00abrevele completamente a los estadounidenses el uso y<\/p>\n","protected":false},"author":2,"featured_media":17483,"comment_status":"closed","ping_status":"closed","sticky":false,"template":"","format":"standard","meta":{"footnotes":""},"categories":[22],"tags":[57],"class_list":["post-17479","post","type-post","status-publish","format-standard","has-post-thumbnail","hentry","category-el-mundo","tag-el-mundo"],"_links":{"self":[{"href":"http:\/\/argentinamunicipal.com.ar\/argentina\/wp-json\/wp\/v2\/posts\/17479","targetHints":{"allow":["GET"]}}],"collection":[{"href":"http:\/\/argentinamunicipal.com.ar\/argentina\/wp-json\/wp\/v2\/posts"}],"about":[{"href":"http:\/\/argentinamunicipal.com.ar\/argentina\/wp-json\/wp\/v2\/types\/post"}],"author":[{"embeddable":true,"href":"http:\/\/argentinamunicipal.com.ar\/argentina\/wp-json\/wp\/v2\/users\/2"}],"replies":[{"embeddable":true,"href":"http:\/\/argentinamunicipal.com.ar\/argentina\/wp-json\/wp\/v2\/comments?post=17479"}],"version-history":[{"count":0,"href":"http:\/\/argentinamunicipal.com.ar\/argentina\/wp-json\/wp\/v2\/posts\/17479\/revisions"}],"wp:featuredmedia":[{"embeddable":true,"href":"http:\/\/argentinamunicipal.com.ar\/argentina\/wp-json\/wp\/v2\/media\/17483"}],"wp:attachment":[{"href":"http:\/\/argentinamunicipal.com.ar\/argentina\/wp-json\/wp\/v2\/media?parent=17479"}],"wp:term":[{"taxonomy":"category","embeddable":true,"href":"http:\/\/argentinamunicipal.com.ar\/argentina\/wp-json\/wp\/v2\/categories?post=17479"},{"taxonomy":"post_tag","embeddable":true,"href":"http:\/\/argentinamunicipal.com.ar\/argentina\/wp-json\/wp\/v2\/tags?post=17479"}],"curies":[{"name":"wp","href":"https:\/\/api.w.org\/{rel}","templated":true}]}}