{"id":17490,"date":"2014-10-28T08:54:32","date_gmt":"2014-10-28T11:54:32","guid":{"rendered":"http:\/\/argentinamunicipal.com.ar\/argentina\/?p=17490"},"modified":"2014-10-28T08:54:32","modified_gmt":"2014-10-28T11:54:32","slug":"el-interior-de-neuquen-sumara-600-km-en-redes-de-fibra-optica","status":"publish","type":"post","link":"http:\/\/argentinamunicipal.com.ar\/argentina\/el-interior-de-neuquen-sumara-600-km-en-redes-de-fibra-optica\/","title":{"rendered":"El interior de Neuqu\u00e9n sumar\u00e1 600 km en redes de fibra \u00f3ptica"},"content":{"rendered":"<p><a href=\"http:\/\/argentinamunicipal.com.ar\/argentina\/wp-content\/uploads\/2014\/10\/544ee4825d8355_322x226.70034902.jpg\"><img loading=\"lazy\" decoding=\"async\" class=\"alignleft size-full wp-image-17491\" src=\"http:\/\/argentinamunicipal.com.ar\/argentina\/wp-content\/uploads\/2014\/10\/544ee4825d8355_322x226.70034902.jpg\" alt=\"544ee4825d8355_322x226.70034902\" width=\"322\" height=\"226\" srcset=\"http:\/\/argentinamunicipal.com.ar\/argentina\/wp-content\/uploads\/2014\/10\/544ee4825d8355_322x226.70034902.jpg 322w, http:\/\/argentinamunicipal.com.ar\/argentina\/wp-content\/uploads\/2014\/10\/544ee4825d8355_322x226.70034902-300x210.jpg 300w\" sizes=\"auto, (max-width: 322px) 100vw, 322px\" \/><\/a>La obra se licitar\u00e1 el viernes. Mejorar\u00e1 la conexi\u00f3n a internet y la telefon\u00eda celular.<\/p>\n<p>La red de fibra \u00f3ptica provincial de m\u00e1s de 600 kil\u00f3metros de longitud est\u00e1 cada vez m\u00e1s cerca de concretarse, ya que el pr\u00f3ximo viernes se abrir\u00e1n los sobres de la licitaci\u00f3n p\u00fablica por un monto superior a los $200 millones.<\/p>\n<p>La empresa neuquina Neutics Sapem ser\u00e1 la encargada de dar a conocer las ofertas de las cuatro etapas de la obra en el interior de la provincia, que comprender\u00e1 nodos desde A\u00f1elo, Rinc\u00f3n de los Sauces, Alumin\u00e9 y Loncopu\u00e9, entre otros.<\/p>\n<p>La obra es complementaria a la Red Federal de Fibra \u00d3ptica que actualmente ejecuta la empresa nacional Arsat, en las localidades de la Ruta 22, de Neuqu\u00e9n a Zapala, la 237 hasta Villa La Angostura y la 40 hasta Chos Malal.<\/p>\n<p>El secretario de Gesti\u00f3n P\u00fablica, Rodolfo Laffitte, destac\u00f3 que la obra permitir\u00e1 \u201ca los prestadores de celulares mejorar esta cobertura, llevar a lugares que est\u00e1n en desarrollo comunicaciones acordes a las necesidades, como es toda la zona del departamento A\u00f1elo y de la localidad de<\/p>\n<p>Rinc\u00f3n de los Sauces con el tema del desarrollo de los hidrocarburos\u201d.<\/p>\n<p><strong>Acceso a las tecnolog\u00edas<\/strong><\/p>\n<p>La nueva red de fibra \u00f3ptica permitir\u00e1 acceder a las nuevas tecnolog\u00edas como televisi\u00f3n digital, llevar internet con m\u00e1s ancho de bandas a localidades alejadas, telefon\u00eda IP y tambi\u00e9n televisi\u00f3n por internet a trav\u00e9s de los smart TV.<\/p>\n<p>\u201cEs muy importante para Neuqu\u00e9n y para la Argentina que el Estado haya recuperado un rol protag\u00f3nico frente a los servicios de telecomunicaciones, que en la d\u00e9cada del noventa -por el mercado de las telecomunicaciones- se hab\u00eda perdido. Las empresas buscaban rentabilidad econ\u00f3mica frente a los servicios que prestaban\u201d, expres\u00f3 Laffite.<\/p>\n<p>La obra se realizar\u00e1 luego de que el gobernador Jorge Sapag firmara un convenio con el Ministerio de Planificaci\u00f3n Federal de la Naci\u00f3n, que conduce Julio De Vido.<\/p>\n<p>Laffite indic\u00f3 que\u00a0 primero se abrir\u00e1 el sobre uno. Luego de que la empresa pase la etapa de an\u00e1lisis financiero, econ\u00f3mico y t\u00e9cnico, se formalizar\u00e1 la oferta econ\u00f3mica en la apertura del sobre dos.<\/p>\n<p>\u201cA partir de all\u00ed hay un plazo del orden de los nueve o diez meses de ejecuci\u00f3n de la obra, si no hay ninguna contingencia\u201d, concluy\u00f3.<\/p>\n<h6>Fuente: La Ma\u00f1ana Neuqu\u00e9n<\/h6>\n","protected":false},"excerpt":{"rendered":"<p>La obra se licitar\u00e1 el viernes. Mejorar\u00e1 la conexi\u00f3n a internet y la telefon\u00eda celular. La red de fibra \u00f3ptica provincial de m\u00e1s de 600 kil\u00f3metros de longitud est\u00e1 cada vez m\u00e1s cerca de concretarse, ya que el pr\u00f3ximo viernes se abrir\u00e1n los sobres de la licitaci\u00f3n p\u00fablica por un monto superior a los $200<\/p>\n","protected":false},"author":2,"featured_media":17491,"comment_status":"closed","ping_status":"closed","sticky":false,"template":"","format":"standard","meta":{"footnotes":""},"categories":[2],"tags":[23],"class_list":["post-17490","post","type-post","status-publish","format-standard","has-post-thumbnail","hentry","category-informe-municipal","tag-neuquen"],"_links":{"self":[{"href":"http:\/\/argentinamunicipal.com.ar\/argentina\/wp-json\/wp\/v2\/posts\/17490","targetHints":{"allow":["GET"]}}],"collection":[{"href":"http:\/\/argentinamunicipal.com.ar\/argentina\/wp-json\/wp\/v2\/posts"}],"about":[{"href":"http:\/\/argentinamunicipal.com.ar\/argentina\/wp-json\/wp\/v2\/types\/post"}],"author":[{"embeddable":true,"href":"http:\/\/argentinamunicipal.com.ar\/argentina\/wp-json\/wp\/v2\/users\/2"}],"replies":[{"embeddable":true,"href":"http:\/\/argentinamunicipal.com.ar\/argentina\/wp-json\/wp\/v2\/comments?post=17490"}],"version-history":[{"count":0,"href":"http:\/\/argentinamunicipal.com.ar\/argentina\/wp-json\/wp\/v2\/posts\/17490\/revisions"}],"wp:featuredmedia":[{"embeddable":true,"href":"http:\/\/argentinamunicipal.com.ar\/argentina\/wp-json\/wp\/v2\/media\/17491"}],"wp:attachment":[{"href":"http:\/\/argentinamunicipal.com.ar\/argentina\/wp-json\/wp\/v2\/media?parent=17490"}],"wp:term":[{"taxonomy":"category","embeddable":true,"href":"http:\/\/argentinamunicipal.com.ar\/argentina\/wp-json\/wp\/v2\/categories?post=17490"},{"taxonomy":"post_tag","embeddable":true,"href":"http:\/\/argentinamunicipal.com.ar\/argentina\/wp-json\/wp\/v2\/tags?post=17490"}],"curies":[{"name":"wp","href":"https:\/\/api.w.org\/{rel}","templated":true}]}}