{"id":17508,"date":"2014-10-28T09:39:36","date_gmt":"2014-10-28T12:39:36","guid":{"rendered":"http:\/\/argentinamunicipal.com.ar\/argentina\/?p=17508"},"modified":"2015-04-28T16:15:56","modified_gmt":"2015-04-28T19:15:56","slug":"promueven-en-valle-viejo-la-modalidad-de-escuela-domiciliaria-municipal","status":"publish","type":"post","link":"http:\/\/argentinamunicipal.com.ar\/argentina\/promueven-en-valle-viejo-la-modalidad-de-escuela-domiciliaria-municipal\/","title":{"rendered":"Promueven en Valle Viejo la modalidad de Escuela Domiciliaria Municipal"},"content":{"rendered":"<p><a href=\"http:\/\/argentinamunicipal.com.ar\/argentina\/wp-content\/uploads\/2014\/10\/campint01.jpg\"><img loading=\"lazy\" decoding=\"async\" class=\"aligncenter size-full wp-image-17509\" src=\"http:\/\/argentinamunicipal.com.ar\/argentina\/wp-content\/uploads\/2014\/10\/campint01.jpg\" alt=\"School Supplies on yellow background\" width=\"550\" height=\"360\" srcset=\"http:\/\/argentinamunicipal.com.ar\/argentina\/wp-content\/uploads\/2014\/10\/campint01.jpg 550w, http:\/\/argentinamunicipal.com.ar\/argentina\/wp-content\/uploads\/2014\/10\/campint01-300x196.jpg 300w\" sizes=\"auto, (max-width: 550px) 100vw, 550px\" \/><\/a><br \/>\nLa iniciativa apunta a que el resto de los municipios se sumen e incorporen este tipo de educaci\u00f3n.<\/p>\n<p>La Escuela Hospitalaria N\u00ba 1 del hospital Interzonal de Ni\u00f1os \u00abEva Per\u00f3n\u201d cumplir\u00e1 el pr\u00f3ximo mes 20 a\u00f1os de su creaci\u00f3n, y naci\u00f3 con el objetivo de brindar atenci\u00f3n educativa a los ni\u00f1os que se encuentran en reposo domiciliario por tener problemas de salud y que les impide concurrir a una escuela convencional.<\/p>\n<p>Esta iniciativa intenta ahora repetirse en todos los municipios de la provincia con la modalidad domiciliaria, y fue Valle Viejo el primero en aprobar una norma, autor\u00eda del concejal Remo Fedelli, para la creaci\u00f3n de la primera Escuela Domiciliaria Municipal de la provincia.<\/p>\n<p>La educaci\u00f3n domiciliaria y hospitalaria tiene extenso recorrido hist\u00f3rico en el pa\u00eds; surge en la mayor\u00eda de las provincias dentro del \u00e1mbito hospitalario, intentando paliar los efectos generados por la epidemia de la poliomielitis que afect\u00f3 al pa\u00eds en la d\u00e9cada del 50.<\/p>\n<p>M\u00e1s all\u00e1 de las denominaciones comunes, la modalidad asume caracter\u00edsticas en las distintas jurisdicciones, que responden a diferencias locales.<\/p>\n<p>La Escuela Hospitalaria tuvo su origen en el hospital de Ni\u00f1os en el a\u00f1o 1994, a partir de un proyecto generado desde el Servicio de Infectolog\u00eda, y cont\u00f3 en ese momento con el apoyo de la Direcci\u00f3n Provincial de Educaci\u00f3n, que afecta a tres docentes del interior, con traslado transitorio a la ciudad Capital.<\/p>\n<p>Posteriormente, el profesor Rodolfo Flores logra reflotar el proyecto para la puesta en marcha de la Escuela Hospitalaria. A partir de 2002, a instancias del director del hospital, conjuntamente con el Servicio de Salud Mental, surge como Proyecto de Escuela Hospital con el apoyo del Programa Nacional Plan Trabajar y Provincial Jefes y Jefas de Hogar, quienes proveen el recurso humano de tres profesoras de Nivel EGB y dos estudiantes del \u00faltimo a\u00f1o del Profesorado de Idioma y de Nivel Inicial.<\/p>\n<p>A trav\u00e9s del proyecto \u00abEscolarizaci\u00f3n de Ni\u00f1os y Adolescentes en largo per\u00edodo de Internaci\u00f3n\u00bb se propon\u00eda un trabajo conjunto con la Escuela N\u00ba 491.<\/p>\n<p>Los destinatarios en ese momento fueron pacientes en edad escolar de los servicios de quemados, cirug\u00eda, traumatolog\u00eda y oncolog\u00eda.<\/p>\n<h3>Municipios<\/h3>\n<p>Ahora, a partir de la aprobaci\u00f3n por parte del Concejo Deliberante de Valle Viejo de la Ordenanza \u00abEducaci\u00f3n Domiciliaria y Hospitalaria como modalidad del sistema educativo\u201d en el departamento se dio inicio a una serie de reuniones con los secretarios de Educaci\u00f3n, Salud y Acci\u00f3n Social y el director de Educaci\u00f3n para analizar su inmediata implementaci\u00f3n.<\/p>\n<p>Flores coment\u00f3 que \u00abcada municipio puede tener en su comuna escuelas de este tipo a su cargo. Present\u00e9 muchos proyectos sobre este tema al ministro Jos\u00e9 Ariza, pero no tuvieron eco, nunca le importaron mis aportes\u00bb, sentenci\u00f3.<\/p>\n<h6>Fuente: El Ancasti<\/h6>\n","protected":false},"excerpt":{"rendered":"<p>La iniciativa apunta a que el resto de los municipios se sumen e incorporen este tipo de educaci\u00f3n. La Escuela Hospitalaria N\u00ba 1 del hospital Interzonal de Ni\u00f1os \u00abEva Per\u00f3n\u201d cumplir\u00e1 el pr\u00f3ximo mes 20 a\u00f1os de su creaci\u00f3n, y naci\u00f3 con el objetivo de brindar atenci\u00f3n educativa a los ni\u00f1os que se encuentran en<\/p>\n","protected":false},"author":2,"featured_media":17509,"comment_status":"closed","ping_status":"closed","sticky":false,"template":"","format":"standard","meta":{"footnotes":""},"categories":[2],"tags":[16],"class_list":["post-17508","post","type-post","status-publish","format-standard","has-post-thumbnail","hentry","category-informe-municipal","tag-catamarca"],"_links":{"self":[{"href":"http:\/\/argentinamunicipal.com.ar\/argentina\/wp-json\/wp\/v2\/posts\/17508","targetHints":{"allow":["GET"]}}],"collection":[{"href":"http:\/\/argentinamunicipal.com.ar\/argentina\/wp-json\/wp\/v2\/posts"}],"about":[{"href":"http:\/\/argentinamunicipal.com.ar\/argentina\/wp-json\/wp\/v2\/types\/post"}],"author":[{"embeddable":true,"href":"http:\/\/argentinamunicipal.com.ar\/argentina\/wp-json\/wp\/v2\/users\/2"}],"replies":[{"embeddable":true,"href":"http:\/\/argentinamunicipal.com.ar\/argentina\/wp-json\/wp\/v2\/comments?post=17508"}],"version-history":[{"count":0,"href":"http:\/\/argentinamunicipal.com.ar\/argentina\/wp-json\/wp\/v2\/posts\/17508\/revisions"}],"wp:featuredmedia":[{"embeddable":true,"href":"http:\/\/argentinamunicipal.com.ar\/argentina\/wp-json\/wp\/v2\/media\/17509"}],"wp:attachment":[{"href":"http:\/\/argentinamunicipal.com.ar\/argentina\/wp-json\/wp\/v2\/media?parent=17508"}],"wp:term":[{"taxonomy":"category","embeddable":true,"href":"http:\/\/argentinamunicipal.com.ar\/argentina\/wp-json\/wp\/v2\/categories?post=17508"},{"taxonomy":"post_tag","embeddable":true,"href":"http:\/\/argentinamunicipal.com.ar\/argentina\/wp-json\/wp\/v2\/tags?post=17508"}],"curies":[{"name":"wp","href":"https:\/\/api.w.org\/{rel}","templated":true}]}}