{"id":17523,"date":"2014-11-02T07:03:22","date_gmt":"2014-11-02T10:03:22","guid":{"rendered":"http:\/\/argentinamunicipal.com.ar\/argentina\/?p=17523"},"modified":"2014-10-28T10:16:26","modified_gmt":"2014-10-28T13:16:26","slug":"proyectan-record-de-turistas-extranjeros-en-argentina","status":"publish","type":"post","link":"http:\/\/argentinamunicipal.com.ar\/argentina\/proyectan-record-de-turistas-extranjeros-en-argentina\/","title":{"rendered":"Proyectan r\u00e9cord de turistas extranjeros en Argentina"},"content":{"rendered":"<p><a href=\"http:\/\/argentinamunicipal.com.ar\/argentina\/wp-content\/uploads\/2014\/10\/iguazu_paq_18.jpg\"><img loading=\"lazy\" decoding=\"async\" class=\"aligncenter  wp-image-17525\" src=\"http:\/\/argentinamunicipal.com.ar\/argentina\/wp-content\/uploads\/2014\/10\/iguazu_paq_18.jpg\" alt=\"iguazu_paq_18\" width=\"757\" height=\"495\" srcset=\"http:\/\/argentinamunicipal.com.ar\/argentina\/wp-content\/uploads\/2014\/10\/iguazu_paq_18.jpg 995w, http:\/\/argentinamunicipal.com.ar\/argentina\/wp-content\/uploads\/2014\/10\/iguazu_paq_18-300x196.jpg 300w\" sizes=\"auto, (max-width: 757px) 100vw, 757px\" \/><\/a><br \/>\nLa tendencia permite estimar que superar\u00e1n el r\u00e9cord hist\u00f3rico de 5,7 millones registradas en 2011<\/p>\n<p>El ministro de Turismo de la Naci\u00f3n, Enrique Meyer, dijo este s\u00e1bado que la tendencia que se viene registrando este a\u00f1o preanuncia que, al cierre de 2014, Argentina superar\u00e1 su r\u00e9cord hist\u00f3rico en arribos de turistas extranjeros al pa\u00eds.<\/p>\n<p>\u00abEl acumulado enero-agosto en llegadas de turistas no residentes da cuenta de un incremento interanual del 16 por ciento y se\u00f1ala la consolidaci\u00f3n de un per\u00edodo de m\u00e1s de un a\u00f1o de crecimiento continuo. La proyecci\u00f3n implica un r\u00e9cord que superar\u00eda los 5,7 millones de arribos de 2011\u00bb; subray\u00f3.<\/p>\n<p>Al encabezar la apertura de la Feria Internacional de Turismo y frente a un auditorio repleto de empresarios del sector, Meyer tambi\u00e9n expres\u00f3 su satisfacci\u00f3n por los logros en el plano interno, \u00abtras haber alcanzado en 2013 el m\u00e1ximo acceso de la poblaci\u00f3n argentina al turismo\u00bb.<\/p>\n<p>\u00abEl turismo sigue mostrando su enorme contribuci\u00f3n a las econom\u00edas regionales, generando m\u00e1s puestos de trabajo en sus ramas caracter\u00edsticas\u00bb, puntualiz\u00f3.<\/p>\n<p>Durante la inauguraci\u00f3n, fue le\u00eddo un mensaje enviado por el papa Francisco con motivo de la apertura de la FIT, en el que el pont\u00edfice destac\u00f3 \u00abla importancia de la actividad tur\u00edstica al servicio del hombre y su arm\u00f3nico desarrollo\u00bb.<\/p>\n<h6>Fuente: Sin Mordaza<\/h6>\n","protected":false},"excerpt":{"rendered":"<p>La tendencia permite estimar que superar\u00e1n el r\u00e9cord hist\u00f3rico de 5,7 millones registradas en 2011 El ministro de Turismo de la Naci\u00f3n, Enrique Meyer, dijo este s\u00e1bado que la tendencia que se viene registrando este a\u00f1o preanuncia que, al cierre de 2014, Argentina superar\u00e1 su r\u00e9cord hist\u00f3rico en arribos de turistas extranjeros al pa\u00eds. \u00abEl<\/p>\n","protected":false},"author":2,"featured_media":17525,"comment_status":"closed","ping_status":"closed","sticky":false,"template":"","format":"standard","meta":{"footnotes":""},"categories":[8],"tags":[21],"class_list":["post-17523","post","type-post","status-publish","format-standard","has-post-thumbnail","hentry","category-informe-nacional","tag-argentina"],"_links":{"self":[{"href":"http:\/\/argentinamunicipal.com.ar\/argentina\/wp-json\/wp\/v2\/posts\/17523","targetHints":{"allow":["GET"]}}],"collection":[{"href":"http:\/\/argentinamunicipal.com.ar\/argentina\/wp-json\/wp\/v2\/posts"}],"about":[{"href":"http:\/\/argentinamunicipal.com.ar\/argentina\/wp-json\/wp\/v2\/types\/post"}],"author":[{"embeddable":true,"href":"http:\/\/argentinamunicipal.com.ar\/argentina\/wp-json\/wp\/v2\/users\/2"}],"replies":[{"embeddable":true,"href":"http:\/\/argentinamunicipal.com.ar\/argentina\/wp-json\/wp\/v2\/comments?post=17523"}],"version-history":[{"count":0,"href":"http:\/\/argentinamunicipal.com.ar\/argentina\/wp-json\/wp\/v2\/posts\/17523\/revisions"}],"wp:featuredmedia":[{"embeddable":true,"href":"http:\/\/argentinamunicipal.com.ar\/argentina\/wp-json\/wp\/v2\/media\/17525"}],"wp:attachment":[{"href":"http:\/\/argentinamunicipal.com.ar\/argentina\/wp-json\/wp\/v2\/media?parent=17523"}],"wp:term":[{"taxonomy":"category","embeddable":true,"href":"http:\/\/argentinamunicipal.com.ar\/argentina\/wp-json\/wp\/v2\/categories?post=17523"},{"taxonomy":"post_tag","embeddable":true,"href":"http:\/\/argentinamunicipal.com.ar\/argentina\/wp-json\/wp\/v2\/tags?post=17523"}],"curies":[{"name":"wp","href":"https:\/\/api.w.org\/{rel}","templated":true}]}}