{"id":17596,"date":"2014-10-29T09:03:50","date_gmt":"2014-10-29T12:03:50","guid":{"rendered":"http:\/\/argentinamunicipal.com.ar\/argentina\/?p=17596"},"modified":"2014-10-29T09:03:50","modified_gmt":"2014-10-29T12:03:50","slug":"centro-comercial-cielo-abierto-para-el-intendente-de-ushuaia-marcara-un-antes-y-un-despues","status":"publish","type":"post","link":"http:\/\/argentinamunicipal.com.ar\/argentina\/centro-comercial-cielo-abierto-para-el-intendente-de-ushuaia-marcara-un-antes-y-un-despues\/","title":{"rendered":"Centro comercial a cielo abierto: Para\u00a0el Intendente de Ushuaia, marcar\u00e1 \u00abun antes y un despu\u00e9s\u00bb"},"content":{"rendered":"<p><a href=\"http:\/\/argentinamunicipal.com.ar\/argentina\/wp-content\/uploads\/2014\/10\/1414547746-600sciurano_recorrida_thumb_550.jpg\"><img loading=\"lazy\" decoding=\"async\" class=\"aligncenter size-full wp-image-17597\" src=\"http:\/\/argentinamunicipal.com.ar\/argentina\/wp-content\/uploads\/2014\/10\/1414547746-600sciurano_recorrida_thumb_550.jpg\" alt=\"1414547746-600sciurano_recorrida_thumb_550\" width=\"550\" height=\"412\" srcset=\"http:\/\/argentinamunicipal.com.ar\/argentina\/wp-content\/uploads\/2014\/10\/1414547746-600sciurano_recorrida_thumb_550.jpg 550w, http:\/\/argentinamunicipal.com.ar\/argentina\/wp-content\/uploads\/2014\/10\/1414547746-600sciurano_recorrida_thumb_550-300x224.jpg 300w\" sizes=\"auto, (max-width: 550px) 100vw, 550px\" \/><\/a><br \/>\nEl intendente Federico Sciurano recorri\u00f3 junto a integrantes del Gabinete la marcha de los trabajos en la calle San Mart\u00edn en el marco de la construcci\u00f3n del Centro Comercial a Cielo Abierto. Dicha obra implicar\u00e1 la modernizaci\u00f3n de las primeras 3 cuadras del centro de la capital fueguina, dot\u00e1ndola de veredas y calles calefaccionadas, con una construcci\u00f3n uniforme y con el despeje total de la contaminaci\u00f3n visual.<\/p>\n<p>Sciurano recorri\u00f3 los trabajos acompa\u00f1ado por el secretario de Desarrollo y Gesti\u00f3n Urbana, Juan Munaf\u00f3 y el subsecretario de Servicios P\u00fablicos, Hugo Cano, con quienes verificaron la marcha de los trabajos. Desde la intersecci\u00f3n con Rosas hasta Juana Fadul, la calle San Mart\u00edn se encuentra en obra y el despliegue de las cuadrillas se ha incrementado en los \u00faltimos d\u00edas.<\/p>\n<p>En esas dos cuadras ya se est\u00e1n ejecutando los pluviales definitivos, la instalaci\u00f3n de cables, y los trabajos definitivos de las l\u00edneas de soterramiento. Hay que tener en cuenta que a partir de la culminaci\u00f3n de esta obra, ya no habr\u00e1 en ese sector tendido de cableado a\u00e9reo de energ\u00eda ni de la red telef\u00f3nica; la red de fibra \u00f3ptica para internet se unir\u00e1 a todos los servicios para ingresar a los locales v\u00eda subterr\u00e1nea.<\/p>\n<p>En San Mart\u00edn al 800 ya se comenz\u00f3 a colocar el sistema de calefacci\u00f3n que descongelar\u00e1 la calle durante las temporadas de invierno. La misma funciona con un sistema de resistencia el\u00e9ctrico que se coloca debajo de la carpeta asf\u00e1ltica.<\/p>\n<p>\u00abEsta obra va marcar un antes y un despu\u00e9s en la fisonom\u00eda del centro de la ciudad\u00bb, asegur\u00f3 el intendente Federico Sciurano, agregando que \u00abnos pone muy felices estar en la \u00faltima etapa para que la ciudad pueda disfrutar de este renovado a partir de fin de a\u00f1o\u00bb.<\/p>\n<p>El Intendente dijo que \u00absabemos que esto le va permitir disfrutar a los comerciantes y a los vecinos ese sector c\u00e9ntrico de otra manera, ya que implicar\u00e1 la renovaci\u00f3n de espacios liberados de contaminaci\u00f3n visual y con veredas despejadas, que har\u00e1 m\u00e1s ameno el paseo de los peatones\u00bb.<\/p>\n<h6>Fuente: Sur 54.com<\/h6>\n","protected":false},"excerpt":{"rendered":"<p>El intendente Federico Sciurano recorri\u00f3 junto a integrantes del Gabinete la marcha de los trabajos en la calle San Mart\u00edn en el marco de la construcci\u00f3n del Centro Comercial a Cielo Abierto. Dicha obra implicar\u00e1 la modernizaci\u00f3n de las primeras 3 cuadras del centro de la capital fueguina, dot\u00e1ndola de veredas y calles calefaccionadas, con<\/p>\n","protected":false},"author":2,"featured_media":17597,"comment_status":"closed","ping_status":"closed","sticky":false,"template":"","format":"standard","meta":{"footnotes":""},"categories":[2],"tags":[34],"class_list":["post-17596","post","type-post","status-publish","format-standard","has-post-thumbnail","hentry","category-informe-municipal","tag-tierra-del-fuego"],"_links":{"self":[{"href":"http:\/\/argentinamunicipal.com.ar\/argentina\/wp-json\/wp\/v2\/posts\/17596","targetHints":{"allow":["GET"]}}],"collection":[{"href":"http:\/\/argentinamunicipal.com.ar\/argentina\/wp-json\/wp\/v2\/posts"}],"about":[{"href":"http:\/\/argentinamunicipal.com.ar\/argentina\/wp-json\/wp\/v2\/types\/post"}],"author":[{"embeddable":true,"href":"http:\/\/argentinamunicipal.com.ar\/argentina\/wp-json\/wp\/v2\/users\/2"}],"replies":[{"embeddable":true,"href":"http:\/\/argentinamunicipal.com.ar\/argentina\/wp-json\/wp\/v2\/comments?post=17596"}],"version-history":[{"count":0,"href":"http:\/\/argentinamunicipal.com.ar\/argentina\/wp-json\/wp\/v2\/posts\/17596\/revisions"}],"wp:featuredmedia":[{"embeddable":true,"href":"http:\/\/argentinamunicipal.com.ar\/argentina\/wp-json\/wp\/v2\/media\/17597"}],"wp:attachment":[{"href":"http:\/\/argentinamunicipal.com.ar\/argentina\/wp-json\/wp\/v2\/media?parent=17596"}],"wp:term":[{"taxonomy":"category","embeddable":true,"href":"http:\/\/argentinamunicipal.com.ar\/argentina\/wp-json\/wp\/v2\/categories?post=17596"},{"taxonomy":"post_tag","embeddable":true,"href":"http:\/\/argentinamunicipal.com.ar\/argentina\/wp-json\/wp\/v2\/tags?post=17596"}],"curies":[{"name":"wp","href":"https:\/\/api.w.org\/{rel}","templated":true}]}}