{"id":17627,"date":"2014-10-29T09:42:46","date_gmt":"2014-10-29T12:42:46","guid":{"rendered":"http:\/\/argentinamunicipal.com.ar\/argentina\/?p=17627"},"modified":"2014-10-29T09:42:46","modified_gmt":"2014-10-29T12:42:46","slug":"capacitacion-y-contencion-en-rafaela-para-incluir-lavacoches","status":"publish","type":"post","link":"http:\/\/argentinamunicipal.com.ar\/argentina\/capacitacion-y-contencion-en-rafaela-para-incluir-lavacoches\/","title":{"rendered":"Capacitaci\u00f3n y contenci\u00f3n en Rafaela para incluir a lavacoches"},"content":{"rendered":"<p><a href=\"http:\/\/argentinamunicipal.com.ar\/argentina\/wp-content\/uploads\/2014\/10\/imagen8.jpg\"><img loading=\"lazy\" decoding=\"async\" class=\"alignleft size-full wp-image-17628\" src=\"http:\/\/argentinamunicipal.com.ar\/argentina\/wp-content\/uploads\/2014\/10\/imagen8.jpg\" alt=\"nqn informe sobre lavacoches foto mati subat 16-11-2011\" width=\"400\" height=\"268\" srcset=\"http:\/\/argentinamunicipal.com.ar\/argentina\/wp-content\/uploads\/2014\/10\/imagen8.jpg 400w, http:\/\/argentinamunicipal.com.ar\/argentina\/wp-content\/uploads\/2014\/10\/imagen8-300x201.jpg 300w\" sizes=\"auto, (max-width: 400px) 100vw, 400px\" \/><\/a>Con el impulso de la Municipalidad de Rafaela, se constituy\u00f3 ayer formalmente la Mesa de Gesti\u00f3n de los Lavacoches, un espacio en el que se abordar\u00e1 la actividad que realizan ni\u00f1os, adolescentes y adultos en las calles del Microcentro de la ciudad.<\/p>\n<p>El intendente, Luis Castellano, presidi\u00f3 el encuentro en el Sal\u00f3n Verde del palacio municipal en el que participaron el jefe del Gabinete, Jorge Maina, el presidente del Concejo, Daniel Ricotti, los concejales Lalo Bonino y Marcelo Lombardo y los secretarios de Desarrollo Social, Ana Theler y de Innovaci\u00f3n y Relaciones Internacionales, Marcelo Ortenzi. Tambi\u00e9n participaron el titular de la Sociedad Rural, Dar\u00edo Maina, el director del Centro Comercial e Industrial, Benjam\u00edn Albrecht, el secretario General de la CGT, Roberto Oesquer, el coordinador de la Jefatura de Gabinete, Jos\u00e9 Luis Rossetto y representantes del Obispado y de diversas instituciones, como as\u00ed tambi\u00e9n los integrantes de los equipos territoriales del Municipio que encabeza Laura Lencioni.<\/p>\n<p>\u00abFue una reuni\u00f3n positiva para evaluar una problem\u00e1tica actual, que es de la ciudad toda y para la cual tenemos dos alternativas. No hacemos nada o bien convocamos a las instituciones para definir un conjunto de acciones, siempre teniendo en cuenta la complejidad del tema\u00bb, explic\u00f3 Rossetto al informar sobre los ejes de la reuni\u00f3n. \u00abDesde el Municipio se promueve esta Mesa con el objetivo de hacer m\u00e1s amigable una actividad que debemos aceptar. Se analizaron posibilidades de abordaje y el primer paso ser\u00e1 ofrecer una capacitaci\u00f3n a los lavacoches en la que se pondr\u00e1 el acento en la necesidad de cuidar el espacio p\u00fablico, en la relaci\u00f3n que deben entablar con los vecinos, los comerciantes y los usuarios\u00bb, sostuvo.<\/p>\n<p>Rossetto destac\u00f3 que \u00abel Municipio convoc\u00f3 a las instituciones y estas respondieron muy bien, involucr\u00e1ndose en la problem\u00e1tica, aprobando la capacitaci\u00f3n que se propone realizar, que no es la \u00fanica acci\u00f3n del Municipio, ya que tambi\u00e9n se impondr\u00e1 una presencia permanente de la GUR en el microcentro especialmente en estos meses de calor cuando aumenta la cantidad de gente que se re\u00fane en el sector\u00bb.<\/p>\n<p>\u00abOtro tema que se evalu\u00f3 fue la presencia de los chicos en la calle, que en algunos casos se paran en los sem\u00e1foros a pedir. Esos pibes est\u00e1n escolarizados, nosotros trabajamos con las familias, las acompa\u00f1amos pero no podemos impedir su presencia. Necesitamos una mano del \u00e1rea de Minoridad de la Provincia para coordinar acciones y contenerlos en el barrio o en su casa\u00bb, puntualiz\u00f3 el funcionario.<\/p>\n<p>Por \u00faltimo, anticip\u00f3 que a fines de noviembre se reunir\u00e1 nuevamente la Mesa para evaluar la implementaci\u00f3n de las primeras medidas, en especial la capacitaci\u00f3n de los lavacoches. \u00abEs un proceso abierto, donde consultaremos a los comerciantes el impacto de estas acciones\u00bb, concluy\u00f3.<\/p>\n<h6>Fuente: La Opini\u00f3n Line<\/h6>\n","protected":false},"excerpt":{"rendered":"<p>Con el impulso de la Municipalidad de Rafaela, se constituy\u00f3 ayer formalmente la Mesa de Gesti\u00f3n de los Lavacoches, un espacio en el que se abordar\u00e1 la actividad que realizan ni\u00f1os, adolescentes y adultos en las calles del Microcentro de la ciudad. El intendente, Luis Castellano, presidi\u00f3 el encuentro en el Sal\u00f3n Verde del palacio<\/p>\n","protected":false},"author":2,"featured_media":17628,"comment_status":"closed","ping_status":"closed","sticky":false,"template":"","format":"standard","meta":{"footnotes":""},"categories":[2],"tags":[10],"class_list":["post-17627","post","type-post","status-publish","format-standard","has-post-thumbnail","hentry","category-informe-municipal","tag-santa-fe"],"_links":{"self":[{"href":"http:\/\/argentinamunicipal.com.ar\/argentina\/wp-json\/wp\/v2\/posts\/17627","targetHints":{"allow":["GET"]}}],"collection":[{"href":"http:\/\/argentinamunicipal.com.ar\/argentina\/wp-json\/wp\/v2\/posts"}],"about":[{"href":"http:\/\/argentinamunicipal.com.ar\/argentina\/wp-json\/wp\/v2\/types\/post"}],"author":[{"embeddable":true,"href":"http:\/\/argentinamunicipal.com.ar\/argentina\/wp-json\/wp\/v2\/users\/2"}],"replies":[{"embeddable":true,"href":"http:\/\/argentinamunicipal.com.ar\/argentina\/wp-json\/wp\/v2\/comments?post=17627"}],"version-history":[{"count":0,"href":"http:\/\/argentinamunicipal.com.ar\/argentina\/wp-json\/wp\/v2\/posts\/17627\/revisions"}],"wp:featuredmedia":[{"embeddable":true,"href":"http:\/\/argentinamunicipal.com.ar\/argentina\/wp-json\/wp\/v2\/media\/17628"}],"wp:attachment":[{"href":"http:\/\/argentinamunicipal.com.ar\/argentina\/wp-json\/wp\/v2\/media?parent=17627"}],"wp:term":[{"taxonomy":"category","embeddable":true,"href":"http:\/\/argentinamunicipal.com.ar\/argentina\/wp-json\/wp\/v2\/categories?post=17627"},{"taxonomy":"post_tag","embeddable":true,"href":"http:\/\/argentinamunicipal.com.ar\/argentina\/wp-json\/wp\/v2\/tags?post=17627"}],"curies":[{"name":"wp","href":"https:\/\/api.w.org\/{rel}","templated":true}]}}