{"id":17630,"date":"2014-10-29T09:49:50","date_gmt":"2014-10-29T12:49:50","guid":{"rendered":"http:\/\/argentinamunicipal.com.ar\/argentina\/?p=17630"},"modified":"2015-04-28T16:15:44","modified_gmt":"2015-04-28T19:15:44","slug":"santa-fe-integra-la-recientemente-creada-red-federal-sobre-violencia-laboral","status":"publish","type":"post","link":"http:\/\/argentinamunicipal.com.ar\/argentina\/santa-fe-integra-la-recientemente-creada-red-federal-sobre-violencia-laboral\/","title":{"rendered":"Santa Fe integra la recientemente creada Red Federal sobre Violencia Laboral"},"content":{"rendered":"<p><a href=\"http:\/\/argentinamunicipal.com.ar\/argentina\/wp-content\/uploads\/2014\/10\/red-violencia-2xtd7wrutsyygqyn2crw8w.jpg\"><img loading=\"lazy\" decoding=\"async\" class=\"aligncenter  wp-image-17631\" src=\"http:\/\/argentinamunicipal.com.ar\/argentina\/wp-content\/uploads\/2014\/10\/red-violencia-2xtd7wrutsyygqyn2crw8w.jpg\" alt=\"red-violencia-2xtd7wrutsyygqyn2crw8w\" width=\"657\" height=\"325\" srcset=\"http:\/\/argentinamunicipal.com.ar\/argentina\/wp-content\/uploads\/2014\/10\/red-violencia-2xtd7wrutsyygqyn2crw8w.jpg 866w, http:\/\/argentinamunicipal.com.ar\/argentina\/wp-content\/uploads\/2014\/10\/red-violencia-2xtd7wrutsyygqyn2crw8w-300x148.jpg 300w\" sizes=\"auto, (max-width: 657px) 100vw, 657px\" \/><\/a><br \/>\nEl Ministerio de Trabajo provincial firm\u00f3 un convenio con la cartera nacional para prevenir y eliminar ese tipo de violencia. Se crear\u00e1n \u00e1reas espec\u00edficas para abordar la problem\u00e1tica.<\/p>\n<p>El ministro de Trabajo y Seguridad Social, Julio Genesini, particip\u00f3 en Buenos Aires de la firma del convenio de cooperaci\u00f3n mutua con la cartera laboral nacional, por el cual se cre\u00f3 la Red Federal sobre Violencia Laboral. El funcionario estuvo acompa\u00f1ado por la Subsecretaria de Trabajo Decente, Nidia Goncebat.<\/p>\n<p>El ministro de Trabajo de la Naci\u00f3n, Carlos Tomada, encabez\u00f3 la firma del convenio que cre\u00f3 formalmente la Red Federal sobre Violencia Laboral. Durante el acto, sostuvo que la \u201cRed viene a consolidar derechos de los trabajadores. Aqu\u00ed todos nos estamos poniendo de acuerdo en la prevenci\u00f3n de temas que se ocultaban, y hoy est\u00e1n arriba de la mesa\u201d.<\/p>\n<p>La Red \u2013que est\u00e1 integrada por organismos laborales de las provincias y coordinada por el ministerio de Trabajo de la Naci\u00f3n-, fue fundada con el objeto de generar y dar apoyo para la creaci\u00f3n y consolidaci\u00f3n de oficinas que intervengan en situaciones de violencia laboral y desarrollen acciones de prevenci\u00f3n y otras medidas tendientes a la eliminaci\u00f3n de la violencia en los lugares de trabajo.<\/p>\n<p>Al concluir el acto, Genesini explic\u00f3: \u201cEn el marco del compromiso que Santa Fe tiene con la promoci\u00f3n del trabajo decente, hemos decidido asumir el compromiso de crear en un plazo de dos a\u00f1os un \u00e1rea espec\u00edfica que tome la problem\u00e1tica para prevenir y erradicar este tipo de violencia, en cualquier tipo de relaci\u00f3n laboral\u201d.<\/p>\n<p>Las provincias se comprometieron a elaborar criterios orientados a preservar los datos de los trabajadores y trabajadoras denunciantes, tendientes a evitar la judicializaci\u00f3n de los planteos administrativos; a adoptar medidas de prevenci\u00f3n y atenci\u00f3n de la violencia laboral que promuevan la toma de conciencia sobre la importancia de la materia; y fomentar la utilizaci\u00f3n de la negociaci\u00f3n colectiva como instrumento fundamental para establecer pol\u00edticas de prevenci\u00f3n y tratamiento en el \u00e1mbito laboral; entre otros.<\/p>\n<h3>Violencia laboral<\/h3>\n<p>Se entiende por violencia laboral el ejercicio abusivo de poder que tiene por finalidad someter o excluir a un trabajador o trabajadora de su lugar de trabajo: incluye el acoso psicol\u00f3gico, el acoso sexual y la agresi\u00f3n f\u00edsica. Puede provenir tanto de niveles jer\u00e1rquicos superiores, del mismo rango o inferiores y puede manifestarse por acci\u00f3n u omisi\u00f3n; y queda incluida en esta definici\u00f3n la violencia de g\u00e9nero.<\/p>\n<h3>Trabajo decente: sin violencia<\/h3>\n<p>\u201cEl respeto mutuo en las relaciones laborales es una de las caracter\u00edsticas esenciales del trabajo digno y resulta distintivo de organizaciones exitosas y responsables, &#8211; especifica el acta-. La violencia laboral configura una violaci\u00f3n a los derechos humanos y laborales, y atenta contra la integridad de las personas afectando su salud psicof\u00edsica, su vida laboral y social, lo cual resulta contrario a lo establecido por diversas normas del Derecho Internacional as\u00ed como legislaci\u00f3n y normativa nacional, provincial y sectorial\u201d.<\/p>\n<h6>Fuente: Uno, Santa Fe<\/h6>\n","protected":false},"excerpt":{"rendered":"<p>El Ministerio de Trabajo provincial firm\u00f3 un convenio con la cartera nacional para prevenir y eliminar ese tipo de violencia. Se crear\u00e1n \u00e1reas espec\u00edficas para abordar la problem\u00e1tica. El ministro de Trabajo y Seguridad Social, Julio Genesini, particip\u00f3 en Buenos Aires de la firma del convenio de cooperaci\u00f3n mutua con la cartera laboral nacional, por<\/p>\n","protected":false},"author":2,"featured_media":17631,"comment_status":"closed","ping_status":"closed","sticky":false,"template":"","format":"standard","meta":{"footnotes":""},"categories":[2],"tags":[10],"class_list":["post-17630","post","type-post","status-publish","format-standard","has-post-thumbnail","hentry","category-informe-municipal","tag-santa-fe"],"_links":{"self":[{"href":"http:\/\/argentinamunicipal.com.ar\/argentina\/wp-json\/wp\/v2\/posts\/17630","targetHints":{"allow":["GET"]}}],"collection":[{"href":"http:\/\/argentinamunicipal.com.ar\/argentina\/wp-json\/wp\/v2\/posts"}],"about":[{"href":"http:\/\/argentinamunicipal.com.ar\/argentina\/wp-json\/wp\/v2\/types\/post"}],"author":[{"embeddable":true,"href":"http:\/\/argentinamunicipal.com.ar\/argentina\/wp-json\/wp\/v2\/users\/2"}],"replies":[{"embeddable":true,"href":"http:\/\/argentinamunicipal.com.ar\/argentina\/wp-json\/wp\/v2\/comments?post=17630"}],"version-history":[{"count":0,"href":"http:\/\/argentinamunicipal.com.ar\/argentina\/wp-json\/wp\/v2\/posts\/17630\/revisions"}],"wp:featuredmedia":[{"embeddable":true,"href":"http:\/\/argentinamunicipal.com.ar\/argentina\/wp-json\/wp\/v2\/media\/17631"}],"wp:attachment":[{"href":"http:\/\/argentinamunicipal.com.ar\/argentina\/wp-json\/wp\/v2\/media?parent=17630"}],"wp:term":[{"taxonomy":"category","embeddable":true,"href":"http:\/\/argentinamunicipal.com.ar\/argentina\/wp-json\/wp\/v2\/categories?post=17630"},{"taxonomy":"post_tag","embeddable":true,"href":"http:\/\/argentinamunicipal.com.ar\/argentina\/wp-json\/wp\/v2\/tags?post=17630"}],"curies":[{"name":"wp","href":"https:\/\/api.w.org\/{rel}","templated":true}]}}