{"id":17658,"date":"2014-10-29T10:55:20","date_gmt":"2014-10-29T13:55:20","guid":{"rendered":"http:\/\/argentinamunicipal.com.ar\/argentina\/?p=17658"},"modified":"2014-10-29T10:55:20","modified_gmt":"2014-10-29T13:55:20","slug":"se-presento-el-informe-2013-de-santa-fe-como-vamos","status":"publish","type":"post","link":"http:\/\/argentinamunicipal.com.ar\/argentina\/se-presento-el-informe-2013-de-santa-fe-como-vamos\/","title":{"rendered":"Se present\u00f3 el informe 2013 de \u201cSanta Fe C\u00f3mo Vamos\u201d"},"content":{"rendered":"<p><a href=\"http:\/\/argentinamunicipal.com.ar\/argentina\/wp-content\/uploads\/2014\/10\/como_vamos.jpg_2069580699.jpg\"><img loading=\"lazy\" decoding=\"async\" class=\"aligncenter size-full wp-image-17659\" src=\"http:\/\/argentinamunicipal.com.ar\/argentina\/wp-content\/uploads\/2014\/10\/como_vamos.jpg_2069580699.jpg\" alt=\"como_vamos.jpg_2069580699\" width=\"761\" height=\"507\" srcset=\"http:\/\/argentinamunicipal.com.ar\/argentina\/wp-content\/uploads\/2014\/10\/como_vamos.jpg_2069580699.jpg 761w, http:\/\/argentinamunicipal.com.ar\/argentina\/wp-content\/uploads\/2014\/10\/como_vamos.jpg_2069580699-300x199.jpg 300w\" sizes=\"auto, (max-width: 761px) 100vw, 761px\" \/><\/a><br \/>\nSe trata de la tercera publicaci\u00f3n de una serie de indicadores que permiten realizar una evaluaci\u00f3n y seguimiento de la calidad de vida en la capital provincial.<\/p>\n<p>El intendente Jos\u00e9 Corral, junto al presidente de la Bolsa de Comercio de Santa Fe, Olegario Tejedor, encabezaron en la tarde del lunes 27 la presentaci\u00f3n de la edici\u00f3n 2013 de \u201cSanta Fe C\u00f3mo Vamos 2013\u201d, una publicaci\u00f3n que a\u00fana el esfuerzo del Estado local y la sociedad civil para reunir y difundir informaci\u00f3n precisa sobre la calidad de vida de los santafesinos, teniendo en cuenta diferentes indicadores vinculados a demograf\u00eda y vivienda; salud y educaci\u00f3n; servicios p\u00fablicos, seguridad, ambiente; actividad econ\u00f3mica y empleo; finanzas p\u00fablicas y calidad institucional.<\/p>\n<p>La presentaci\u00f3n se llev\u00f3 adelante en la casa central de la Bolsa de Comercio de Santa Fe. Junto al presidente de la instituci\u00f3n anfitriona y el Intendente de nuestra ciudad, estuvieron Andrea Valsagna, secretaria de Comunicaci\u00f3n del Gobierno de la Ciudad, y Lucrecia de D\u2019Jorge, directora del Centro de Estudios y Servicios de la Bolsa de Comercio, quienes abordaron a manera de s\u00edntesis la informaci\u00f3n que est\u00e1 publicada en la nueva edici\u00f3n.<\/p>\n<h3>Ejes y aportes<\/h3>\n<p>Los diferentes ejes de an\u00e1lisis -que tambi\u00e9n estuvieron contemplados en las dos ediciones anteriores: \u201cSanta Fe C\u00f3mo Vamos 2008-2011\u201d y \u201cSanta Fe C\u00f3mo Vamos 2012\u201d- son Demograf\u00eda, pobreza y desigualdad; Educaci\u00f3n; Salud; Seguridad ciudadana; Empleo; Servicios p\u00fablicos y Vivienda; Movilidad urbana; Ambiente, espacios verdes y gesti\u00f3n del riesgo; Gobernanza y gesti\u00f3n de calidad, y Actividad econ\u00f3mica.<\/p>\n<p>Es importante se\u00f1alar que \u201cSanta Fe C\u00f3mo Vamos\u201d cuenta con un consejo asesor que integran la Universidad Nacional del Litoral, la Universidad Cat\u00f3lica de Santa Fe, la Facultad Regional Santa Fe de la Universidad Tecnol\u00f3gica Nacional y la Fundaci\u00f3n Ejercicio Ciudadano, de Rosario. Cada una de dichas instituciones tambi\u00e9n estuvieron representadas en la presentaci\u00f3n que se llev\u00f3 adelante en la Peatonal San Mart\u00edn 2231.<\/p>\n<h3>Continuidad y seriedad<\/h3>\n<p>Jos\u00e9 Corral remarc\u00f3 que la presentada esta tarde \u201ces la tercera publicaci\u00f3n de Santa Fe C\u00f3mo Vamos\u201d, lo cual habla de una continuidad que nos da mucho orgullo, porque no hay otra ciudad en el pa\u00eds que tenga esta continuidad en el tiempo, con datos certeros sobre 10 temas que hacen a la calidad de vida de la poblaci\u00f3n\u201d.<\/p>\n<p>Sobre el trabajo realizado, el mandatario local manifest\u00f3 que \u201cse trata de un grupo de indicadores para ver c\u00f3mo vamos en las diferentes \u00e1reas\u201d. Agreg\u00f3 que \u201ceste trabajo tiene el valor enorme de que la Bolsa de Comercio, las tres universidades de la ciudad y la Fundaci\u00f3n Ejercicio Ciudadano nos ayudan en la elaboraci\u00f3n: son quienes completan los informes y junto al Gobierno de la Ciudad dan testimonio de la veracidad de estos n\u00fameros\u201d.<\/p>\n<h3>N\u00fameros y an\u00e1lisis<\/h3>\n<p>Con respecto a los datos estad\u00edsticos, el mandatario local se\u00f1al\u00f3 que \u201cestos n\u00fameros tambi\u00e9n tienen el sentido de poner arriba de la mesa una informaci\u00f3n confiable que nos permita el debate, porque luego cada uno har\u00e1 con esos n\u00fameros un an\u00e1lisis diferente, pero tiene el valor de una discusi\u00f3n que se puede llevar a cabo sobre una base de datos m\u00e1s precisos\u201d. Y sobre esta tem\u00e1tica agreg\u00f3 que \u201cla buena estad\u00edstica en Argentina est\u00e1 muy discutida, pero Santa Fe con orgullo puede decir que la tiene\u201d.<\/p>\n<p>En contacto con la prensa, al ser consultado sobre la primera lectura que se puede realizar de los indicadores del a\u00f1o pasado, el Intendente record\u00f3 que \u201ces un contexto econ\u00f3mico dif\u00edcil, por lo cual hay que mirar los n\u00fameros con esa perspectiva\u201d. Consider\u00f3 que \u201cdesde ese punto de vista, los n\u00fameros de empleo son positivos porque no hay una ca\u00edda significativa. Tenemos n\u00fameros interesantes desde el punto de vista vial, porque bajaron levemente los n\u00fameros de accidentes a pesar del aumento que se dio en el parque automotor\u201d. Entendi\u00f3 tambi\u00e9n que \u201ctenemos datos preocupantes porque se mantienen en torno al 20 por cada 100 mil habitantes los homicidios dolosos: son n\u00fameros altos que nos obligan a pensar una y otra vez el tema de la convivencia y la violencia\u201d.<\/p>\n<p>Por otra parte, cont\u00f3 que \u201chay mejores n\u00fameros -en baja- con respecto al robo de automotores y otros indicadores vinculados al delito\u201d. Y finalmente asegur\u00f3 que \u201caparecen datos positivos con respecto a la cantidad de familias que accedieron a los servicios p\u00fablicos (agua potable, pavimento y cloacas); adem\u00e1s se publican n\u00fameros alentadores con respecto a las finanzas municipales, con una inversi\u00f3n muy importante en obra p\u00fablica\u201d. Pero para el Intendente, \u201cno s\u00f3lo el Gobierno tiene que hacer la evaluaci\u00f3n de estos datos que presentamos, sino que es la sociedad en su conjunto la que debe conocerlos y analizarlos\u201d.<\/p>\n<h6>Fuente: Uno, Santa Fe<\/h6>\n","protected":false},"excerpt":{"rendered":"<p>Se trata de la tercera publicaci\u00f3n de una serie de indicadores que permiten realizar una evaluaci\u00f3n y seguimiento de la calidad de vida en la capital provincial. El intendente Jos\u00e9 Corral, junto al presidente de la Bolsa de Comercio de Santa Fe, Olegario Tejedor, encabezaron en la tarde del lunes 27 la presentaci\u00f3n de la<\/p>\n","protected":false},"author":2,"featured_media":17659,"comment_status":"closed","ping_status":"closed","sticky":false,"template":"","format":"standard","meta":{"footnotes":""},"categories":[2],"tags":[10],"class_list":["post-17658","post","type-post","status-publish","format-standard","has-post-thumbnail","hentry","category-informe-municipal","tag-santa-fe"],"_links":{"self":[{"href":"http:\/\/argentinamunicipal.com.ar\/argentina\/wp-json\/wp\/v2\/posts\/17658","targetHints":{"allow":["GET"]}}],"collection":[{"href":"http:\/\/argentinamunicipal.com.ar\/argentina\/wp-json\/wp\/v2\/posts"}],"about":[{"href":"http:\/\/argentinamunicipal.com.ar\/argentina\/wp-json\/wp\/v2\/types\/post"}],"author":[{"embeddable":true,"href":"http:\/\/argentinamunicipal.com.ar\/argentina\/wp-json\/wp\/v2\/users\/2"}],"replies":[{"embeddable":true,"href":"http:\/\/argentinamunicipal.com.ar\/argentina\/wp-json\/wp\/v2\/comments?post=17658"}],"version-history":[{"count":0,"href":"http:\/\/argentinamunicipal.com.ar\/argentina\/wp-json\/wp\/v2\/posts\/17658\/revisions"}],"wp:featuredmedia":[{"embeddable":true,"href":"http:\/\/argentinamunicipal.com.ar\/argentina\/wp-json\/wp\/v2\/media\/17659"}],"wp:attachment":[{"href":"http:\/\/argentinamunicipal.com.ar\/argentina\/wp-json\/wp\/v2\/media?parent=17658"}],"wp:term":[{"taxonomy":"category","embeddable":true,"href":"http:\/\/argentinamunicipal.com.ar\/argentina\/wp-json\/wp\/v2\/categories?post=17658"},{"taxonomy":"post_tag","embeddable":true,"href":"http:\/\/argentinamunicipal.com.ar\/argentina\/wp-json\/wp\/v2\/tags?post=17658"}],"curies":[{"name":"wp","href":"https:\/\/api.w.org\/{rel}","templated":true}]}}