{"id":17786,"date":"2014-10-30T10:48:57","date_gmt":"2014-10-30T13:48:57","guid":{"rendered":"http:\/\/argentinamunicipal.com.ar\/argentina\/?p=17786"},"modified":"2015-04-28T16:15:33","modified_gmt":"2015-04-28T19:15:33","slug":"con-la-auh-aumento-la-escolarizacion-y-la-proteccion-social-mas-de-35-millones-de-ninos","status":"publish","type":"post","link":"http:\/\/argentinamunicipal.com.ar\/argentina\/con-la-auh-aumento-la-escolarizacion-y-la-proteccion-social-mas-de-35-millones-de-ninos\/","title":{"rendered":"Con la AUH aument\u00f3 la escolarizaci\u00f3n y la protecci\u00f3n social a m\u00e1s de 3,5 millones de ni\u00f1os"},"content":{"rendered":"<p><a href=\"http:\/\/argentinamunicipal.com.ar\/argentina\/wp-content\/uploads\/2014\/10\/fotonoticia_20141022115215_800.jpg\"><img loading=\"lazy\" decoding=\"async\" class=\"aligncenter size-full wp-image-17787\" src=\"http:\/\/argentinamunicipal.com.ar\/argentina\/wp-content\/uploads\/2014\/10\/fotonoticia_20141022115215_800.jpg\" alt=\"fotonoticia_20141022115215_800\" width=\"800\" height=\"538\" srcset=\"http:\/\/argentinamunicipal.com.ar\/argentina\/wp-content\/uploads\/2014\/10\/fotonoticia_20141022115215_800.jpg 800w, http:\/\/argentinamunicipal.com.ar\/argentina\/wp-content\/uploads\/2014\/10\/fotonoticia_20141022115215_800-300x201.jpg 300w\" sizes=\"auto, (max-width: 800px) 100vw, 800px\" \/><\/a><br \/>\nLa Asignaci\u00f3n Universal por Hijo (AUH) de cuya puesta en marcha se cumplen hoy cinco a\u00f1os, permiti\u00f3 garantizar un piso de ingreso para todas las familias argentinas y, en virtud de su \u201ccapacidad para articularse con otras pol\u00edticas p\u00fablicas\u201d, contribuy\u00f3 a fortalecer el acceso a otros derechos b\u00e1sicos esenciales como la salud, la educaci\u00f3n y el empleo.<\/p>\n<p>\u00abEs un beneficio de estricta justicia social, es una pol\u00edtica de Estado y una nueva concepci\u00f3n del Estado que viene a dar protecci\u00f3n a todos los argentinos\u00bb, dijo el titular de la Anses, Diego Bossio, al referirse al beneficio social, que alcanza ya a 3.524.924 ni\u00f1os de todo el pa\u00eds.<\/p>\n<p>El funcionario dijo a T\u00e9lam que \u00abla prioridad n\u00famero uno es proteger a los ni\u00f1os, que tengan derechos pero que tambi\u00e9n tengan obligaciones\u00bb.<\/p>\n<p>Bossio anticip\u00f3 algunos conceptos de un informe que est\u00e1n realizando los equipos t\u00e9cnicos de Anses junto con el doctor en ciencias econ\u00f3micas, escritor y consultor Bernardo Kliksberg.<\/p>\n<p style=\"text-align: center\">[embedyt]http:\/\/www.youtube.com\/watch?v=ahvTS2GeUGw[\/embedyt]<\/p>\n<p>Los resultados preliminares permiten advertir que \u00abhay notorias diferencias entre las familias que cobran y las que no cobran\u00bb el beneficio.<\/p>\n<p>Y en ese sentido enumer\u00f3 diferencias en el consumo; en aspectos de higiene y limpieza; pero especialmente en la escolarizaci\u00f3n: \u00abhay m\u00e1s chicos en la sala de 4 a\u00f1os\u00bb, dijo Bossio y tambi\u00e9n aument\u00f3 la incidencia -cerca de un 8%- en la escuela secundaria de los chicos que reciben la AUH que quienes no la reciben.<\/p>\n<p>Adem\u00e1s, Bossio destac\u00f3 que de la investigaci\u00f3n se desprende que las familias que reciben la AUH \u00abtienden a buscar m\u00e1s trabajo\u00bb lo que desmitifica muchos prejuicios.<\/p>\n<p>\u00abEstos estudios dan cuenta que en algunas familias el 25 por ciento de los ingresos es de la AUH y en algunos casos llega al 40\u00bb, lo que \u00abotorga una seguridad\u00bb en esos hogares, reivindic\u00f3 Bossio.<\/p>\n<p>\u201cLos cinco a\u00f1os son un buen momento para hacer balance tanto de lo significa la AUH como de los retos pendientes\u201d, asegur\u00f3 a T\u00e9lam.<\/p>\n<p>Roxana Mazzola, magister en Administraci\u00f3n y Pol\u00edticas P\u00fablicas del Centro de Estudios y Desarrollo de Pol\u00edticas (CEDEP) y autora de \u00abNuevo paradigma. La Asignaci\u00f3n Universal por Hijo\u00bb.<\/p>\n<p>La Asignaci\u00f3n Universal por Hijo es un seguro social por hijo menor de 18 a\u00f1os o discapacitado, al que puede acceder uno de sus padres o tutores en caso de que ambos se encuentren desocupados y no perciban subsidios, planes o pensiones; sean trabajadores informales, temporarios o dom\u00e9sticos que ganan menos del salario m\u00ednimo; sean monotributistas sociales o est\u00e9n privados de su libertad.<\/p>\n<p>El beneficio fue instituido por la presidenta Cristina Fern\u00e1ndez de Kirchner el 29 de octubre de 2009, a trav\u00e9s del decreto 1602\/09 que cre\u00f3 e incorpor\u00f3 a la Ley 24.714 este nuevo subsistema no contributivo de asignaciones familiares que hoy alcanza a 3,524,924 ni\u00f1os.<\/p>\n<p>La asignaci\u00f3n se paga hasta un m\u00e1ximo de 5 hijos y para tener derecho a la percepci\u00f3n del 20 por ciento que se retiene mensualmente se debe acredirar, por cada uno de los ni\u00f1os, la vacunaci\u00f3n, controles sanitarios, y asistencia escolar.<\/p>\n<p>A partir de mayo de 2011, las prestaciones se complementaron con en lanzamiento de la Asignaci\u00f3n Universal por Embarazo para protecci\u00f3n social (AUE), que se otorga a las futuras madres que se encuentren en las doce o m\u00e1s semanas de gestaci\u00f3n.<\/p>\n<p>\u201cAntes de la AUH hab\u00eda muchos hogares que no pod\u00edan contar con un monto estable todos los meses, y lo garantiz\u00f3 promoviendo a la vez el acceso a la educaci\u00f3n y a los controles salud. Y esto se fue articulando y con otras pol\u00edticas, como el Plan Nacer\/Sumar o Progresar, permitiendo fortalecer tambi\u00e9n el sistema de salud y de educaci\u00f3n que tienen que estar en condiciones de recibir nuevos chicos y atenderlos\u201d, dijo.<\/p>\n<p>Mazzola hizo hincapi\u00e9 en que la AUH implica \u201creconocer el derecho a la seguridad social de la ni\u00f1ez\u201d y \u201cno es como un plan social de los &#8217;90\u201d porque este beneficio fue incluido \u201cdentro del sistema de asignaciones familiares de Argentina\u201d, permitiendo que, si se le suman las que provienen del empleo en el sector formal, \u201cla cobertura de seguridad social sea hoy de m\u00e1s del 80 por ciento\u201d cuando, por ejemplo, en los &#8217;90 este universo era del 35 por ciento.<\/p>\n<p>La especialista consider\u00f3 que la AUH \u201ces una medida que tiende a perfeccionarse cada vez\u201d, al ir ampliando el universo de sus beneficiarios y articul\u00e1ndose con otros programas, lo que constituye \u201cuna de sus grandes potencialidades\u201d.<\/p>\n<p>En cuanto a los retos por delante, Mazzola mencion\u00f3 la necesidad de avanzar hacia una nueva ley de asignaciones familiares que iguale los beneficios y requisitos del sistema formal con la AUH, derribar las barreras de acceso y mejorar la comunicaci\u00f3n para que no se perciba como un plan.<\/p>\n<h6>Fuente: T\u00e9lam<\/h6>\n","protected":false},"excerpt":{"rendered":"<p>La Asignaci\u00f3n Universal por Hijo (AUH) de cuya puesta en marcha se cumplen hoy cinco a\u00f1os, permiti\u00f3 garantizar un piso de ingreso para todas las familias argentinas y, en virtud de su \u201ccapacidad para articularse con otras pol\u00edticas p\u00fablicas\u201d, contribuy\u00f3 a fortalecer el acceso a otros derechos b\u00e1sicos esenciales como la salud, la educaci\u00f3n y<\/p>\n","protected":false},"author":2,"featured_media":17787,"comment_status":"closed","ping_status":"closed","sticky":false,"template":"","format":"standard","meta":{"footnotes":""},"categories":[8],"tags":[21],"class_list":["post-17786","post","type-post","status-publish","format-standard","has-post-thumbnail","hentry","category-informe-nacional","tag-argentina"],"_links":{"self":[{"href":"http:\/\/argentinamunicipal.com.ar\/argentina\/wp-json\/wp\/v2\/posts\/17786","targetHints":{"allow":["GET"]}}],"collection":[{"href":"http:\/\/argentinamunicipal.com.ar\/argentina\/wp-json\/wp\/v2\/posts"}],"about":[{"href":"http:\/\/argentinamunicipal.com.ar\/argentina\/wp-json\/wp\/v2\/types\/post"}],"author":[{"embeddable":true,"href":"http:\/\/argentinamunicipal.com.ar\/argentina\/wp-json\/wp\/v2\/users\/2"}],"replies":[{"embeddable":true,"href":"http:\/\/argentinamunicipal.com.ar\/argentina\/wp-json\/wp\/v2\/comments?post=17786"}],"version-history":[{"count":0,"href":"http:\/\/argentinamunicipal.com.ar\/argentina\/wp-json\/wp\/v2\/posts\/17786\/revisions"}],"wp:featuredmedia":[{"embeddable":true,"href":"http:\/\/argentinamunicipal.com.ar\/argentina\/wp-json\/wp\/v2\/media\/17787"}],"wp:attachment":[{"href":"http:\/\/argentinamunicipal.com.ar\/argentina\/wp-json\/wp\/v2\/media?parent=17786"}],"wp:term":[{"taxonomy":"category","embeddable":true,"href":"http:\/\/argentinamunicipal.com.ar\/argentina\/wp-json\/wp\/v2\/categories?post=17786"},{"taxonomy":"post_tag","embeddable":true,"href":"http:\/\/argentinamunicipal.com.ar\/argentina\/wp-json\/wp\/v2\/tags?post=17786"}],"curies":[{"name":"wp","href":"https:\/\/api.w.org\/{rel}","templated":true}]}}