{"id":17872,"date":"2014-10-31T10:37:12","date_gmt":"2014-10-31T13:37:12","guid":{"rendered":"http:\/\/argentinamunicipal.com.ar\/argentina\/?p=17872"},"modified":"2014-10-31T10:37:12","modified_gmt":"2014-10-31T13:37:12","slug":"la-deforestacion-se-llevo-762-000-km%c2%b2-del-amazonas-brasileno","status":"publish","type":"post","link":"http:\/\/argentinamunicipal.com.ar\/argentina\/la-deforestacion-se-llevo-762-000-km%c2%b2-del-amazonas-brasileno\/","title":{"rendered":"La deforestaci\u00f3n se llev\u00f3 762.000 km\u00b2 del Amazonas brasile\u00f1o"},"content":{"rendered":"<p><a href=\"http:\/\/argentinamunicipal.com.ar\/argentina\/wp-content\/uploads\/2014\/10\/Quema_tala_incontroladas.jpg\"><img loading=\"lazy\" decoding=\"async\" class=\"alignleft size-full wp-image-17873\" src=\"http:\/\/argentinamunicipal.com.ar\/argentina\/wp-content\/uploads\/2014\/10\/Quema_tala_incontroladas.jpg\" alt=\"Quema_tala_incontroladas\" width=\"400\" height=\"400\" srcset=\"http:\/\/argentinamunicipal.com.ar\/argentina\/wp-content\/uploads\/2014\/10\/Quema_tala_incontroladas.jpg 400w, http:\/\/argentinamunicipal.com.ar\/argentina\/wp-content\/uploads\/2014\/10\/Quema_tala_incontroladas-150x150.jpg 150w, http:\/\/argentinamunicipal.com.ar\/argentina\/wp-content\/uploads\/2014\/10\/Quema_tala_incontroladas-300x300.jpg 300w, http:\/\/argentinamunicipal.com.ar\/argentina\/wp-content\/uploads\/2014\/10\/Quema_tala_incontroladas-50x50.jpg 50w\" sizes=\"auto, (max-width: 400px) 100vw, 400px\" \/><\/a>Hasta el a\u00f1o pasado, la deforestaci\u00f3n acumulada en la selva amaz\u00f3nica, en 40 a\u00f1os de an\u00e1lisis, ascendi\u00f3 a 762.979 kil\u00f3metros cuadrados (km\u00b2), que corresponden a tres estados de S\u00e3o Paulo y 184 millones de campos de f\u00fatbol.<\/p>\n<p>As\u00ed lo revela que el informe\u00a0El futuro clim\u00e1tico de la Amazon\u00eda\u00a0, liderado por el investigador Antonio Donato Nobre, del Centro de Ciencias del Sistema Terrestre del Instituto Nacional de Investigaciones Espaciales (INPE).<\/p>\n<p>El informe, publicado en la tarde del jueves (30) en la sala de Crisantempo en el lado oeste de S\u00e3o Paulo, re\u00fane varios estudios sobre la regi\u00f3n y tiene por objeto establecer la poblaci\u00f3n.\u00a0El objetivo es universalizar el acceso a m\u00e1s de 200 estudios y art\u00edculos cient\u00edficos y disminuir lo que el investigador llama \u00abignorancia\u00bb acerca de los problemas ambientales.<\/p>\n<p>Estimaciones nobles que la ocupaci\u00f3n de la Amazonia ya destruyeron 42 mil millones de \u00e1rboles, es decir, m\u00e1s de 2.000 \u00e1rboles por minuto, sin interrupci\u00f3n, durante 40 a\u00f1os.Agregando a la deforestaci\u00f3n y la degradaci\u00f3n (teniendo en cuenta las zonas verdes, pero in\u00fatil) de los bosques, la destrucci\u00f3n de la Amazonia llega a m\u00e1s de 2.062.000 kil\u00f3metros cuadrados.\u00a0Seg\u00fan el informe, la deforestaci\u00f3n puede poner en peligro la capacidad del bosque para rebajar la presi\u00f3n atmosf\u00e9rica, la humedad para exportar sus otras regiones por los llamados \u00abr\u00edos voladores\u00bb y regular el clima, lo que lleva a la sequ\u00eda.\u00a0Todav\u00eda se est\u00e1n estudiando los efectos en la Regi\u00f3n Sudeste, espec\u00edficamente en el estado de S\u00e3o Paulo, que se enfrenta a una gran sequ\u00eda, pero Noble cree que parte de ella es un reflejo de la deforestaci\u00f3n del Bosque Atl\u00e1ntico y el calentamiento global.<\/p>\n<p>\u00abEstamos en el clima de la UCI\u00bb, dijo el investigador, comparando el problema del clima a la de un paciente internado en un hospital.\u00a0Seg\u00fan Noble, es dif\u00edcil predecir si el \u00abpaciente\u00bb &#8211; en este caso, el Amazonas -. Se reaccionar, aunque no es una soluci\u00f3n al problema\u00a0\u00abCuando est\u00e1s en el proceso de ingreso en el hospital, el m\u00e9dico le dir\u00e1 a qu\u00e9 hora va morir?\u00a0No lo har\u00e1.\u00a0Depende de su cuerpo y de muchos factores, y lo que el m\u00e9dico puede hacer es lo que est\u00e1 en sus puntas de los dedos: informar.\u00a0Lo que estoy haciendo es afirmar [sobre la cuesti\u00f3n ambiental en la Amazonia].\u00a0Y creo que tengo una soluci\u00f3n: la deforestaci\u00f3n cero para ayer y volver a sembrar en el esfuerzo de guerra.\u00a0Pero antes de eso, un esfuerzo real para poner fin a la guerra es la ignorancia \u00ab, enfatiz\u00f3.<\/p>\n<p>Seg\u00fan Noble, el esfuerzo por detener la deforestaci\u00f3n no es suficiente, ya que tambi\u00e9n tenemos que hacer frente a la responsabilidad derivada de la deforestaci\u00f3n acumulada e iniciar un proceso de recuperaci\u00f3n que ya ha sido destruido.\u00a0\u00abTenemos que plantar \u00e1rboles por todas partes, no s\u00f3lo en el Amazonas\u00bb, dijo el investigador, recordando que simplemente no se pueden plantar eucaliptos, como ocurre en la actualidad, ya que este no es el tipo m\u00e1s adecuado para atraer la lluvia.<\/p>\n<p>Para \u00e9l, el gobierno tiene una gran tarea para llevar a cabo y que se debe trabajar en conjunto con los fiscales, la Justicia, las organizaciones no gubernamentales (ONG), y especialmente los cient\u00edficos, repitiendo algo que fue hecho despu\u00e9s de 2004, cuando Brasil alcanz\u00f3 el pico de \u00e1rea deforestada ([27 700 km\u00b2) \u00abEs posible hacer los arreglos y todos los sectores se est\u00e1n beneficiando,\u00bb airmou.<\/p>\n<p>Aunque la deforestaci\u00f3n se est\u00e1 reduciendo en los \u00faltimos a\u00f1os, Brasil sigue siendo deforestador m\u00e1s grande del mundo, dijo Claudio Amarante, el WWF Brasil.\u00a0\u00abA partir de los datos que tenemos hoy en d\u00eda, todo reducido, Brasil sigue siendo el mayor deforestador el mundo, aunque depende de c\u00f3mo se mide.\u00a0Brasil cuenta con diez a\u00f1os de reducci\u00f3n de la deforestaci\u00f3n, pero los pa\u00edses andinos amaz\u00f3nicos vienen en caso contrario, se produce un aumento en la deforestaci\u00f3n.\u00a0Despu\u00e9s de Brasil, llegado a Bolivia, Per\u00fa, Colombia, Venezuela y Ecuador, el punto de vista absoluto [de \u00e1rea deforestada] \u00ab.<\/p>\n<p>Seg\u00fan Amarante, el control de la deforestaci\u00f3n en Brasil est\u00e1 entrando en su fase m\u00e1s dif\u00edcil: la lucha contra peque\u00f1os parches de la deforestaci\u00f3n, los sat\u00e9lites apenas visibles.\u00a0\u00abHasta ahora, lo que podr\u00eda detener la deforestaci\u00f3n fue que era m\u00e1s f\u00e1cil, los m\u00e1s descaradamente ilegal, las \u00e1reas m\u00e1s grandes y de detecci\u00f3n m\u00e1s alto.\u00a0Ahora tenemos que luchar contra los peque\u00f1os parches de la deforestaci\u00f3n y la hecha por peque\u00f1as granjas o los asentamientos \u00ab, dijo.<\/p>\n<h6>Fuente: Tucum\u00e1n Hoy<\/h6>\n","protected":false},"excerpt":{"rendered":"<p>Hasta el a\u00f1o pasado, la deforestaci\u00f3n acumulada en la selva amaz\u00f3nica, en 40 a\u00f1os de an\u00e1lisis, ascendi\u00f3 a 762.979 kil\u00f3metros cuadrados (km\u00b2), que corresponden a tres estados de S\u00e3o Paulo y 184 millones de campos de f\u00fatbol. As\u00ed lo revela que el informe\u00a0El futuro clim\u00e1tico de la Amazon\u00eda\u00a0, liderado por el investigador Antonio Donato Nobre,<\/p>\n","protected":false},"author":2,"featured_media":17873,"comment_status":"closed","ping_status":"closed","sticky":false,"template":"","format":"standard","meta":{"footnotes":""},"categories":[22],"tags":[57],"class_list":["post-17872","post","type-post","status-publish","format-standard","has-post-thumbnail","hentry","category-el-mundo","tag-el-mundo"],"_links":{"self":[{"href":"http:\/\/argentinamunicipal.com.ar\/argentina\/wp-json\/wp\/v2\/posts\/17872","targetHints":{"allow":["GET"]}}],"collection":[{"href":"http:\/\/argentinamunicipal.com.ar\/argentina\/wp-json\/wp\/v2\/posts"}],"about":[{"href":"http:\/\/argentinamunicipal.com.ar\/argentina\/wp-json\/wp\/v2\/types\/post"}],"author":[{"embeddable":true,"href":"http:\/\/argentinamunicipal.com.ar\/argentina\/wp-json\/wp\/v2\/users\/2"}],"replies":[{"embeddable":true,"href":"http:\/\/argentinamunicipal.com.ar\/argentina\/wp-json\/wp\/v2\/comments?post=17872"}],"version-history":[{"count":0,"href":"http:\/\/argentinamunicipal.com.ar\/argentina\/wp-json\/wp\/v2\/posts\/17872\/revisions"}],"wp:featuredmedia":[{"embeddable":true,"href":"http:\/\/argentinamunicipal.com.ar\/argentina\/wp-json\/wp\/v2\/media\/17873"}],"wp:attachment":[{"href":"http:\/\/argentinamunicipal.com.ar\/argentina\/wp-json\/wp\/v2\/media?parent=17872"}],"wp:term":[{"taxonomy":"category","embeddable":true,"href":"http:\/\/argentinamunicipal.com.ar\/argentina\/wp-json\/wp\/v2\/categories?post=17872"},{"taxonomy":"post_tag","embeddable":true,"href":"http:\/\/argentinamunicipal.com.ar\/argentina\/wp-json\/wp\/v2\/tags?post=17872"}],"curies":[{"name":"wp","href":"https:\/\/api.w.org\/{rel}","templated":true}]}}