{"id":17875,"date":"2014-10-31T10:40:33","date_gmt":"2014-10-31T13:40:33","guid":{"rendered":"http:\/\/argentinamunicipal.com.ar\/argentina\/?p=17875"},"modified":"2014-10-31T10:40:33","modified_gmt":"2014-10-31T13:40:33","slug":"el-centro-de-computos-georreferencial-municipal-de-salta-se-pone-en-marcha","status":"publish","type":"post","link":"http:\/\/argentinamunicipal.com.ar\/argentina\/el-centro-de-computos-georreferencial-municipal-de-salta-se-pone-en-marcha\/","title":{"rendered":"El Centro de C\u00f3mputos Georreferencial municipal de Salta se pone en marcha"},"content":{"rendered":"<p><a href=\"http:\/\/argentinamunicipal.com.ar\/argentina\/wp-content\/uploads\/2014\/10\/Centro-de-computos-1.jpg\"><img loading=\"lazy\" decoding=\"async\" class=\"aligncenter  wp-image-17876\" src=\"http:\/\/argentinamunicipal.com.ar\/argentina\/wp-content\/uploads\/2014\/10\/Centro-de-computos-1.jpg\" alt=\"Centro-de-computos-1\" width=\"759\" height=\"506\" srcset=\"http:\/\/argentinamunicipal.com.ar\/argentina\/wp-content\/uploads\/2014\/10\/Centro-de-computos-1.jpg 1004w, http:\/\/argentinamunicipal.com.ar\/argentina\/wp-content\/uploads\/2014\/10\/Centro-de-computos-1-300x199.jpg 300w\" sizes=\"auto, (max-width: 759px) 100vw, 759px\" \/><\/a><\/p>\n<p>Con la presencia del jefe de Gabinete, Jos\u00e9 Luis Gambetta, autoridades provinciales y nacionales, ma\u00f1ana a las 10 en el CCM, se pondr\u00e1 en funcionamiento el Centro de C\u00f3mputos Municipal, que por su tecnolog\u00eda \u00fanica en el NOA, permitir\u00e1 identificar f\u00edsicamente d\u00f3nde se localizan los problemas de la ciudad para agilizar la toma de decisiones.<\/p>\n<p>Ma\u00f1ana a las 10, en Sala de Gabinete, se presentar\u00e1 el nuevo Centro de C\u00f3mputos Georreferencial, que por sus caracter\u00edsticas es \u00fanico en el Noroeste Argentino. El espacio funcionar\u00e1 en el Centro C\u00edvico Municipal y ser\u00e1 coordinado por la Subsecretar\u00eda de Tecnolog\u00eda de Hacienda Municipal.<\/p>\n<p>En el lanzamiento estar\u00e1n presentes el jefe de Gabinete, Jos\u00e9 Luis Gambetta, referentes de la Unidad Ejecutora Central dependiente del Ministerio del Interior y funcionarios de la Secretar\u00eda de Financiamiento provincial.<\/p>\n<p>El Sistema Municipal de Informaci\u00f3n Geogr\u00e1fica, permitir\u00e1 centralizar e integrar la informaci\u00f3n de todas las \u00e1reas municipales, para que a trav\u00e9s de su manejo en l\u00ednea se tomen las decisiones y se visualicen las prioridades de gesti\u00f3n. Tambi\u00e9n servir\u00e1 para organizar internamente la base de datos municipal.<\/p>\n<p>Que sea georreferencial significa que mediante la informaci\u00f3n digitalizada, se podr\u00e1 identificar f\u00edsicamente d\u00f3nde se localizan los problemas de la ciudad. As\u00ed se podr\u00e1n conocer con exactitud las condiciones estructurales de escuelas, hospitales y espacios verdes de un barrio, como as\u00ed tambi\u00e9n las \u00faltimas intervenciones que se realizaron, todo dependiendo del tipo de informaci\u00f3n que se solicite y se superponga en el sistema.<\/p>\n<p>La concreci\u00f3n del centro de c\u00f3mputos se hizo posible gracias al apoyo que el Banco Interamericano de Desarrollo (BID) prest\u00f3 para la adquisici\u00f3n de las licencias inform\u00e1ticas IBM y el hardware que hoy tiene el organismo. Previamente la Municipalidad tuvo que acondicionar el lugar, instalando alarmas, sensores de seguridad, lectores de huella y pisos flotantes.<\/p>\n<p>Actualmente, se est\u00e1 migrando informaci\u00f3n desde la Direcci\u00f3n General de Habilitaciones para el armado de la base de datos y la puesta en funcionamiento de los desarrollos aplicativos. Luego se continuar\u00e1 con los datos provenientes de Planeamiento Urbano.<\/p>\n<p>Con el Centro de C\u00f3mputos Municipal, Salta estar\u00e1 a la cabeza en el Noroeste Argentino en lo referido a la digitalizaci\u00f3n y aprovechamiento de la informaci\u00f3n georreferencial que permitir\u00e1 dar una mejor y m\u00e1s oportuna soluci\u00f3n a los problemas de la ciudad.<\/p>\n<h6>Fuente: La Hora de Salta<\/h6>\n","protected":false},"excerpt":{"rendered":"<p>Con la presencia del jefe de Gabinete, Jos\u00e9 Luis Gambetta, autoridades provinciales y nacionales, ma\u00f1ana a las 10 en el CCM, se pondr\u00e1 en funcionamiento el Centro de C\u00f3mputos Municipal, que por su tecnolog\u00eda \u00fanica en el NOA, permitir\u00e1 identificar f\u00edsicamente d\u00f3nde se localizan los problemas de la ciudad para agilizar la toma de decisiones.<\/p>\n","protected":false},"author":2,"featured_media":17876,"comment_status":"closed","ping_status":"closed","sticky":false,"template":"","format":"standard","meta":{"footnotes":""},"categories":[2],"tags":[9],"class_list":["post-17875","post","type-post","status-publish","format-standard","has-post-thumbnail","hentry","category-informe-municipal","tag-salta"],"_links":{"self":[{"href":"http:\/\/argentinamunicipal.com.ar\/argentina\/wp-json\/wp\/v2\/posts\/17875","targetHints":{"allow":["GET"]}}],"collection":[{"href":"http:\/\/argentinamunicipal.com.ar\/argentina\/wp-json\/wp\/v2\/posts"}],"about":[{"href":"http:\/\/argentinamunicipal.com.ar\/argentina\/wp-json\/wp\/v2\/types\/post"}],"author":[{"embeddable":true,"href":"http:\/\/argentinamunicipal.com.ar\/argentina\/wp-json\/wp\/v2\/users\/2"}],"replies":[{"embeddable":true,"href":"http:\/\/argentinamunicipal.com.ar\/argentina\/wp-json\/wp\/v2\/comments?post=17875"}],"version-history":[{"count":0,"href":"http:\/\/argentinamunicipal.com.ar\/argentina\/wp-json\/wp\/v2\/posts\/17875\/revisions"}],"wp:featuredmedia":[{"embeddable":true,"href":"http:\/\/argentinamunicipal.com.ar\/argentina\/wp-json\/wp\/v2\/media\/17876"}],"wp:attachment":[{"href":"http:\/\/argentinamunicipal.com.ar\/argentina\/wp-json\/wp\/v2\/media?parent=17875"}],"wp:term":[{"taxonomy":"category","embeddable":true,"href":"http:\/\/argentinamunicipal.com.ar\/argentina\/wp-json\/wp\/v2\/categories?post=17875"},{"taxonomy":"post_tag","embeddable":true,"href":"http:\/\/argentinamunicipal.com.ar\/argentina\/wp-json\/wp\/v2\/tags?post=17875"}],"curies":[{"name":"wp","href":"https:\/\/api.w.org\/{rel}","templated":true}]}}