{"id":17956,"date":"2014-11-01T11:08:34","date_gmt":"2014-11-01T14:08:34","guid":{"rendered":"http:\/\/argentinamunicipal.com.ar\/argentina\/?p=17956"},"modified":"2014-11-01T11:08:34","modified_gmt":"2014-11-01T14:08:34","slug":"onu-la-basura-electronica-es-una-bomba-ecologica-para-el-planeta","status":"publish","type":"post","link":"http:\/\/argentinamunicipal.com.ar\/argentina\/onu-la-basura-electronica-es-una-bomba-ecologica-para-el-planeta\/","title":{"rendered":"ONU: La basura electr\u00f3nica es una bomba ecol\u00f3gica para el planeta"},"content":{"rendered":"<p><a href=\"http:\/\/argentinamunicipal.com.ar\/argentina\/wp-content\/uploads\/2014\/11\/Basura-electr\u00f3nica.jpg\"><img loading=\"lazy\" decoding=\"async\" class=\"alignright size-full wp-image-17957\" src=\"http:\/\/argentinamunicipal.com.ar\/argentina\/wp-content\/uploads\/2014\/11\/Basura-electr\u00f3nica.jpg\" alt=\"Basura-electr\u00f3nica\" width=\"320\" height=\"240\" srcset=\"http:\/\/argentinamunicipal.com.ar\/argentina\/wp-content\/uploads\/2014\/11\/Basura-electr\u00f3nica.jpg 320w, http:\/\/argentinamunicipal.com.ar\/argentina\/wp-content\/uploads\/2014\/11\/Basura-electr\u00f3nica-300x225.jpg 300w\" sizes=\"auto, (max-width: 320px) 100vw, 320px\" \/><\/a>Millones de m\u00f3viles, c\u00e1maras digitales, ordenadores, tabletas y dem\u00e1s artilugios electr\u00f3nicos acaban cada a\u00f1o en la basura com\u00fan, lo que supone un enorme peligro para la salud y el medio ambiente, advierte Naciones Unidas.<\/p>\n<p>Millones de m\u00f3viles, c\u00e1maras digitales, ordenadores, tabletas y dem\u00e1s artilugios electr\u00f3nicos acaban cada a\u00f1o en la basura com\u00fan, lo que supone un enorme peligro para la salud y el medio ambiente, advierte Naciones Unidas.<\/p>\n<p>Y el problema va a m\u00e1s: si en el a\u00f1o 2000 se produjeron alrededor de 10 millones de toneladas de desechos electr\u00f3nicos, ahora son unos 50 millones, equivalente a ocho veces el peso de la gran pir\u00e1mide egipcia de Guiza.<\/p>\n<p>Esa cifra significa que cada habitante del planeta genera una media de siete kilos de basura tecnol\u00f3gica y los c\u00e1lculos prev\u00e9n que en los pr\u00f3ximos tres a\u00f1os esos residuos aumenten en un tercio, seg\u00fan datos de Naciones Unidas.<\/p>\n<p>La basura per c\u00e1pita producida var\u00eda seg\u00fan la riqueza y consciencia ambiental de cada pa\u00eds, y va desde los 63 kilos que genera un catar\u00ed, pasando por los casi 30 de un estadounidense, los 23 de un alem\u00e1n, los 18 de una espa\u00f1ol, los 9 de un mexicano, los 7 de un brasile\u00f1o o los 620 gramos de un maliense.<\/p>\n<p>Muchos aparatos electr\u00f3nicos, que tienen una vida cada vez m\u00e1s corta, est\u00e1n cargados de metales pesados muy da\u00f1inos para la salud.<\/p>\n<p>Materiales como el plomo, el mercurio, el cadmio o el zinc pueden ser una fuente contaminante a largo plazo si no se los recicla de forma adecuada.<\/p>\n<p>Algo que s\u00f3lo se hace con una m\u00ednima parte de toda esa basura, seg\u00fan denuncian desde Naciones Unidas y grupos de protecci\u00f3n del medioambiente.<\/p>\n<p>La Oficina de Naciones Unidas para el Desarrollo Industrial (ONUDI), con sede en Viena, calcula que en 2016 los pa\u00edses en desarrollo producir\u00e1n ya m\u00e1s basura electr\u00f3nica que los industrializados.<\/p>\n<p>Un desaf\u00edo a\u00f1adido porque esas naciones cuentan con menos medios para abordar el problema.<\/p>\n<p>Para dar una respuesta a esta situaci\u00f3n, la ONU ha lanzado la Iniciativa StEP, con el objetivo de promover la reutilizaci\u00f3n y aumentar el ciclo vital de los productos electr\u00f3nicos.<\/p>\n<p>Ruediger Kuehr, secretario ejecutivo de StEP, reconoce que aunque \u00e9ste es un problema medioambiental subestimado, al menos comienza a figurar en la agenda pol\u00edtica internacional.<\/p>\n<p>\u00abEstamos muy al inicio, por el momento no podemos decir que estemos en el buen camino, pero al menos est\u00e1 abri\u00e9ndose paso en la agenda pol\u00edtica\u00bb, explica el experto alem\u00e1n a Efe en Viena.<\/p>\n<p>\u00abQuienes toman decisiones pol\u00edticas, como los Gobiernos, son conscientes de que esto es una bomba de relojer\u00eda y de que se deben tomar decisiones\u00bb, asegura.<\/p>\n<p>El problema afecta a todos los pa\u00edses, porque en el mundo rico tampoco se recicla lo suficiente, falta concienciaci\u00f3n sobre el problema y se tiene una visi\u00f3n equivocada de los peligros.<\/p>\n<p>\u00abLos consumidores (en los pa\u00edses industrializados) no son del todo conscientes del desaf\u00edo que supone la basura electr\u00f3nica\u00bb, ya que consideran que es un problema lejano, que afecta a quienes desmantelan los equipos de forma rudimentaria en \u00c3\u0081frica o Asia.<\/p>\n<p>Y aunque ese tipo de reciclaje en precarias condiciones es muy peligroso, s\u00f3lo es una parte del problema.<\/p>\n<p>La cuesti\u00f3n de fondo es que \u00abs\u00f3lo una peque\u00f1a parte del material electr\u00f3nico se recicla en pa\u00edses como Alemania, Reino Unido o Estados Unidos\u00bb, recuerda Kuehr.<\/p>\n<p>Si en el mundo desarrollado la falta de reciclaje electr\u00f3nico se debe a la escasa concienciaci\u00f3n, en los pa\u00edses en desarrollo es por simple ausencia de infraestructuras para ello.<\/p>\n<p>Kuehr afirma que algunas empresas tecnol\u00f3gicas han comenzado a tomar \u00abcierta responsabilidad sobre la basura electr\u00f3nica generada\u00bb mediante distintos programas, pero carga sus cr\u00edticas en el consumidor que demanda tecnolog\u00eda al menor coste posible.<\/p>\n<p>\u00abHay que criticar al consumidor, que s\u00f3lo quiere la \u00faltima tecnolog\u00eda por muy poco dinero. Y eso se traduce en que es muy dif\u00edcil de reparar o es de muy baja calidad, lo que reduce la vida de estos productos\u00bb, subraya.<\/p>\n<p>\u00abSi levantaran la voz y dijeran que quieren equipos baratos pero tambi\u00e9n que se puedan reparar y renovar para que sirvan mejor en el futuro, porque son conscientes de las implicaciones ambientales, entonces las compa\u00f1\u00edas responder\u00edan\u00bb, asegura.<\/p>\n<p>Por eso, Kuehr aboga por campa\u00f1as p\u00fablicas y educativas para concienciar sobre este problema y sobre su impacto en el medio ambiente, y aclara que si no se da respuestas a esta situaci\u00f3n \u00abser\u00e1 dif\u00edcil crear innovaciones tecnol\u00f3gicas sostenibles\u00bb en el futuro.<\/p>\n<p>Para este experto, el objetivo a largo plazo es \u00abcerrar el ciclo y llegar a un modelo sostenible\u00bb, en el que las empresas puedan crear nuevos equipos utilizando materiales de los antiguos.<\/p>\n<p>Adem\u00e1s, los viejos equipos encierran componentes de gran valor, como oro, plata y platino, utilizados por su estabilidad y capacidad conductora en ordenadores y port\u00e1tiles.<\/p>\n<p>Otro problema es la exportaci\u00f3n ilegal de basura tecnol\u00f3gica desde los pa\u00edses ricos, especialmente de EE. UU. y Europa, a los pobres, donde esos residuos pone en riesgo la vida de los trabajadores que desguazan los equipos sin la debida protecci\u00f3n.<\/p>\n<p>Seg\u00fan estimaciones de la Agencia Europea de Medio Ambiente, al menos 250.000 toneladas de desechos electr\u00f3nicos salen cada a\u00f1o de la Uni\u00f3n Europea de forma ilegal como bienes de segunda mano, cuando en realidad son productos inutilizables.<\/p>\n<h6>Fuente: La Voz del Interior<\/h6>\n","protected":false},"excerpt":{"rendered":"<p>Millones de m\u00f3viles, c\u00e1maras digitales, ordenadores, tabletas y dem\u00e1s artilugios electr\u00f3nicos acaban cada a\u00f1o en la basura com\u00fan, lo que supone un enorme peligro para la salud y el medio ambiente, advierte Naciones Unidas. Millones de m\u00f3viles, c\u00e1maras digitales, ordenadores, tabletas y dem\u00e1s artilugios electr\u00f3nicos acaban cada a\u00f1o en la basura com\u00fan, lo que supone<\/p>\n","protected":false},"author":2,"featured_media":17957,"comment_status":"closed","ping_status":"closed","sticky":false,"template":"","format":"standard","meta":{"footnotes":""},"categories":[22],"tags":[57],"class_list":["post-17956","post","type-post","status-publish","format-standard","has-post-thumbnail","hentry","category-el-mundo","tag-el-mundo"],"_links":{"self":[{"href":"http:\/\/argentinamunicipal.com.ar\/argentina\/wp-json\/wp\/v2\/posts\/17956","targetHints":{"allow":["GET"]}}],"collection":[{"href":"http:\/\/argentinamunicipal.com.ar\/argentina\/wp-json\/wp\/v2\/posts"}],"about":[{"href":"http:\/\/argentinamunicipal.com.ar\/argentina\/wp-json\/wp\/v2\/types\/post"}],"author":[{"embeddable":true,"href":"http:\/\/argentinamunicipal.com.ar\/argentina\/wp-json\/wp\/v2\/users\/2"}],"replies":[{"embeddable":true,"href":"http:\/\/argentinamunicipal.com.ar\/argentina\/wp-json\/wp\/v2\/comments?post=17956"}],"version-history":[{"count":0,"href":"http:\/\/argentinamunicipal.com.ar\/argentina\/wp-json\/wp\/v2\/posts\/17956\/revisions"}],"wp:featuredmedia":[{"embeddable":true,"href":"http:\/\/argentinamunicipal.com.ar\/argentina\/wp-json\/wp\/v2\/media\/17957"}],"wp:attachment":[{"href":"http:\/\/argentinamunicipal.com.ar\/argentina\/wp-json\/wp\/v2\/media?parent=17956"}],"wp:term":[{"taxonomy":"category","embeddable":true,"href":"http:\/\/argentinamunicipal.com.ar\/argentina\/wp-json\/wp\/v2\/categories?post=17956"},{"taxonomy":"post_tag","embeddable":true,"href":"http:\/\/argentinamunicipal.com.ar\/argentina\/wp-json\/wp\/v2\/tags?post=17956"}],"curies":[{"name":"wp","href":"https:\/\/api.w.org\/{rel}","templated":true}]}}