{"id":1804,"date":"2014-02-21T18:02:29","date_gmt":"2014-02-21T21:02:29","guid":{"rendered":"http:\/\/argentinamunicipal.com.ar\/argentina\/?p=1804"},"modified":"2014-02-21T21:00:06","modified_gmt":"2014-02-22T00:00:06","slug":"corrientes-festramco-marcha-a-casa-de-gobierno","status":"publish","type":"post","link":"http:\/\/argentinamunicipal.com.ar\/argentina\/corrientes-festramco-marcha-a-casa-de-gobierno\/","title":{"rendered":"Corrientes: Festramco marcha a Casa de Gobierno"},"content":{"rendered":"<p><a href=\"http:\/\/argentinamunicipal.com.ar\/argentina\/wp-content\/uploads\/2014\/02\/Casa-Gobierno-Corrientes.jpg\"><img loading=\"lazy\" decoding=\"async\" class=\"alignleft  wp-image-1805\" alt=\"Casa Gobierno Corrientes\" src=\"http:\/\/argentinamunicipal.com.ar\/argentina\/wp-content\/uploads\/2014\/02\/Casa-Gobierno-Corrientes.jpg\" width=\"120\" height=\"90\" \/><\/a>La Federaci\u00f3n de Sindicatos de Trabajadores Municipales de Corrientes (Festramco) marchar\u00e1 hoy a Casa de Gobierno para plantear su oposici\u00f3n a las retenciones de coparticipaci\u00f3n que el Ejecutivo realiza a las comunas con deudas.<\/p>\n<h6>Fuente: El Litoral (Corrientes)<\/h6>\n","protected":false},"excerpt":{"rendered":"<p>La Federaci\u00f3n de Sindicatos de Trabajadores Municipales de Corrientes (Festramco) marchar\u00e1 hoy a Casa de Gobierno para plantear su oposici\u00f3n a las retenciones de coparticipaci\u00f3n que el Ejecutivo realiza a las comunas con deudas. Fuente: El Litoral (Corrientes)<\/p>\n","protected":false},"author":2,"featured_media":1805,"comment_status":"closed","ping_status":"closed","sticky":false,"template":"","format":"standard","meta":{"footnotes":""},"categories":[7],"tags":[13],"class_list":["post-1804","post","type-post","status-publish","format-standard","has-post-thumbnail","hentry","category-informe-sindical","tag-corrientes"],"_links":{"self":[{"href":"http:\/\/argentinamunicipal.com.ar\/argentina\/wp-json\/wp\/v2\/posts\/1804","targetHints":{"allow":["GET"]}}],"collection":[{"href":"http:\/\/argentinamunicipal.com.ar\/argentina\/wp-json\/wp\/v2\/posts"}],"about":[{"href":"http:\/\/argentinamunicipal.com.ar\/argentina\/wp-json\/wp\/v2\/types\/post"}],"author":[{"embeddable":true,"href":"http:\/\/argentinamunicipal.com.ar\/argentina\/wp-json\/wp\/v2\/users\/2"}],"replies":[{"embeddable":true,"href":"http:\/\/argentinamunicipal.com.ar\/argentina\/wp-json\/wp\/v2\/comments?post=1804"}],"version-history":[{"count":0,"href":"http:\/\/argentinamunicipal.com.ar\/argentina\/wp-json\/wp\/v2\/posts\/1804\/revisions"}],"wp:featuredmedia":[{"embeddable":true,"href":"http:\/\/argentinamunicipal.com.ar\/argentina\/wp-json\/wp\/v2\/media\/1805"}],"wp:attachment":[{"href":"http:\/\/argentinamunicipal.com.ar\/argentina\/wp-json\/wp\/v2\/media?parent=1804"}],"wp:term":[{"taxonomy":"category","embeddable":true,"href":"http:\/\/argentinamunicipal.com.ar\/argentina\/wp-json\/wp\/v2\/categories?post=1804"},{"taxonomy":"post_tag","embeddable":true,"href":"http:\/\/argentinamunicipal.com.ar\/argentina\/wp-json\/wp\/v2\/tags?post=1804"}],"curies":[{"name":"wp","href":"https:\/\/api.w.org\/{rel}","templated":true}]}}