{"id":181,"date":"2014-02-03T00:38:48","date_gmt":"2014-02-03T03:38:48","guid":{"rendered":"http:\/\/municipales.org.ar\/argentina\/?p=181"},"modified":"2014-02-08T18:48:26","modified_gmt":"2014-02-08T21:48:26","slug":"en-jujuy-el-seom-vuelve-al-paro-manana-por-falta-de-pago-y-recomposicion-salarial","status":"publish","type":"post","link":"http:\/\/argentinamunicipal.com.ar\/argentina\/en-jujuy-el-seom-vuelve-al-paro-manana-por-falta-de-pago-y-recomposicion-salarial\/","title":{"rendered":"En Jujuy, el Seom vuelve al paro ma\u00f1ana por falta de pago y recomposici\u00f3n salarial"},"content":{"rendered":"<div id=\"attachment_182\" style=\"width: 630px\" class=\"wp-caption aligncenter\"><a href=\"http:\/\/argentinamunicipal.com.ar\/argentina\/wp-content\/uploads\/2014\/02\/365828_620.jpg\"><img loading=\"lazy\" decoding=\"async\" aria-describedby=\"caption-attachment-182\" class=\"size-full wp-image-182 \" alt=\"El plenario de delegados ayer decidi\u00f3 una medida sin asistencia.\" src=\"http:\/\/argentinamunicipal.com.ar\/argentina\/wp-content\/uploads\/2014\/02\/365828_620.jpg\" width=\"620\" height=\"465\" srcset=\"http:\/\/argentinamunicipal.com.ar\/argentina\/wp-content\/uploads\/2014\/02\/365828_620.jpg 620w, http:\/\/argentinamunicipal.com.ar\/argentina\/wp-content\/uploads\/2014\/02\/365828_620-300x225.jpg 300w\" sizes=\"auto, (max-width: 620px) 100vw, 620px\" \/><\/a><p id=\"caption-attachment-182\" class=\"wp-caption-text\">El plenario de delegados ayer decidi\u00f3 una medida sin asistencia.<\/p><\/div>\n<p>Los delegados del Seom Jujuy de distintas localidades de la provincia reunidos en plenario, resolvieron ayer iniciar un plan de lucha para que el Gobierno pague en tiempo y forma, esto es, hasta el 5 de cada mes. Adem\u00e1s plantearon una recomposici\u00f3n salarial acorde a la devaluaci\u00f3n del peso y la inflaci\u00f3n.<\/p>\n<p>Como consecuencia de estos planteos el plenario anunci\u00f3 paro sin asistencia desde ma\u00f1ana mi\u00e9rcoles hasta que los sueldos del mes de enero sean depositados.<\/p>\n<p>\u201cEste mi\u00e9rcoles, sabiendo que no hay cronograma, el Seom entra en medidas de fuerza hasta cobrar efectivamente. Este es el primer paso de un plan de lucha\u201d, dijo el titular del gremio Carlos Santill\u00e1n.<\/p>\n<p>\u201cA nivel provincial, reclamamos salario digno para los municipales, ley de coparticipaci\u00f3n para los municipios, as\u00ed no tenemos dos patrones, ya que hoy nos obligan a reclamar a la provincia que nos paguen o nos puedan pasar a planta permanente. La medida tambi\u00e9n es en contra de la precarizaci\u00f3n laboral, por la jubilaci\u00f3n con el 82 % m\u00f3vil y que todos los aumentos que se perciban vayan al b\u00e1sico\u201d, se\u00f1al\u00f3 el dirigente.<\/p>\n<p>Durante el plenario, Santill\u00e1n expres\u00f3 que \u201chay mucha desocupaci\u00f3n y todos pechan en los municipios: las organizaciones sociales, los desocupados, adem\u00e1s siguen haciendo entrar gente por pol\u00edtica, y cada vez son m\u00e1s\u201d. En este sentido, el secretario general del Seom, consider\u00f3 \u201ctiene que haber un corte y tiene que haber propuestas desde el Gobierno para la gente que est\u00e1 desocupada. No puede ser ya que por pol\u00edtica hagan entrar a la gente y laburar por dos mangos. Por eso, es necesario volver a un sistema donde la gente pueda producir. Nosotros vamos a tender a que eso suceda, para que los compa\u00f1eros que est\u00e9n dentro del municipio puedan vivir bien\u201d, apunt\u00f3 finalmente.<\/p>\n<pre>Fuente: El Tribuno<\/pre>\n","protected":false},"excerpt":{"rendered":"<p>Los delegados del Seom Jujuy de distintas localidades de la provincia reunidos en plenario, resolvieron ayer iniciar un plan de lucha para que el Gobierno pague en tiempo y forma, esto es, hasta el 5 de cada mes. Adem\u00e1s plantearon una recomposici\u00f3n salarial acorde a la devaluaci\u00f3n del peso y la inflaci\u00f3n. Como consecuencia de<\/p>\n","protected":false},"author":1,"featured_media":182,"comment_status":"closed","ping_status":"closed","sticky":false,"template":"","format":"standard","meta":{"footnotes":""},"categories":[7],"tags":[25],"class_list":["post-181","post","type-post","status-publish","format-standard","has-post-thumbnail","hentry","category-informe-sindical","tag-jujuy"],"_links":{"self":[{"href":"http:\/\/argentinamunicipal.com.ar\/argentina\/wp-json\/wp\/v2\/posts\/181","targetHints":{"allow":["GET"]}}],"collection":[{"href":"http:\/\/argentinamunicipal.com.ar\/argentina\/wp-json\/wp\/v2\/posts"}],"about":[{"href":"http:\/\/argentinamunicipal.com.ar\/argentina\/wp-json\/wp\/v2\/types\/post"}],"author":[{"embeddable":true,"href":"http:\/\/argentinamunicipal.com.ar\/argentina\/wp-json\/wp\/v2\/users\/1"}],"replies":[{"embeddable":true,"href":"http:\/\/argentinamunicipal.com.ar\/argentina\/wp-json\/wp\/v2\/comments?post=181"}],"version-history":[{"count":0,"href":"http:\/\/argentinamunicipal.com.ar\/argentina\/wp-json\/wp\/v2\/posts\/181\/revisions"}],"wp:featuredmedia":[{"embeddable":true,"href":"http:\/\/argentinamunicipal.com.ar\/argentina\/wp-json\/wp\/v2\/media\/182"}],"wp:attachment":[{"href":"http:\/\/argentinamunicipal.com.ar\/argentina\/wp-json\/wp\/v2\/media?parent=181"}],"wp:term":[{"taxonomy":"category","embeddable":true,"href":"http:\/\/argentinamunicipal.com.ar\/argentina\/wp-json\/wp\/v2\/categories?post=181"},{"taxonomy":"post_tag","embeddable":true,"href":"http:\/\/argentinamunicipal.com.ar\/argentina\/wp-json\/wp\/v2\/tags?post=181"}],"curies":[{"name":"wp","href":"https:\/\/api.w.org\/{rel}","templated":true}]}}