{"id":18102,"date":"2014-11-03T12:44:16","date_gmt":"2014-11-03T15:44:16","guid":{"rendered":"http:\/\/argentinamunicipal.com.ar\/argentina\/?p=18102"},"modified":"2014-11-03T12:44:54","modified_gmt":"2014-11-03T15:44:54","slug":"entre-rios-se-prepara-para-la-cumbre-del-mercosur","status":"publish","type":"post","link":"http:\/\/argentinamunicipal.com.ar\/argentina\/entre-rios-se-prepara-para-la-cumbre-del-mercosur\/","title":{"rendered":"Entre R\u00edos se prepara para la Cumbre del Mercosur"},"content":{"rendered":"<p><a href=\"http:\/\/argentinamunicipal.com.ar\/argentina\/wp-content\/uploads\/2014\/11\/usina.jpg\"><img loading=\"lazy\" decoding=\"async\" class=\"aligncenter size-full wp-image-18103\" src=\"http:\/\/argentinamunicipal.com.ar\/argentina\/wp-content\/uploads\/2014\/11\/usina.jpg\" alt=\"usina\" width=\"640\" height=\"360\" srcset=\"http:\/\/argentinamunicipal.com.ar\/argentina\/wp-content\/uploads\/2014\/11\/usina.jpg 640w, http:\/\/argentinamunicipal.com.ar\/argentina\/wp-content\/uploads\/2014\/11\/usina-300x168.jpg 300w\" sizes=\"auto, (max-width: 640px) 100vw, 640px\" \/><\/a><\/p>\n<p>Durante su estad\u00eda en Paran\u00e1, los presidentes sudamericanos concurrir\u00e1n a dos edificios emblem\u00e1ticos: el Centro Cultural y de Convenciones La Vieja Usina y la Escuela Del Centenario fueron los elegidos como sedes de la Cumbre del Mercosur, a realizarse en Paran\u00e1 entre 14 y el 18 de diciembre \u2022 En ambos se est\u00e1n realizando tareas de puesta en valor que ser\u00e1n patrimonio de la ciudad<\/p>\n<p>\u201cEste ser\u00e1 el encuentro de la continuidad, de la profundizaci\u00f3n, de la integraci\u00f3n regional y de la construcci\u00f3n de un bloque cada vez m\u00e1s importante en el escenario mundial. La provincia est\u00e1 trabajando intensamente, junto a Presidencia y Canciller\u00eda, para que esta Cumbre sea \u00e9xito. Los entrerrianos vamos a ser protagonistas, una vez m\u00e1s, de un hecho hist\u00f3rico\u201d, remarc\u00f3 el gobernador Sergio Urribarri.<\/p>\n<p>Esta semana los equipos t\u00e9cnicos de Presidencia y Canciller\u00eda estuvieron realizando un recorrido por las sedes del Mercosur junto a los equipos de la provincia. Ser\u00e1n numerosas las delegaciones de varios pa\u00edses que van a estar en la provincia y se estima que alrededor de 400 periodistas nacionales e internacionales se acreditar\u00e1n para cubrir las distintas instancias de la Cumbre y mostrarlas al mundo.<\/p>\n<p>Canciller\u00eda Argentina eligi\u00f3 el Centro Cultural y de Convenciones La Vieja Usina y la Escuela Del Centenario por intervenciones oportunamente realizadas que demandaron una importante inversi\u00f3n al gobierno entrerriano. A esas intervenciones se le est\u00e1n adicionando otras que \u201cser\u00e1n patrimonio de los paranenses y los entrerrianos\u201d, destac\u00f3 la secretaria de Obras y Servicios P\u00fablicos, Alicia Feltes.<\/p>\n<p>Luego la funcionaria coment\u00f3 que si bien en ambos edificios \u201cya se estaban realizando trabajos, al ser elegidos para la reuni\u00f3n Cumbre del Mercosur, lo que se hizo fue acelerarlos para concluirlos unos d\u00edas antes y ponerlos a disposici\u00f3n de la Canciller\u00eda\u201d. \u201cHay varias empresas que est\u00e1n abocadas a realizar distintos trabajos, como reparar techos o efectuar adecuaciones de sanitarios y de instalaciones el\u00e9ctricas, entre otros\u201d, detall\u00f3.<\/p>\n<p>Todas las adecuaciones necesarias para la realizaci\u00f3n del encuentro est\u00e1n a cargo de la Unidad Operativa de la Cumbre Mercosur que, mediante decreto N\u00ba 3615, dispuso el gobernador Sergio Urribarri. El coordinador general de ese organismo es el subsecretario de Gesti\u00f3n Administrativa de la gobernaci\u00f3n, Hugo C\u00e9spedes, y el coordinador contable es el director del Servicio Administrativo Contable de la Gobernador, Gustavo Javier T\u00f3rtul.<\/p>\n<h3>Dos hist\u00f3ricos edificios<\/h3>\n<p>Durante su estad\u00eda en Paran\u00e1, los Presidentes concurrir\u00e1n a dos edificios hist\u00f3ricos. Uno de ellos es La Vieja Usina de Corriente Continua, cuya parte posterior data de 1889 y la m\u00e1s alta, ubicada en el frente, de 1930. En ese predio funcion\u00f3 la Vieja Usina de Gas, en cuyas instalaciones, muy adelantadas para la \u00e9poca, se proces\u00f3 el carb\u00f3n de piedra \u2013hulla- importado de Inglaterra, a partir del cual se obtuvo gas para alumbrado p\u00fablico y domiciliario, el que era bombeado a trav\u00e9s de una incipiente red troncal, sirviendo a las principales arterias de la ciudad. Dicho servicio tuvo su prueba inicial con el alumbrado de la Plaza 1\u00ba de Mayo, a fines de 1890.<\/p>\n<p>La misma planta sirvi\u00f3, en etapas posteriores, a la tecnolog\u00eda sustitutiva del gas, en el proceso de conversi\u00f3n a la energ\u00eda el\u00e9ctrica (en sus tecnolog\u00edas de corriente continua y m\u00e1s tarde de corriente alterna).<\/p>\n<p>La recuperaci\u00f3n y restauraci\u00f3n de este conjunto de construcciones de gran valor hist\u00f3rico patrimonial y cultural, preserva los valores de su est\u00e9tica hist\u00f3rica, y a la vez fue refuncionalizada para su uso como sala alternativa de espect\u00e1culos. Funciona complementariamente con la sala de convenciones, potenciando las actividades culturales del complejo.<\/p>\n<p>En otro edificio seleccionado es la Escuela del Centenario que en septiembre pasado cumpli\u00f3 100 a\u00f1os. El 25 de mayo de 1910 se coloca la piedra fundamental del edificio, en ocasi\u00f3n de cumplirse los 100 a\u00f1os de la Revoluci\u00f3n de Mayo. Se la declara Monumento Hist\u00f3rico Nacional en 2009. El edificio fue restaurado y puesto en valor con una inversi\u00f3n millonaria.<\/p>\n<h6>Fuente: APF Digital<\/h6>\n","protected":false},"excerpt":{"rendered":"<p>Durante su estad\u00eda en Paran\u00e1, los presidentes sudamericanos concurrir\u00e1n a dos edificios emblem\u00e1ticos: el Centro Cultural y de Convenciones La Vieja Usina y la Escuela Del Centenario fueron los elegidos como sedes de la Cumbre del Mercosur, a realizarse en Paran\u00e1 entre 14 y el 18 de diciembre \u2022 En ambos se est\u00e1n realizando tareas<\/p>\n","protected":false},"author":2,"featured_media":18103,"comment_status":"closed","ping_status":"closed","sticky":false,"template":"","format":"standard","meta":{"footnotes":""},"categories":[2],"tags":[17],"class_list":["post-18102","post","type-post","status-publish","format-standard","has-post-thumbnail","hentry","category-informe-municipal","tag-entre-rios"],"_links":{"self":[{"href":"http:\/\/argentinamunicipal.com.ar\/argentina\/wp-json\/wp\/v2\/posts\/18102","targetHints":{"allow":["GET"]}}],"collection":[{"href":"http:\/\/argentinamunicipal.com.ar\/argentina\/wp-json\/wp\/v2\/posts"}],"about":[{"href":"http:\/\/argentinamunicipal.com.ar\/argentina\/wp-json\/wp\/v2\/types\/post"}],"author":[{"embeddable":true,"href":"http:\/\/argentinamunicipal.com.ar\/argentina\/wp-json\/wp\/v2\/users\/2"}],"replies":[{"embeddable":true,"href":"http:\/\/argentinamunicipal.com.ar\/argentina\/wp-json\/wp\/v2\/comments?post=18102"}],"version-history":[{"count":0,"href":"http:\/\/argentinamunicipal.com.ar\/argentina\/wp-json\/wp\/v2\/posts\/18102\/revisions"}],"wp:featuredmedia":[{"embeddable":true,"href":"http:\/\/argentinamunicipal.com.ar\/argentina\/wp-json\/wp\/v2\/media\/18103"}],"wp:attachment":[{"href":"http:\/\/argentinamunicipal.com.ar\/argentina\/wp-json\/wp\/v2\/media?parent=18102"}],"wp:term":[{"taxonomy":"category","embeddable":true,"href":"http:\/\/argentinamunicipal.com.ar\/argentina\/wp-json\/wp\/v2\/categories?post=18102"},{"taxonomy":"post_tag","embeddable":true,"href":"http:\/\/argentinamunicipal.com.ar\/argentina\/wp-json\/wp\/v2\/tags?post=18102"}],"curies":[{"name":"wp","href":"https:\/\/api.w.org\/{rel}","templated":true}]}}