{"id":18105,"date":"2014-11-03T12:55:54","date_gmt":"2014-11-03T15:55:54","guid":{"rendered":"http:\/\/argentinamunicipal.com.ar\/argentina\/?p=18105"},"modified":"2014-11-03T12:55:54","modified_gmt":"2014-11-03T15:55:54","slug":"esta-es-la-ciudad-de-italia-que-quiere-ser-un-pais-independiente","status":"publish","type":"post","link":"http:\/\/argentinamunicipal.com.ar\/argentina\/esta-es-la-ciudad-de-italia-que-quiere-ser-un-pais-independiente\/","title":{"rendered":"Esta es la ciudad de Italia que quiere ser un pa\u00eds independiente"},"content":{"rendered":"<p><a href=\"http:\/\/argentinamunicipal.com.ar\/argentina\/wp-content\/uploads\/2014\/11\/trieste-italia.jpg\"><img loading=\"lazy\" decoding=\"async\" class=\"aligncenter size-full wp-image-18106\" src=\"http:\/\/argentinamunicipal.com.ar\/argentina\/wp-content\/uploads\/2014\/11\/trieste-italia.jpg\" alt=\"trieste-italia\" width=\"760\" height=\"512\" srcset=\"http:\/\/argentinamunicipal.com.ar\/argentina\/wp-content\/uploads\/2014\/11\/trieste-italia.jpg 760w, http:\/\/argentinamunicipal.com.ar\/argentina\/wp-content\/uploads\/2014\/11\/trieste-italia-300x202.jpg 300w\" sizes=\"auto, (max-width: 760px) 100vw, 760px\" \/><\/a><br \/>\nEn Europa hay numerosos movimientos independentistas, pero Italia tiene m\u00e1s que la mayor\u00eda. Aqu\u00ed los argumentos de Trieste.<\/p>\n<p>Tras el refer\u00e9ndum de Escocia, los movimientos independentistas deEuropa buscan sus propios minutos de fama. En Italia, que tan s\u00f3lo se consolid\u00f3 como pa\u00eds unido en 1861, existen m\u00e1s movimientos separatistas que la mayor\u00eda.<\/p>\n<p>El movimiento independentista de Venecia, liderado por el empresario Gianluca Busato, cop\u00f3 recientemente los titulares por un referendo no vinculante organizado en internet en el que -seg\u00fan Busato- el 87% de la poblaci\u00f3n vot\u00f3 a favor de la independencia. Aqu\u00ed, un informe publicado por BBC Mundo.<\/p>\n<p><strong><a href=\"http:\/\/argentinamunicipal.com.ar\/argentina\/wp-content\/uploads\/2014\/11\/54575071592fb.jpg\"><img loading=\"lazy\" decoding=\"async\" class=\"alignright size-full wp-image-18107\" src=\"http:\/\/argentinamunicipal.com.ar\/argentina\/wp-content\/uploads\/2014\/11\/54575071592fb.jpg\" alt=\"54575071592fb\" width=\"300\" height=\"350\" srcset=\"http:\/\/argentinamunicipal.com.ar\/argentina\/wp-content\/uploads\/2014\/11\/54575071592fb.jpg 300w, http:\/\/argentinamunicipal.com.ar\/argentina\/wp-content\/uploads\/2014\/11\/54575071592fb-257x300.jpg 257w\" sizes=\"auto, (max-width: 300px) 100vw, 300px\" \/><\/a>CIUDAD CON UNA HISTORIA DE DIVERSIDAD<\/strong><\/p>\n<p>Dos horas al este de Venecia, cerca de la frontera con Eslovenia, otra ciudad apuesta por su independencia.<\/p>\n<p>Trieste tiene una historia culturalmente diversa.<\/p>\n<p>Durante siglos fue parte del Imperio Austroh\u00fangaro; durante la posguerra fue para Winston Churchill el puesto fronterizo sure\u00f1o de la llamada \u00abCortina de Hierro\u00bb que separaba Occidente del Este comunista.<\/p>\n<p>Inmediatamente despu\u00e9s de la Segunda Guerra Mundial, Trieste -en la frontera con la entonces Yugoslavia- fue reconocida seg\u00fan el derecho internacional como estado libre, si bien permaneci\u00f3 bajo ocupaci\u00f3n militar hasta 1954, cuando fue devuelta a Italia.<\/p>\n<p><strong>\u00abTERRITORIO LIBRE\u00bb DE TRIESTE<\/strong><\/p>\n<p>Pero para los miembros del movimiento Territorio de Trieste Libre, que ha movilizado a entre 2.000 y 8.000 manifestantes en distintas protestas en los \u00faltimos meses, la independencia de Trieste no termin\u00f3.<\/p>\n<p>En una mansi\u00f3n del siglo XIX derruida, a cinco minutos del mar, Vito Potenza \u2013l\u00edder del movimiento- sue\u00f1a con la liberaci\u00f3n.<\/p>\n<p>Tres banderas rojas con el tradicional escudo de armas de Trieste cuelgan de las ventanas, otra adorna las mesas de su oficina.<\/p>\n<p>La insignia est\u00e1 por todas partes: en broches, tazas, o la p\u00e1gina de Facebook de Potenza.<\/p>\n<p>\u00abLuchamos por los derechos del pueblo del territorio libre de Trieste\u00bb, sostiene Potenza.<\/p>\n<p>\u00abLuchamos contra el gobierno italiano\u00bb.<\/p>\n<p>Despu\u00e9s de todo, est\u00e1n bajo ocupaci\u00f3n.<\/p>\n<h3>IMPORTANTE PUERTO<\/h3>\n<p>Aqu\u00ed, la ciudad donde se sirve el coctel veneciano Spritz con queso esloveno sobre pan integral y donde los caf\u00e9s costeros ofrecen sus capuchinos con crema vienesa, muchos se identifican primero como triestinos y despu\u00e9s como italianos.<\/p>\n<p>Anta\u00f1o esta ciudad fue el gran puerto del Imperio Austroh\u00fangaro; en la Plaza de la Unidad, tres lados est\u00e1n ocupados por edificios espl\u00e9ndidos de la \u00e9poca de los Habsburgo y el cuarto lado lo ocupa el mar.<\/p>\n<div id=\"attachment_18108\" style=\"width: 575px\" class=\"wp-caption aligncenter\"><a href=\"http:\/\/argentinamunicipal.com.ar\/argentina\/wp-content\/uploads\/2014\/11\/54575017b1cf2_565_319.jpg\"><img loading=\"lazy\" decoding=\"async\" aria-describedby=\"caption-attachment-18108\" class=\"size-full wp-image-18108\" src=\"http:\/\/argentinamunicipal.com.ar\/argentina\/wp-content\/uploads\/2014\/11\/54575017b1cf2_565_319.jpg\" alt=\"El puerto de Trieste es uno de los m\u00e1s importantes en Europa. \" width=\"565\" height=\"319\" srcset=\"http:\/\/argentinamunicipal.com.ar\/argentina\/wp-content\/uploads\/2014\/11\/54575017b1cf2_565_319.jpg 565w, http:\/\/argentinamunicipal.com.ar\/argentina\/wp-content\/uploads\/2014\/11\/54575017b1cf2_565_319-300x169.jpg 300w\" sizes=\"auto, (max-width: 565px) 100vw, 565px\" \/><\/a><p id=\"caption-attachment-18108\" class=\"wp-caption-text\">El puerto de Trieste es uno de los m\u00e1s importantes en Europa.<\/p><\/div>\n<p>Una placa conmemora el lugar donde Benito Mussolini anunci\u00f3 su pol\u00edtica de leyes raciales contra los jud\u00edos. La Iglesia cat\u00f3lica de San Antonio comparte espacio en el gran canal con la Iglesia ortodoxa serbia; la sinagoga est\u00e1 a dos minutos.<\/p>\n<p>\u00abSomos un pueblo multicultural\u00bb, dice Potenza \u2013 \u00e9l es medio italiano, medio croata.<\/p>\n<p>Su movimiento Territorio Libre de Trieste, que reclama independencia para la ciudad y su interior, est\u00e1 dise\u00f1ado para reflejar esa idea de diversidad: concibe el italiano, el esloveno y el croata como lenguas oficiales comunes.<\/p>\n<p>\u00abItalia ha reprimido nuestra cultura demasiado tiempo\u00bb, explica.<\/p>\n<p>Los a\u00f1os fascistas de las d\u00e9cadas de 1920 y 1930, durante los cuales la poblaci\u00f3n eslava de Trieste fue sometida a un programa de \u00abitalianizaci\u00f3n forzada\u00bb no ocurrieron hace tanto tiempo.<\/p>\n<p>Potenza y sus partidarios consideran que Trieste es legalmente independiente de acuerdo al derecho internacional.<\/p>\n<p>Citan una carta del Consejo de Seguridad de Naciones Unidas de 1947 que reconoci\u00f3 a Trieste y sus alrededores \u2013incluyendo partes de lo que ahora es Croacia y Eslovenia- como un estado libre, con el italiano y el esloveno como idiomas oficiales, sujeto a la designaci\u00f3n de un gobernador reconocido internacionalmente.<\/p>\n<p><strong>LA \u00abJERUSAL\u00c9N DEL FR\u00cdO\u00bb<\/strong><\/p>\n<p>Sin embargo, este \u00abterritorio libre\u00bb nunca existi\u00f3 en la pr\u00e1ctica: durante los siete a\u00f1os de la independencia de Trieste, sectores del \u00abterritorio libre\u00bb fueron gobernados por Reino Unido, Estados Unidos y la ex Yugoslavia, hasta el Memorando de Londres de 1954, que devolvi\u00f3 la mayor parte del territorio a Italia.<\/p>\n<p>Seg\u00fan Potenza, esta decisi\u00f3n cuenta como invasi\u00f3n ilegal: \u00abDurante 60 a\u00f1os, Italia impuso su soberan\u00eda sobre nuestro pueblo\u2026 El tratado de 1947 es la ley, es la constituci\u00f3n de nuestro territorio\u00bb.<\/p>\n<p>Su colega Giorgi Deskovich Deschi est\u00e1 totalmente de acuerdo.<\/p>\n<p>Trieste es la \u00abJerusal\u00e9n del clima fr\u00edo\u00bb, insiste.<\/p>\n<p>\u00abCulturalmente soy italiano, pero tengo genes croatas, venecianos, eslavos. Esta ciudad puede abarcar todas estas caracter\u00edsticas para convertirse en un verdadero n\u00facleo\u00bb.<\/p>\n<p>Visualiza un Trieste libre como un \u00abs\u00edmbolo poderoso\u00bb para el futuro, donde \u00abtodas las religiones, todo el conocimiento, todo el arte\u00bb exista en uni\u00f3n.<\/p>\n<p>\u00abTrieste est\u00e1 verdaderamente abierta al mundo\u00bb, se\u00f1ala, usando un t\u00e9rmino mas\u00f3nico, \u00abagape\u00bb, para describir su visi\u00f3n sobre la unidad. \u00abVivimos un gran momento, y Trieste est\u00e1 en el centro de todo\u00bb.<\/p>\n<p>Es un Trieste donde conviven \u00abcat\u00f3licos, ortodoxos serbios, jud\u00edos y masones\u00bb.<\/p>\n<p>\u00bfMasones? \u00bfEs uno de ellos?<\/p>\n<p>Sonr\u00ede con cautela. \u00abTodas las religiones y ninguna\u00bb, responde.<\/p>\n<p>Pero los objetivos de Potenza son tanto econ\u00f3micos como culturales.<\/p>\n<p><strong>PETICIONES A NACIONES UNIDAS<\/strong><\/p>\n<p>Trieste tiene un puerto internacionalmente importante, destaca Potenza, con cantidad de impuestos a las importaciones que seg\u00fan \u00e9l se le deben al Territorio Libre. Potenza denuncia que \u00abel gobierno italiano rechaza aplicar la ley\u00bb y recauda el dinero.<\/p>\n<p>\u00bfPor qu\u00e9 deber\u00eda la relativamente pr\u00f3spera Trieste \u00abcaer con Italia\u00bb que, en su opini\u00f3n, est\u00e1 en un declive inevitable?<\/p>\n<p>\u00bfQu\u00e9 pasa con la mayor\u00eda de la gente en Trieste que est\u00e1 perfectamente feliz de ser tanto triestino como italiano? Potenza se encoge de hombro.<\/p>\n<p>No pueden negar la ley: \u00abEste proyecto es m\u00e1s importante\u00bb.<\/p>\n<p>Es cuesti\u00f3n de tiempo, asegura. Durante el \u00faltimo a\u00f1o, ha enviado varias cartas y peticiones firmadas a Naciones Unidas, en demanda de que se reconozca el estatus libre de Trieste.<\/p>\n<p>\u00abNo hemos tenido respuesta\u00bb, se\u00f1ala.<\/p>\n<p>Muchos residentes de Trieste parecen poco impresionados.<\/p>\n<p>\u00abEst\u00e1n locos\u00bb, opina un cliente habitual de uno de los bares m\u00e1s nuevos de Trieste, en el coraz\u00f3n de lo que alguna vez fue el gueto jud\u00edo. \u00ab\u00bfC\u00f3mo puede funcionar?\u00bb.<\/p>\n<p>Otro hombre es m\u00e1s cortante: \u00abEl \u00fanico gobierno en el que conf\u00edo es el Imperio Austroh\u00fangaro\u00bb.<\/p>\n<p>Aun as\u00ed, Potenza y Deschi tienen esperanzas.<\/p>\n<p>El referendo sobre la independencia de Escocia abri\u00f3 la puerta a m\u00e1s movimientos separatistas en todo el mundo.<\/p>\n<p>No obstante, Potenza advierte contra una comparaci\u00f3n demasiado cercana.<\/p>\n<p>\u00abLa situaci\u00f3n de Escocia no es comparable. No estamos buscando la independencia. Ya somos independientes\u00bb, insiste.<\/p>\n<p>Simplemente, el resto del mundo no se ha dado cuenta.<\/p>\n<h6>Fuente: MDZ Online<\/h6>\n","protected":false},"excerpt":{"rendered":"<p>En Europa hay numerosos movimientos independentistas, pero Italia tiene m\u00e1s que la mayor\u00eda. Aqu\u00ed los argumentos de Trieste. Tras el refer\u00e9ndum de Escocia, los movimientos independentistas deEuropa buscan sus propios minutos de fama. En Italia, que tan s\u00f3lo se consolid\u00f3 como pa\u00eds unido en 1861, existen m\u00e1s movimientos separatistas que la mayor\u00eda. El movimiento independentista<\/p>\n","protected":false},"author":2,"featured_media":18108,"comment_status":"closed","ping_status":"closed","sticky":false,"template":"","format":"standard","meta":{"footnotes":""},"categories":[22],"tags":[57],"class_list":["post-18105","post","type-post","status-publish","format-standard","has-post-thumbnail","hentry","category-el-mundo","tag-el-mundo"],"_links":{"self":[{"href":"http:\/\/argentinamunicipal.com.ar\/argentina\/wp-json\/wp\/v2\/posts\/18105","targetHints":{"allow":["GET"]}}],"collection":[{"href":"http:\/\/argentinamunicipal.com.ar\/argentina\/wp-json\/wp\/v2\/posts"}],"about":[{"href":"http:\/\/argentinamunicipal.com.ar\/argentina\/wp-json\/wp\/v2\/types\/post"}],"author":[{"embeddable":true,"href":"http:\/\/argentinamunicipal.com.ar\/argentina\/wp-json\/wp\/v2\/users\/2"}],"replies":[{"embeddable":true,"href":"http:\/\/argentinamunicipal.com.ar\/argentina\/wp-json\/wp\/v2\/comments?post=18105"}],"version-history":[{"count":0,"href":"http:\/\/argentinamunicipal.com.ar\/argentina\/wp-json\/wp\/v2\/posts\/18105\/revisions"}],"wp:featuredmedia":[{"embeddable":true,"href":"http:\/\/argentinamunicipal.com.ar\/argentina\/wp-json\/wp\/v2\/media\/18108"}],"wp:attachment":[{"href":"http:\/\/argentinamunicipal.com.ar\/argentina\/wp-json\/wp\/v2\/media?parent=18105"}],"wp:term":[{"taxonomy":"category","embeddable":true,"href":"http:\/\/argentinamunicipal.com.ar\/argentina\/wp-json\/wp\/v2\/categories?post=18105"},{"taxonomy":"post_tag","embeddable":true,"href":"http:\/\/argentinamunicipal.com.ar\/argentina\/wp-json\/wp\/v2\/tags?post=18105"}],"curies":[{"name":"wp","href":"https:\/\/api.w.org\/{rel}","templated":true}]}}