{"id":18127,"date":"2014-11-03T13:30:45","date_gmt":"2014-11-03T16:30:45","guid":{"rendered":"http:\/\/argentinamunicipal.com.ar\/argentina\/?p=18127"},"modified":"2015-04-28T16:14:58","modified_gmt":"2015-04-28T19:14:58","slug":"en-10-anos-aumento-un-75-la-planta-de-conicet-en-santa-fe","status":"publish","type":"post","link":"http:\/\/argentinamunicipal.com.ar\/argentina\/en-10-anos-aumento-un-75-la-planta-de-conicet-en-santa-fe\/","title":{"rendered":"En 10 a\u00f1os aument\u00f3 un 75% la planta de Conicet en Santa Fe"},"content":{"rendered":"<p><a href=\"http:\/\/argentinamunicipal.com.ar\/argentina\/wp-content\/uploads\/2014\/11\/DSC_0333.jpg\"><img loading=\"lazy\" decoding=\"async\" class=\"aligncenter  wp-image-18128\" src=\"http:\/\/argentinamunicipal.com.ar\/argentina\/wp-content\/uploads\/2014\/11\/DSC_0333.jpg\" alt=\"DSC_0333\" width=\"701\" height=\"467\" srcset=\"http:\/\/argentinamunicipal.com.ar\/argentina\/wp-content\/uploads\/2014\/11\/DSC_0333.jpg 1600w, http:\/\/argentinamunicipal.com.ar\/argentina\/wp-content\/uploads\/2014\/11\/DSC_0333-300x200.jpg 300w, http:\/\/argentinamunicipal.com.ar\/argentina\/wp-content\/uploads\/2014\/11\/DSC_0333-1024x682.jpg 1024w\" sizes=\"auto, (max-width: 701px) 100vw, 701px\" \/><\/a><br \/>\nLa cantidad de investigadores se incrementa a\u00f1o a a\u00f1o porque existen m\u00e1s concursos de ingreso a la carrera. La capital provincial cuenta con 12 institutos que re\u00fanen al 6% de los cient\u00edficos del pa\u00eds.<\/p>\n<p>La ciudad y la provincia se consolidan cada vez m\u00e1s como un polo cient\u00edfico de inter\u00e9s para todo el pa\u00eds y para el exterior. No son pocos los cient\u00edficos que eligen repatriarse en alguno de los 12 institutos que conforman el Centro Cient\u00edfico Tecnol\u00f3gico Santa Fe (CCT) del Conicet y el crecimiento de la planta de personal gener\u00f3 que el seis por ciento de los investigadores de todo el pa\u00eds est\u00e9n en esta zona.<\/p>\n<p>Pero adem\u00e1s, a nivel nacional el Conicet tuvo un desarrollo importante. Y, en ese marco, tambi\u00e9n cont\u00f3 con un sustancial incremento en la cantidad de mujeres que integran los institutos. Seg\u00fan datos nacionales, en 2007 la planta de trabajadores de Conicet estaba integrada por 3.888 mujeres y 4.033 varones. Pero en 2013, la cifra aument\u00f3 a 5.920 mujeres y 5.506 varones. Eso implica un incremento total del 44 por ciento. Pero, adem\u00e1s, la cantidad de mujeres subi\u00f3 un 52 por ciento y la de varones un 36 por ciento.<\/p>\n<p>El crecimiento, seg\u00fan la directora del Conicet Santa Fe, Raquel Chan, se debe a que se generaron m\u00e1s concursos de ingreso a la carrera de investigador y se ha logrado potenciar el trabajo de los distintos laboratorios. El CCT Santa Fe se compone de 12 institutos de investigaci\u00f3n y una\u00a0Unidad Administrativa Territorial (UAT) y cuenta \u2013seg\u00fan datos provistos por el \u00c1rea de Comunicaci\u00f3n\u2013\u00a0con 394 investigadores, 411 becarios, 205 t\u00e9cnicos y 33 agentes administrativos. Es decir, un total de\u00a01.043 personas. Adem\u00e1s, los datos nacionales, marcan que entre 2003 y 2013 se increment\u00f3 un 75 por ciento la cantidad de personal en Santa Fe.<\/p>\n<p>\u201cSe dieron dos pol\u00edticas por separado que influyen en esta situaci\u00f3n. Por un lado, el ingreso a la carrera de investigador est\u00e1 abierto hace ya varios a\u00f1os y, de manera peri\u00f3dica, hay concursos. Eso es algo que no pasaba antes. Hubo \u00e9pocas en las que el ingreso a la carrera estuvo cerrado durante\u00a0cuatro a\u00f1os, no hab\u00eda puestos. Ahora, por lo menos en los \u00faltimos 10 a\u00f1os, hay llamados y concursos\u00a0todos los a\u00f1os. Con lo cual entra m\u00e1s gente\u201d, detall\u00f3 Chan. Y agreg\u00f3 que la segunda pol\u00edtica\u00a0que impact\u00f3 en la regi\u00f3n, es la de creaci\u00f3n de institutos de investigaci\u00f3n. \u00a0Los mismos son creados con doble dependencia entre el Conicet y alguna universidad nacional.<\/p>\n<p>De la Universidad Nacional del Litoral (UNL) codependen 11 de los institutos y uno, el Ingar (Instituto\u00a0de Desarrollo y Dise\u00f1o), lo hace de la Facultad Regional Santa Fe de la Universidad Tecnol\u00f3gica Nacional (FRSF UTN). Cabe se\u00f1alar que el CCT Santa Fe abarca a la ciudad de Santa Fe y su zona de influencia. \u201cNuestra ciudad se posiciona como un lugar de concentraci\u00f3n y de mejora de la calidad de las investigaciones por la interacci\u00f3n que se genera mucha gente con, por ejemplo, equipamiento de uso com\u00fan.<\/p>\n<p>No es lo mismo un investigador solo que tiene que comprarse todo el equipamiento, que poner a muchas personas en un mismo instituto. Se generan mejores condiciones de trabajo por la propia interacci\u00f3n\u201d,explic\u00f3 la directora del CCT Santa Fe. En ese sentido, la investigadora a\u00f1adi\u00f3: \u201cDesde hace muchos a\u00f1os, Conicet est\u00e1 promoviendo la creaci\u00f3n de institutos de doble dependencia.<\/p>\n<p>Es decir, la asociaci\u00f3n de investigadores en un mismo n\u00facleo. Eso en Santa Fe, lo apoyamos\u00a0mucho. En los dos \u00faltimos a\u00f1os creamos cinco institutos\u201d.<\/p>\n<p><strong>Crecimiento<\/strong><\/p>\n<p>Adem\u00e1s del sostenido crecimiento que tuvieron los institutos del CCT Santa Fe, son muchos los investigadores de la regi\u00f3n que fueron distinguidos a nivel nacional e internacional. La misma Chan fue la responsable de la patente que permite la producci\u00f3n de semillas resistentes a las sequ\u00edas. Adem\u00e1s, hace algunas semanas se conoci\u00f3 que Diego Milone, el responsable del Instituto de Investigaci\u00f3n\u00a0en Se\u00f1ales, Sistemas e Inteligencia Computacional recibi\u00f3 el Premio Houssay.<\/p>\n<p>\u201cCreo que la ciencia en Santa Fe se caracteriza por tener un fuerte sesgo tecnol\u00f3gico. La concentraci\u00f3n de premios es alta y es m\u00e1s alta que la concentraci\u00f3n de investigadores.<\/p>\n<p>Determinados institutos est\u00e1n siendo referencia de lugares de creaci\u00f3n de tecnolog\u00edas y ciencia de primer nivel\u201d, manifest\u00f3 Chan. Al respecto manifest\u00f3 que es una de las razones por las cuales muchos\u00a0investigadores que est\u00e1n regresando al pa\u00eds elijan radicarse en el CCT Santa Fe. \u201cA los lugares prestigiosos la gente quiere venir y, a veces, no pueden venir porque est\u00e1n en otros lugares pero hace colaboraciones omanda estudiantes a hacer pasant\u00edas.<\/p>\n<p>O sea, no todo es ingresar investigadores del resto del mundo\u201d. Por otro lado, consultada sobre siconsidera que contar con tantos institutos e investigadores genera que el resto de los santafesinos se sienta m\u00e1s cerca de la ciencia, Chan indic\u00f3: \u201cOjal\u00e1 que s\u00ed. A nosotros nos gustar\u00eda que los vecinos que no est\u00e1n vinculados a la investigaci\u00f3n la vean como algo m\u00e1s cercano. Es parte de nuestra labor comunicar qu\u00e9 es lo que hacemos. Est\u00e1n los Caf\u00e9 Cient\u00edficos y las visitas de las escuelas. Es nuestra intenci\u00f3n que la gente se acerque m\u00e1s a lo que es la investigaci\u00f3n\u201d.<\/p>\n<p>Por \u00faltimo, en relaci\u00f3n a las expectativas de crecimiento del Conicet Santa Fe, a\u00f1adi\u00f3: \u201cVa a depender mucho de las pol\u00edticas nacionales. Santa Fe no est\u00e1 aparte del Conicet nacional. Si sigue habiendo, como hasta ahora, un ingreso peri\u00f3dico a la carrera de investigador, creo que va a seguir creciendo a un ritmo razonable. Y la infraestructura va a tener que acompa\u00f1ar ese proceso. Yo soy optimista y creo que la ciencia es muy importante\u201d.<\/p>\n<h6>Fuente: Uno, Santa Fe<\/h6>\n","protected":false},"excerpt":{"rendered":"<p>La cantidad de investigadores se incrementa a\u00f1o a a\u00f1o porque existen m\u00e1s concursos de ingreso a la carrera. La capital provincial cuenta con 12 institutos que re\u00fanen al 6% de los cient\u00edficos del pa\u00eds. La ciudad y la provincia se consolidan cada vez m\u00e1s como un polo cient\u00edfico de inter\u00e9s para todo el pa\u00eds y<\/p>\n","protected":false},"author":2,"featured_media":18128,"comment_status":"closed","ping_status":"closed","sticky":false,"template":"","format":"standard","meta":{"footnotes":""},"categories":[2],"tags":[10],"class_list":["post-18127","post","type-post","status-publish","format-standard","has-post-thumbnail","hentry","category-informe-municipal","tag-santa-fe"],"_links":{"self":[{"href":"http:\/\/argentinamunicipal.com.ar\/argentina\/wp-json\/wp\/v2\/posts\/18127","targetHints":{"allow":["GET"]}}],"collection":[{"href":"http:\/\/argentinamunicipal.com.ar\/argentina\/wp-json\/wp\/v2\/posts"}],"about":[{"href":"http:\/\/argentinamunicipal.com.ar\/argentina\/wp-json\/wp\/v2\/types\/post"}],"author":[{"embeddable":true,"href":"http:\/\/argentinamunicipal.com.ar\/argentina\/wp-json\/wp\/v2\/users\/2"}],"replies":[{"embeddable":true,"href":"http:\/\/argentinamunicipal.com.ar\/argentina\/wp-json\/wp\/v2\/comments?post=18127"}],"version-history":[{"count":0,"href":"http:\/\/argentinamunicipal.com.ar\/argentina\/wp-json\/wp\/v2\/posts\/18127\/revisions"}],"wp:featuredmedia":[{"embeddable":true,"href":"http:\/\/argentinamunicipal.com.ar\/argentina\/wp-json\/wp\/v2\/media\/18128"}],"wp:attachment":[{"href":"http:\/\/argentinamunicipal.com.ar\/argentina\/wp-json\/wp\/v2\/media?parent=18127"}],"wp:term":[{"taxonomy":"category","embeddable":true,"href":"http:\/\/argentinamunicipal.com.ar\/argentina\/wp-json\/wp\/v2\/categories?post=18127"},{"taxonomy":"post_tag","embeddable":true,"href":"http:\/\/argentinamunicipal.com.ar\/argentina\/wp-json\/wp\/v2\/tags?post=18127"}],"curies":[{"name":"wp","href":"https:\/\/api.w.org\/{rel}","templated":true}]}}