{"id":18229,"date":"2014-11-04T14:00:19","date_gmt":"2014-11-04T17:00:19","guid":{"rendered":"http:\/\/argentinamunicipal.com.ar\/argentina\/?p=18229"},"modified":"2014-11-04T09:59:43","modified_gmt":"2014-11-04T12:59:43","slug":"morales-volvio-reclamar-chile-acceso-al-mar","status":"publish","type":"post","link":"http:\/\/argentinamunicipal.com.ar\/argentina\/morales-volvio-reclamar-chile-acceso-al-mar\/","title":{"rendered":"Morales volvi\u00f3 a reclamar a Chile acceso al mar"},"content":{"rendered":"<div id=\"attachment_18230\" style=\"width: 771px\" class=\"wp-caption aligncenter\"><a href=\"http:\/\/argentinamunicipal.com.ar\/argentina\/wp-content\/uploads\/2014\/11\/AGENDA-8-9-F1-UNOHRLLS.ORG_.jpg\"><img loading=\"lazy\" decoding=\"async\" aria-describedby=\"caption-attachment-18230\" class=\" wp-image-18230\" src=\"http:\/\/argentinamunicipal.com.ar\/argentina\/wp-content\/uploads\/2014\/11\/AGENDA-8-9-F1-UNOHRLLS.ORG_.jpg\" alt=\"Una fotograf\u00eda de la exposici\u00f3n que se realiz\u00f3 en en marco del encuentro de pa\u00edses sin litoral.\" width=\"761\" height=\"507\" srcset=\"http:\/\/argentinamunicipal.com.ar\/argentina\/wp-content\/uploads\/2014\/11\/AGENDA-8-9-F1-UNOHRLLS.ORG_.jpg 1024w, http:\/\/argentinamunicipal.com.ar\/argentina\/wp-content\/uploads\/2014\/11\/AGENDA-8-9-F1-UNOHRLLS.ORG_-300x199.jpg 300w\" sizes=\"auto, (max-width: 761px) 100vw, 761px\" \/><\/a><p id=\"caption-attachment-18230\" class=\"wp-caption-text\">Una fotograf\u00eda de la exposici\u00f3n que se realiz\u00f3 en en marco del encuentro de pa\u00edses sin litoral.<\/p><\/div>\n<p>El presidente de Bolivia, Evo Morales, reclam\u00f3 ayer en Viena un acceso soberano para su pa\u00eds al oc\u00e9ano Pac\u00edfico, que perdi\u00f3 en 1879 \u201cen una guerra injusta\u201d y enfatiz\u00f3 que los mares \u201cson patrimonio de la humanidad y para los pueblos\u201d, en un discurso que dio durante la segunda cumbre mundial de pa\u00edses sin litoral convocada por la ONU despu\u00e9s de diez a\u00f1os.<\/p>\n<p>Morales volvi\u00f3 a la capital de Austria quince meses despu\u00e9s del complejo incidente que impidi\u00f3 al avi\u00f3n presidencial de Bolivia atravesar el espacio a\u00e9reo de Italia, Francia, Portugal y Espa\u00f1a, aparentemente por razones de seguridad, aunque el mandatario insiste en que se trat\u00f3 de un bloqueo \u201csufrido por otros cuatro pa\u00edses\u201d.<\/p>\n<p>\u201cAqu\u00ed en Viena salvamos la vida el 2 de julio de 2013 porque el presidente de Austria (Heinz Fisher) permiti\u00f3 que aterrice nuestro avi\u00f3n ante el bloqueo sufrido por otros cuatro pa\u00edses\u201d, rese\u00f1\u00f3 Morales, seg\u00fan reportan las agencias DPA y la estatal ABI.<\/p>\n<p>El mandatario boliviano destac\u00f3 que Naciones Unidas haya convocado, con participaci\u00f3n de 32 delegados, a la segunda conferencia mundial de pa\u00edses sin litoral \u201crezagados en el desarrollo y con muchos problemas por falta de acceso al mar\u201d.<\/p>\n<p>\u201cBolivia es un pa\u00eds enclaustrado que afirma que los mares son de y para los pueblos\u201d, se\u00f1al\u00f3, y rese\u00f1\u00f3 que su pa\u00eds perdi\u00f3 ante Chile unos 400 kil\u00f3metros de costa y 120.000 kil\u00f3metros de territorio en 1879 y que \u201cha sido privado temporalmente de los mares\u201d.<\/p>\n<p>Morales justific\u00f3 la demanda presentada en abril del a\u00f1o pasado ante la Corte Internacional de Justicia (CIJ) en La Haya. \u201cAcudimos de buena fe y porque no hay resultados efectivos, por lo que pedimos a Chile negociar de buena fe un acceso al oc\u00e9ano Pac\u00edfico\u201d, remarc\u00f3. Tambi\u00e9n aclar\u00f3 que Bolivia no impugna el tratado de l\u00edmites de 1904 con Chile.<\/p>\n<p>Morales postul\u00f3 a Bolivia para que en 2015 sea sede de la tercera conferencia mundial de pa\u00edses sin litoral para \u201chacer seguimiento a los resultados de la conferencia de Viena\u201d.<\/p>\n<p>Naciones Unidas denomina \u201cEstado sin litoral\u201d a un pa\u00eds rodeado de tierra o que carece de salida al mar o al oc\u00e9ano. A principios de 2013 en el mundo hab\u00eda 44 pa\u00edses que pod\u00edan ser considerados como tales, como Bolivia y Paraguay en Sudam\u00e9rica.<\/p>\n<p>Tambi\u00e9n la Convenci\u00f3n de las Naciones Unidas sobre el Derecho del Mar permite a los pa\u00edses sin salida al mar el acceso al mismo sin tener que pagar aranceles o cuotas de paso a los pa\u00edses de tr\u00e1nsito. Adem\u00e1s, la ONU posee un programa de acci\u00f3n para ayudar a los pa\u00edses en v\u00edas de desarrollo sin salidas al mar.<\/p>\n<p>La Paz aprovecha todo foro internacional para informar sobre la demanda en la Corte Internacional de Justicia en contra de Chile, en busca de obligarlo a negociar una salida al Pac\u00edfico.<\/p>\n<p>La pr\u00f3xima semana, Bolivia responder\u00e1 ante la CIJ de La Haya sobre el recurso de incompetencia que present\u00f3 Chile sobre la demanda boliviana el pasado 15 de julio.<\/p>\n<h6>Fuente: Preg\u00f3n<\/h6>\n","protected":false},"excerpt":{"rendered":"<p>El presidente de Bolivia, Evo Morales, reclam\u00f3 ayer en Viena un acceso soberano para su pa\u00eds al oc\u00e9ano Pac\u00edfico, que perdi\u00f3 en 1879 \u201cen una guerra injusta\u201d y enfatiz\u00f3 que los mares \u201cson patrimonio de la humanidad y para los pueblos\u201d, en un discurso que dio durante la segunda cumbre mundial de pa\u00edses sin litoral<\/p>\n","protected":false},"author":2,"featured_media":18230,"comment_status":"closed","ping_status":"closed","sticky":false,"template":"","format":"standard","meta":{"footnotes":""},"categories":[22],"tags":[57],"class_list":["post-18229","post","type-post","status-publish","format-standard","has-post-thumbnail","hentry","category-el-mundo","tag-el-mundo"],"_links":{"self":[{"href":"http:\/\/argentinamunicipal.com.ar\/argentina\/wp-json\/wp\/v2\/posts\/18229","targetHints":{"allow":["GET"]}}],"collection":[{"href":"http:\/\/argentinamunicipal.com.ar\/argentina\/wp-json\/wp\/v2\/posts"}],"about":[{"href":"http:\/\/argentinamunicipal.com.ar\/argentina\/wp-json\/wp\/v2\/types\/post"}],"author":[{"embeddable":true,"href":"http:\/\/argentinamunicipal.com.ar\/argentina\/wp-json\/wp\/v2\/users\/2"}],"replies":[{"embeddable":true,"href":"http:\/\/argentinamunicipal.com.ar\/argentina\/wp-json\/wp\/v2\/comments?post=18229"}],"version-history":[{"count":0,"href":"http:\/\/argentinamunicipal.com.ar\/argentina\/wp-json\/wp\/v2\/posts\/18229\/revisions"}],"wp:featuredmedia":[{"embeddable":true,"href":"http:\/\/argentinamunicipal.com.ar\/argentina\/wp-json\/wp\/v2\/media\/18230"}],"wp:attachment":[{"href":"http:\/\/argentinamunicipal.com.ar\/argentina\/wp-json\/wp\/v2\/media?parent=18229"}],"wp:term":[{"taxonomy":"category","embeddable":true,"href":"http:\/\/argentinamunicipal.com.ar\/argentina\/wp-json\/wp\/v2\/categories?post=18229"},{"taxonomy":"post_tag","embeddable":true,"href":"http:\/\/argentinamunicipal.com.ar\/argentina\/wp-json\/wp\/v2\/tags?post=18229"}],"curies":[{"name":"wp","href":"https:\/\/api.w.org\/{rel}","templated":true}]}}