{"id":18238,"date":"2014-11-04T08:11:54","date_gmt":"2014-11-04T11:11:54","guid":{"rendered":"http:\/\/argentinamunicipal.com.ar\/argentina\/?p=18238"},"modified":"2014-11-04T10:22:11","modified_gmt":"2014-11-04T13:22:11","slug":"cooperativa-de-la-ruta-90-dara-gas-14-localidades-del-sur-santafesino","status":"publish","type":"post","link":"http:\/\/argentinamunicipal.com.ar\/argentina\/cooperativa-de-la-ruta-90-dara-gas-14-localidades-del-sur-santafesino\/","title":{"rendered":"Cooperativa de la ruta 90 dar\u00e1 gas a 14 localidades del sur santafesino"},"content":{"rendered":"<p><a href=\"http:\/\/argentinamunicipal.com.ar\/argentina\/wp-content\/uploads\/2014\/11\/Gas-natural.jpg\"><img loading=\"lazy\" decoding=\"async\" class=\"alignleft size-full wp-image-18239\" src=\"http:\/\/argentinamunicipal.com.ar\/argentina\/wp-content\/uploads\/2014\/11\/Gas-natural.jpg\" alt=\"Gas-natural\" width=\"450\" height=\"253\" srcset=\"http:\/\/argentinamunicipal.com.ar\/argentina\/wp-content\/uploads\/2014\/11\/Gas-natural.jpg 450w, http:\/\/argentinamunicipal.com.ar\/argentina\/wp-content\/uploads\/2014\/11\/Gas-natural-300x168.jpg 300w\" sizes=\"auto, (max-width: 450px) 100vw, 450px\" \/><\/a>En la comuna de Santa Teresa se realiz\u00f3 el acto del cual participaron legisladores nacionales y provinciales y diversas autoridades provinciales y locales.<\/p>\n<p>Catorce comunas del sur provincial formaron la Cooperativa multiprop\u00f3sito \u00abRuta 90-Unidos del Sur\u00bb, que tiene como principal objetivo brindar el servicio de subdistribuci\u00f3n de gas a localidades ubicadas en la zona de la ruta 90. El acto se realiz\u00f3 en la comuna de Santa Teresa, con la presencia de legisladores nacionales y provinciales y autoridades provinciales y locales.<\/p>\n<p>De la cooperativa forman parte 14 comunas pertenecientes a distintos partidos pol\u00edticos y dos departamentos provinciales, Constituci\u00f3n y General L\u00f3pez. Esta actividad permite avanzar en el logro de objetivos dif\u00edciles de alcanzar en forma individual, promoviendo la integraci\u00f3n que facilita los desarrollos locales.<\/p>\n<p>\u00abLa constituci\u00f3n de la Cooperativa no es suficiente, por s\u00ed sola, para lograr el objetivo de brindar el servicio de gas a los vecinos, pero constituye un gran avance en el camino de llevar este beneficio a quienes no lo poseen\u00bb, aseguraron los promotores de la idea.<\/p>\n<p>La creaci\u00f3n de este nucleamiento es necesaria para que las comunas, a trav\u00e9s de una persona de derecho privado, administren la subdistribuci\u00f3n de gas por redes. La ley nacional de gas proh\u00edbe a los diferentes niveles del Estado realizar esta tarea como tales.<\/p>\n<p>Los integrantes.Las localidades que conponen la Cooperativa son Rueda, Godoy, Juan B. Molina, La Vanguardia, Cepeda, Sargento Cabral, Ca\u00f1ada Rica, General Gelly, Santa Teresa, Peyrano, M\u00e1ximo Paz, Alcorta, Hughes y Labordeboy. Dicha organizaci\u00f3n ser\u00e1 presidida por Jos\u00e9 Giusepponi, presidente comunal de Cepeda.<\/p>\n<p>Del acto participaron adem\u00e1s, el senador departamental German Giacomino; la diputada provincial Ver\u00f3nica Benas y los presidentes comunales de las localidades que integran la Cooperativa: de Santa Teresa, Javier Menotti; de Rueda, Daniel Maffei; de Godoy, H\u00e9ctor Caruso; de Juan B. Molina, Mar\u00eda de los Angeles Cervigni; de La Vanguardia, Juan Carlos Divita; de Cepeda, Jos\u00e9 Giusepponi; de Sargento Cabral Juan P\u00e9rez; de Labordeboy, Andrea Oberti; de Hughes, Mario Viola; de Ca\u00f1ada Rica, Angel Bellesi; de General Gelly, Mar\u00eda Marcela del Puerto; de Peyrano, Diego Battilana; de M\u00e1ximo Paz, Iv\u00e1n Camats, y de Alcorta, Aldo Martino.<\/p>\n<p>Adem\u00e1s estuvieron el secretario de Energ\u00eda de la provincia, Jorge Alvarez, miembros de su gabinete; el subsecretario de Gas y Energ\u00edas Convencionales Rodolfo Agnese y los directores provinciales Jos\u00e9 Luis Parrino y Marcelo Bonino.<\/p>\n<p>Alvarez resalt\u00f3 \u00abla importancia del asociativismo de los gobiernos locales, que a trav\u00e9s de esta actividad permite avanzar en el logro de objetivos dif\u00edciles de abordar en forma individual, promoviendo la integraci\u00f3n que facilita los desarrollos locales\u00bb.<\/p>\n<p>A su turno, el jefe comunal anfitri\u00f3n, Menotti, destac\u00f3 la importancia de vencer obst\u00e1culos, dejando de lado intereses particulares, para alcanzar el objetivo com\u00fan.<\/p>\n<p>Por su parte, el flamante presidente de la Cooperativa, Giusepponi, remarc\u00f3 \u00abel car\u00e1cter multiprop\u00f3sito de la entidad, e inst\u00f3 a la articulaci\u00f3n de esfuerzos de los distintos niveles p\u00fablicos y la participaci\u00f3n del sector privado para lograr de esta forma el objetivo de dotar de gas a las comunas participantes\u00bb.<\/p>\n<h6>Fuente: La Capital, Rosario<\/h6>\n","protected":false},"excerpt":{"rendered":"<p>En la comuna de Santa Teresa se realiz\u00f3 el acto del cual participaron legisladores nacionales y provinciales y diversas autoridades provinciales y locales. Catorce comunas del sur provincial formaron la Cooperativa multiprop\u00f3sito \u00abRuta 90-Unidos del Sur\u00bb, que tiene como principal objetivo brindar el servicio de subdistribuci\u00f3n de gas a localidades ubicadas en la zona de<\/p>\n","protected":false},"author":2,"featured_media":18239,"comment_status":"closed","ping_status":"closed","sticky":false,"template":"","format":"standard","meta":{"footnotes":""},"categories":[2],"tags":[10],"class_list":["post-18238","post","type-post","status-publish","format-standard","has-post-thumbnail","hentry","category-informe-municipal","tag-santa-fe"],"_links":{"self":[{"href":"http:\/\/argentinamunicipal.com.ar\/argentina\/wp-json\/wp\/v2\/posts\/18238","targetHints":{"allow":["GET"]}}],"collection":[{"href":"http:\/\/argentinamunicipal.com.ar\/argentina\/wp-json\/wp\/v2\/posts"}],"about":[{"href":"http:\/\/argentinamunicipal.com.ar\/argentina\/wp-json\/wp\/v2\/types\/post"}],"author":[{"embeddable":true,"href":"http:\/\/argentinamunicipal.com.ar\/argentina\/wp-json\/wp\/v2\/users\/2"}],"replies":[{"embeddable":true,"href":"http:\/\/argentinamunicipal.com.ar\/argentina\/wp-json\/wp\/v2\/comments?post=18238"}],"version-history":[{"count":0,"href":"http:\/\/argentinamunicipal.com.ar\/argentina\/wp-json\/wp\/v2\/posts\/18238\/revisions"}],"wp:featuredmedia":[{"embeddable":true,"href":"http:\/\/argentinamunicipal.com.ar\/argentina\/wp-json\/wp\/v2\/media\/18239"}],"wp:attachment":[{"href":"http:\/\/argentinamunicipal.com.ar\/argentina\/wp-json\/wp\/v2\/media?parent=18238"}],"wp:term":[{"taxonomy":"category","embeddable":true,"href":"http:\/\/argentinamunicipal.com.ar\/argentina\/wp-json\/wp\/v2\/categories?post=18238"},{"taxonomy":"post_tag","embeddable":true,"href":"http:\/\/argentinamunicipal.com.ar\/argentina\/wp-json\/wp\/v2\/tags?post=18238"}],"curies":[{"name":"wp","href":"https:\/\/api.w.org\/{rel}","templated":true}]}}