{"id":18244,"date":"2014-11-04T10:34:50","date_gmt":"2014-11-04T13:34:50","guid":{"rendered":"http:\/\/argentinamunicipal.com.ar\/argentina\/?p=18244"},"modified":"2014-11-04T10:34:50","modified_gmt":"2014-11-04T13:34:50","slug":"naciones-unidas-premio-una-emprendedora-santafesina","status":"publish","type":"post","link":"http:\/\/argentinamunicipal.com.ar\/argentina\/naciones-unidas-premio-una-emprendedora-santafesina\/","title":{"rendered":"Naciones Unidas premi\u00f3 a una emprendedora santafesina"},"content":{"rendered":"<div id=\"attachment_18245\" style=\"width: 650px\" class=\"wp-caption aligncenter\"><a href=\"http:\/\/argentinamunicipal.com.ar\/argentina\/wp-content\/uploads\/2014\/11\/Somno1_vga.jpg\"><img loading=\"lazy\" decoding=\"async\" aria-describedby=\"caption-attachment-18245\" class=\"size-full wp-image-18245\" src=\"http:\/\/argentinamunicipal.com.ar\/argentina\/wp-content\/uploads\/2014\/11\/Somno1_vga.jpg\" alt=\"El certamen fue organizado por la Conferencia de Naciones Unidas sobre Comercio y Desarrollo y la ceremonia de premiaci\u00f3n fue en Ginebra. Lorena (la segunda desde la derecha) sostiene su reconocimiento.\" width=\"640\" height=\"411\" srcset=\"http:\/\/argentinamunicipal.com.ar\/argentina\/wp-content\/uploads\/2014\/11\/Somno1_vga.jpg 640w, http:\/\/argentinamunicipal.com.ar\/argentina\/wp-content\/uploads\/2014\/11\/Somno1_vga-300x192.jpg 300w\" sizes=\"auto, (max-width: 640px) 100vw, 640px\" \/><\/a><p id=\"caption-attachment-18245\" class=\"wp-caption-text\">El certamen fue organizado por la Conferencia de Naciones Unidas sobre Comercio y Desarrollo y la ceremonia de premiaci\u00f3n fue en Ginebra. Lorena (la segunda desde la derecha) sostiene su reconocimiento.<\/p><\/div>\n<p>Dise\u00f1a y produce juegos did\u00e1cticos que estimulan y desarrollan aptitudes cognitivas, motoras, emocionales y sociales en ni\u00f1os. El evento se desarroll\u00f3 en Ginebra.<\/p>\n<p>Lorena Picasso, cuyo emprendimiento est\u00e1 incubado en Expresiva, fue premiada con el tercer lugar al premio Mujer Empresaria 2014, galard\u00f3n otorgado por las Naciones Unidas. El premio fue organizado por la Conferencia de Naciones Unidas sobre Comercio y Desarrollo (Unctad) y la ceremonia de premiaci\u00f3n se realiz\u00f3 en Ginebra. Entre las finalistas hab\u00eda mujeres empresarias de Brasil, Guyana, Jordania, Mauritania, Nigeria, Senegal, Sud\u00e1frica, Zambia y Zimbabwe.<\/p>\n<p>El jurado, integrado por especialistas en iniciativas empresariales femeninas, se bas\u00f3 en los siguientes criterios para la selecci\u00f3n: el talento empresarial, los resultados de la empresa, el alcance local, nacional o internacional con el que cuenta la misma, y la singularidad y superioridad de sus productos o servicios.<\/p>\n<p>Somno Almac\u00e9n Did\u00e1ctico (www.somno.com.ar) es un emprendimiento de la ciudad de Santa Fe, que dise\u00f1a y produce juegos did\u00e1cticos que estimulan y desarrollan aptitudes cognitivas, motoras, emocionales y sociales en ni\u00f1os. Tambi\u00e9n est\u00e1 orientado al apoyo de tratamientos terap\u00e9uticos, adaptados a las necesidades de diferentes profesionales de la salud como nutricionistas, terapistas ocupacionales, psic\u00f3logos, etc. Adem\u00e1s, realiza juegos para personas con capacidades diferentes. Su principal motivaci\u00f3n es proveer de objetos y juguetes a aquellas personas que buscan ense\u00f1ar y divertir a la vez, ya sea para padres, docentes o profesionales. Muchos de los productos son hechos especialmente, seg\u00fan solicitudes particulares.<\/p>\n<h3>La creadora<\/h3>\n<p>Lorena Picasso, su creadora, es arquitecta y luego de ejercer durante 10 a\u00f1os esa profesi\u00f3n, decidi\u00f3 encarar esa iniciativa hace 4 a\u00f1os. As\u00ed se inici\u00f3 con el objetivo de \u201cfavorecer a trav\u00e9s del juego ciertos valores, como la comunicaci\u00f3n. Esto empez\u00f3 a ser importante en mi vida familiar y comenc\u00e9 a dise\u00f1ar cosas para mis hijos y un d\u00eda me di cuenta de que hab\u00eda armado un taller\u201d.<\/p>\n<p>En el 2011, ingres\u00f3 al proceso de Expresiva (www.expresivasantafe.com.ar), la incubadora de emprendimientos culturales de Santa Fe, iniciativa de la Universidad Nacional del Litoral y el gobierno de la ciudad de Santa Fe. En este espacio, recibi\u00f3 formaci\u00f3n y acompa\u00f1amiento para el fortalecimiento de su emprendimiento.<\/p>\n<p>Como parte de este espacio, Lorena accedi\u00f3 a una instancia de formaci\u00f3n intensiva desarrollada por el Programa Empretec de las Naciones Unidas, que se dict\u00f3 en Santa Fe a partir de la asociaci\u00f3n con la UNL. \u201cIntentamos no s\u00f3lo ponernos al servicio de colaborar con la salud de las personas sino tambi\u00e9n visibilizar al otro. A veces, en la vor\u00e1gine que vivimos, no vemos las dificultades que atraviesa una persona que no puede caminar o ver o al ni\u00f1o que necesita una estimulaci\u00f3n. Entonces, esto de favorecer la comunicaci\u00f3n y empoderar a los padres que se pueden comunicar a trav\u00e9s de un juego y que se puede sacar adelante a su ni\u00f1o es una de las premisas que le pongo a la marca\u201d.<\/p>\n<h3><a href=\"http:\/\/argentinamunicipal.com.ar\/argentina\/wp-content\/uploads\/2014\/11\/lorenapicasso.jpg\"><img loading=\"lazy\" decoding=\"async\" class=\"aligncenter  wp-image-18246\" src=\"http:\/\/argentinamunicipal.com.ar\/argentina\/wp-content\/uploads\/2014\/11\/lorenapicasso.jpg\" alt=\"lorenapicasso\" width=\"600\" height=\"400\" srcset=\"http:\/\/argentinamunicipal.com.ar\/argentina\/wp-content\/uploads\/2014\/11\/lorenapicasso.jpg 761w, http:\/\/argentinamunicipal.com.ar\/argentina\/wp-content\/uploads\/2014\/11\/lorenapicasso-300x199.jpg 300w\" sizes=\"auto, (max-width: 600px) 100vw, 600px\" \/><\/a><\/h3>\n<h3>La experiencia vivida<\/h3>\n<p>La emprendedora viaj\u00f3 a Ginebra para recibir su premio. Emocionada por esta nominaci\u00f3n, Lorena dijo que todo esto la motiv\u00f3 para renovar sus energ\u00edas y valorizar m\u00e1s lo que uno hace. Ahora, luego de haber sido premiada mantiene esa idea e \u00edmpetu que se refleja en sus palabras: \u201cVisibilizar el proyecto y los principios que hay detr\u00e1s, sirvi\u00f3 para tomar conciencia del camino recorrido hasta ac\u00e1. Uno, en el trabajo diario, a veces no mira el punto de partida que tuvo y de cu\u00e1nto tiempo pas\u00f3 y cu\u00e1nto ha crecido. A m\u00ed, en lo personal, me sirvi\u00f3 para revalorizar todo lo hecho y siento como un respaldo el pensar que es el camino correcto\u201d.<\/p>\n<p>\u201cA m\u00ed lo que me llena el alma -continu\u00f3 Lorena- es poder trabajar con el otro. No estoy enfocada en el dinero, obviamente que es lo que hace sustentable el proyecto y la posibilidad de crecer. Pero el centro est\u00e1 puesto tambi\u00e9n en el otro y de generar un cambio de paradigma en la sociedad donde yo me muevo\u201d.<\/p>\n<p><strong>La incubadora<\/strong><\/p>\n<p>Expresiva es una incubadora de emprendimientos culturales que fomenta, gestiona y promueve el desarrollo emprendedor. Ofreciendo a los integrantes herramientas que los ayudan a gestionar, organizar y coordinar mejor sus iniciativas para que sean sustentables en el tiempo.<\/p>\n<p>Brinda herramientas para ajustar el producto o servicio; analizar el mercado, la demanda y la competencia; reconocer los recursos necesarios; definir los costos y el financiamiento; especificar el tipo de forma jur\u00eddica a adoptar; realizar proyecciones financieras; entre otros. Asimismo, se trabaja sobre la salida al mercado, el desarrollo de la marca y su posicionamiento y la comunicaci\u00f3n del emprendimiento.<\/p>\n<p>Expresiva, es adem\u00e1s, un espacio de encuentro e interacci\u00f3n entre emprendedores de base cultural que generan novedosos proyectos, redes de contacto y nuevas fortalezas a partir de esas interacciones. Somno es un ejemplo de ello.<\/p>\n<p><strong>El dato<\/strong><\/p>\n<p><strong>El premio<\/strong><\/p>\n<p>\u00c9ste es un premio bianual que se realiza desde el a\u00f1o 2008, y su misi\u00f3n es proporcionar oportunidades para ampliar el potencial empresarial, aumentar la confianza y fomentar el intercambio de los conocimientos en las mujeres que emprenden sus propias empresas. Adem\u00e1s, otra emprendedora argentina, Pabla Torres, obtuvo un reconocimiento especial por Emprendimiento Verde.<\/p>\n<h6>Fuente: El Litoral, Santa Fe<\/h6>\n","protected":false},"excerpt":{"rendered":"<p>Dise\u00f1a y produce juegos did\u00e1cticos que estimulan y desarrollan aptitudes cognitivas, motoras, emocionales y sociales en ni\u00f1os. El evento se desarroll\u00f3 en Ginebra. Lorena Picasso, cuyo emprendimiento est\u00e1 incubado en Expresiva, fue premiada con el tercer lugar al premio Mujer Empresaria 2014, galard\u00f3n otorgado por las Naciones Unidas. El premio fue organizado por la Conferencia<\/p>\n","protected":false},"author":2,"featured_media":18246,"comment_status":"closed","ping_status":"closed","sticky":false,"template":"","format":"standard","meta":{"footnotes":""},"categories":[8],"tags":[10],"class_list":["post-18244","post","type-post","status-publish","format-standard","has-post-thumbnail","hentry","category-informe-nacional","tag-santa-fe"],"_links":{"self":[{"href":"http:\/\/argentinamunicipal.com.ar\/argentina\/wp-json\/wp\/v2\/posts\/18244","targetHints":{"allow":["GET"]}}],"collection":[{"href":"http:\/\/argentinamunicipal.com.ar\/argentina\/wp-json\/wp\/v2\/posts"}],"about":[{"href":"http:\/\/argentinamunicipal.com.ar\/argentina\/wp-json\/wp\/v2\/types\/post"}],"author":[{"embeddable":true,"href":"http:\/\/argentinamunicipal.com.ar\/argentina\/wp-json\/wp\/v2\/users\/2"}],"replies":[{"embeddable":true,"href":"http:\/\/argentinamunicipal.com.ar\/argentina\/wp-json\/wp\/v2\/comments?post=18244"}],"version-history":[{"count":0,"href":"http:\/\/argentinamunicipal.com.ar\/argentina\/wp-json\/wp\/v2\/posts\/18244\/revisions"}],"wp:featuredmedia":[{"embeddable":true,"href":"http:\/\/argentinamunicipal.com.ar\/argentina\/wp-json\/wp\/v2\/media\/18246"}],"wp:attachment":[{"href":"http:\/\/argentinamunicipal.com.ar\/argentina\/wp-json\/wp\/v2\/media?parent=18244"}],"wp:term":[{"taxonomy":"category","embeddable":true,"href":"http:\/\/argentinamunicipal.com.ar\/argentina\/wp-json\/wp\/v2\/categories?post=18244"},{"taxonomy":"post_tag","embeddable":true,"href":"http:\/\/argentinamunicipal.com.ar\/argentina\/wp-json\/wp\/v2\/tags?post=18244"}],"curies":[{"name":"wp","href":"https:\/\/api.w.org\/{rel}","templated":true}]}}