{"id":18357,"date":"2014-11-05T09:37:44","date_gmt":"2014-11-05T12:37:44","guid":{"rendered":"http:\/\/argentinamunicipal.com.ar\/argentina\/?p=18357"},"modified":"2014-11-05T09:37:44","modified_gmt":"2014-11-05T12:37:44","slug":"el-gobernador-de-rio-negro-encabezo-la-entrega-de-40-viviendas-en-choele-choel","status":"publish","type":"post","link":"http:\/\/argentinamunicipal.com.ar\/argentina\/el-gobernador-de-rio-negro-encabezo-la-entrega-de-40-viviendas-en-choele-choel\/","title":{"rendered":"El Gobernador de R\u00edo Negro encabez\u00f3 la entrega de 40 viviendas en Choele Choel"},"content":{"rendered":"<p><a href=\"http:\/\/argentinamunicipal.com.ar\/argentina\/wp-content\/uploads\/2014\/11\/00010188.jpg\"><img loading=\"lazy\" decoding=\"async\" class=\"aligncenter  wp-image-18358\" src=\"http:\/\/argentinamunicipal.com.ar\/argentina\/wp-content\/uploads\/2014\/11\/00010188.jpg\" alt=\"00010188\" width=\"711\" height=\"351\" srcset=\"http:\/\/argentinamunicipal.com.ar\/argentina\/wp-content\/uploads\/2014\/11\/00010188.jpg 924w, http:\/\/argentinamunicipal.com.ar\/argentina\/wp-content\/uploads\/2014\/11\/00010188-300x148.jpg 300w\" sizes=\"auto, (max-width: 711px) 100vw, 711px\" \/><\/a><\/p>\n<p>Cuarenta familias de Choele Choel cumplieron hoy el sue\u00f1o de contar con la casa propia. El gobernador Alberto Weretilneck presidi\u00f3 el acto de entrega de las viviendas, que demandaron una inversi\u00f3n de casi $13.500.000. Adem\u00e1s se entregaron aportes, hubo anuncios y se firmaron convenios por obras que mejorar\u00e1n la calidad de vida de los habitantes.<\/p>\n<p>Del acto participaron tambi\u00e9n los ministros de Obras y Servicios P\u00fablicos, Guillermo Gesualdo y de Salud, Fabi\u00e1n Zgaib; el intendente de Choele Choel, Daniel Belloso y sus pares de Chimpay, Gerardo Bravo y de Darwin, V\u00edctor Mansilla; el legislador provincial Leandro Tozzi, el secretario de Obras e Infraestructura e interventor a cargo del Instituto de Planificaci\u00f3n y Promoci\u00f3n de la Vivienda (IPPV), Alejandro Echarren; el subsecretario de Coordinaci\u00f3n de Salud, Luciano Ruiz y el presidente de Aguas Rionegrinas, Roger Garc\u00eda, entre otras autoridades.<\/p>\n<p>El plan de 40 viviendas e infraestrutura en Choele Choel fue ejecutado por el IPPV, en el marco del Programa Federal Plurianual de Construcci\u00f3n de Viviendas Reconvertido. Las tareas estuvieron a cargo de la empresa ECA SA y demandaron una inversi\u00f3n total de $ 13.420.853.<\/p>\n<p>All\u00ed, el Gobernador destac\u00f3 \u201cel acto de transparencia de esta entrega, porque aqu\u00ed no hubo amigos, familiares y compa\u00f1erismo pol\u00edtico. Ac\u00e1 hubo transparencia y esto habla de c\u00f3mo respetamos a aquellos que necesitan la resoluci\u00f3n del tema de la vivienda\u201d.<\/p>\n<p>\u201cLa alegr\u00eda de ustedes es la nuestra. Cada vez que compartimos con alguien la entrega de un hogar sentimos que estamos compartiendo algo importante con cada familia. Lo que estamos haciendo ac\u00e1 es generar un lugar donde es muy probable que todos ustedes pasen el resto de sus vidas\u201d, dijo.<\/p>\n<p>Alent\u00f3 a los vecinos \u201ca tener ciudadan\u00eda\u201d se\u00f1alando que \u201cser ciudadanos significa fundamentalmente no quedarse en el ego\u00edsmo o en el individualismo de cada uno y comprometerse con las cosas p\u00fablicas\u201d.<\/p>\n<p>Finalmente, destac\u00f3 la decisi\u00f3n del Municipio de Choele Choel de generar la nueva \u00e1rea industrial de la zona, se\u00f1alando que es \u201cuno de los objetivos centrales del Estado provincial\u201d.<\/p>\n<p>El intendente Belloso, por su parte, agradeci\u00f3 el acompa\u00f1amiento y las gestiones del Gobierno Provincial, as\u00ed como \u201cel trabajo conjunto con el legislador Tozzi que siempre est\u00e1 junto a nosotros\u201d.<\/p>\n<p>Record\u00f3 que estas unidades fueron adjudicadas por sorteo a fines de septiembre \u201cde forma totalmente transparente\u201d y destac\u00f3 esta nueva modalidad.<\/p>\n<h3>Aportes y anuncios<\/h3>\n<p>En este marco, el gobernador Weretilneck anunci\u00f3 que el 20 de diciembre se entregar\u00e1 un nuevo equipo de Rayos X al hospital, lo que demandar\u00e1 una inversi\u00f3n de $ 1.000.000. Y tambi\u00e9n confirm\u00f3 que en unos 10 d\u00edas se instalar\u00e1 un grupo electr\u00f3geno nuevo, que mejorar\u00e1 el funcionamiento del nosocomio.<\/p>\n<p>Asimismo, el Gobierno provincial entreg\u00f3 un aporte de m\u00e1s de $291.000 de un total de $583.911, destinado al Municipio de Choele Choel para el mantenimiento de establecimientos educativos.<\/p>\n<p>El intendente Belloso tambi\u00e9n recibi\u00f3 dos aportes que totalizan $65.000, destinados a solventar gastos devengados de los festejos por el aniversario de la comuna.<\/p>\n<p>Por otra parte, la directora de la Escuela de Educaci\u00f3n Especial N\u00ba 8, Daniela Su\u00e1rez, recibi\u00f3 una nueva impresora HP Laser Jet que estar\u00e1 destinada a tareas administrativas del establecimiento.<\/p>\n<p>Adem\u00e1s, destinado al beneficio del deporte local, se entreg\u00f3 una bomba para el riego en el Club Villa Uni\u00f3n. El artefacto fue reparado a nuevo por t\u00e9cnicos de la empresa estatal Aguas Rionegrinas y servir\u00e1 para abastecer de riego a la cancha de la instituci\u00f3n.<\/p>\n<p>Asimismo, se entreg\u00f3 la personer\u00eda jur\u00eddica a la Asociaci\u00f3n Civil Valle Medio Rugby Club de Choele Choel que tiene como objetivo impulsar, desarrollar, perfeccionar, promover, estimular, colaborar, participar e intervenir en cualquier forma en toda clase de iniciativa, obras y proyectos de car\u00e1cter cultural. Recibi\u00f3 este reconocimiento el presidente de la entidad, Enrique Echeto.<\/p>\n<h3>Impulso al Parque Industrial<\/h3>\n<p>Por otra parte, el intendente Daniel Belloso recibi\u00f3 la resoluci\u00f3n del proyecto de creaci\u00f3n del Parque Industrial de la localidad, que constituye una actividad de promoci\u00f3n a la industrializaci\u00f3n y desarrollo de la zona y resulta ser una alternativa productiva y de desarrollo local.<\/p>\n<p>En este marco, se otorg\u00f3 al Municipio un aporte de $158.273 correspondiente a la primera cuota de la ayuda econ\u00f3mica destinada a la obra de suministro de energ\u00eda el\u00e9ctrica para el sector.<\/p>\n<h3>Convenio para obras en Escuela 110<\/h3>\n<p>En el marco de la ceremonia, el Gobernador y el Intendente firmaron el convenio que posibilitar\u00e1 la continuaci\u00f3n de los trabajos de ampliaci\u00f3n de la Escuela Primaria N\u00ba 110 de esta localidad.<\/p>\n<p>En este establecimiento rural del ejido municipal de Choele Choel se ejecutaban trabajos de ampliaci\u00f3n, pero fueron interrumpidos tiempo atr\u00e1s por inconvenientes financieros de la empresa constructora.<\/p>\n<p>Ahora, Provincia y Municipio retomar\u00e1n las tareas bajo la modalidad de obra delegada, en el marco del programa provincial \u201cJunto al Municipio\u201d.<\/p>\n<p>La obra pendiente comprende finalizar la refacci\u00f3n del aula taller multiuso, el sal\u00f3n de usos m\u00faltiples, la ampliaci\u00f3n de la cocina, el comedor, espacios del nivel inicial y el sector de gobierno.<\/p>\n<h3>Plan Director de Cloacas<\/h3>\n<p>En este mismo marco, el secretario de Obras e Infraestrucura, Alejandro Echarren entreg\u00f3 al intendente Belloso la carpeta con el proyecto del Plan Director de Desag\u00fces Cloacales de la ciudad.<\/p>\n<p>El proyecto tiene por objeto cubrir las actuales y futuras necesidades de disposici\u00f3n de l\u00edquidos cloacales. Principalmente resolver\u00e1 cuatro problemas: la falta de tratamiento de depuraci\u00f3n de los l\u00edquidos cloacales, el vuelco del l\u00edquido crudo al r\u00edo Negro, la falta de servicio colector en las zonas de potencial expansi\u00f3n urbana y las limitaciones en la capacidad de conducci\u00f3n de los l\u00edquidos.<\/p>\n<p>El monto previsto a invertir en el proyecto es de $53.284.000 y contar\u00e1 con el financiamiento del Ente Nacional de Obras Hidr\u00e1ulicas de Saneamiento (ENOHSA) a trav\u00e9s de su Programa de Aguas Y Saneamiento para Comunidades Menores (PROAS), que cuenta con recursos del Banco Interamericano de Desarrollo.<\/p>\n<p>La infraestructura se ha dise\u00f1ado teniendo en cuenta una dotaci\u00f3n de aporte de 200 litros por habitante por d\u00eda, que servir\u00e1 para abastecer al m\u00e1ximo de poblaci\u00f3n que se proyecta.<\/p>\n<p>Los trabajos incluidos en el Plan parten de la premisa del aprovechamiento m\u00e1ximo de las instalaciones existentes, manteniendo el concepto de colectar los l\u00edquidos residuales en la c\u00e1mara de aspiraci\u00f3n de la estaci\u00f3n elevadora N\u00ba1 y de producir la depuraci\u00f3n de los l\u00edquidos sobre la meseta.<\/p>\n<p>De esta forma, se proyecta la construcci\u00f3n de nuevos sistemas de ca\u00f1er\u00edas en los colectores troncales en los barrios Las Bardas y Loteo Oeste y la instalaci\u00f3n de la red de colectoras en los barrios Las Bardas, Las Mercedes, Tupac Amar\u00fa, adem\u00e1s de la prolongaci\u00f3n en el barrio Don Bosco.<\/p>\n<p>Esto se suma a la construcci\u00f3n de la nueva estaci\u00f3n elevadora N\u00b0 3, mejoras en el equipamiento electromec\u00e1nico en la estaci\u00f3n N\u00b0 1, la ejecuci\u00f3n del edificio e instalaciones en la estaci\u00f3n elevadora de paso y un nuevo m\u00f3dulo de lagunas en la planta depuradora, adem\u00e1s de la renovaci\u00f3n integral de las ca\u00f1er\u00edas y nueva forestaci\u00f3n.<\/p>\n<h6>Fuente: ADN Digital<\/h6>\n","protected":false},"excerpt":{"rendered":"<p>Cuarenta familias de Choele Choel cumplieron hoy el sue\u00f1o de contar con la casa propia. El gobernador Alberto Weretilneck presidi\u00f3 el acto de entrega de las viviendas, que demandaron una inversi\u00f3n de casi $13.500.000. Adem\u00e1s se entregaron aportes, hubo anuncios y se firmaron convenios por obras que mejorar\u00e1n la calidad de vida de los habitantes.<\/p>\n","protected":false},"author":2,"featured_media":18358,"comment_status":"closed","ping_status":"closed","sticky":false,"template":"","format":"standard","meta":{"footnotes":""},"categories":[2],"tags":[11],"class_list":["post-18357","post","type-post","status-publish","format-standard","has-post-thumbnail","hentry","category-informe-municipal","tag-rio-negro"],"_links":{"self":[{"href":"http:\/\/argentinamunicipal.com.ar\/argentina\/wp-json\/wp\/v2\/posts\/18357","targetHints":{"allow":["GET"]}}],"collection":[{"href":"http:\/\/argentinamunicipal.com.ar\/argentina\/wp-json\/wp\/v2\/posts"}],"about":[{"href":"http:\/\/argentinamunicipal.com.ar\/argentina\/wp-json\/wp\/v2\/types\/post"}],"author":[{"embeddable":true,"href":"http:\/\/argentinamunicipal.com.ar\/argentina\/wp-json\/wp\/v2\/users\/2"}],"replies":[{"embeddable":true,"href":"http:\/\/argentinamunicipal.com.ar\/argentina\/wp-json\/wp\/v2\/comments?post=18357"}],"version-history":[{"count":0,"href":"http:\/\/argentinamunicipal.com.ar\/argentina\/wp-json\/wp\/v2\/posts\/18357\/revisions"}],"wp:featuredmedia":[{"embeddable":true,"href":"http:\/\/argentinamunicipal.com.ar\/argentina\/wp-json\/wp\/v2\/media\/18358"}],"wp:attachment":[{"href":"http:\/\/argentinamunicipal.com.ar\/argentina\/wp-json\/wp\/v2\/media?parent=18357"}],"wp:term":[{"taxonomy":"category","embeddable":true,"href":"http:\/\/argentinamunicipal.com.ar\/argentina\/wp-json\/wp\/v2\/categories?post=18357"},{"taxonomy":"post_tag","embeddable":true,"href":"http:\/\/argentinamunicipal.com.ar\/argentina\/wp-json\/wp\/v2\/tags?post=18357"}],"curies":[{"name":"wp","href":"https:\/\/api.w.org\/{rel}","templated":true}]}}