{"id":18366,"date":"2014-11-06T07:53:12","date_gmt":"2014-11-06T10:53:12","guid":{"rendered":"http:\/\/argentinamunicipal.com.ar\/argentina\/?p=18366"},"modified":"2014-11-05T09:57:35","modified_gmt":"2014-11-05T12:57:35","slug":"incluiran-personas-con-discapacidad-en-la-municipalidad-de-salta","status":"publish","type":"post","link":"http:\/\/argentinamunicipal.com.ar\/argentina\/incluiran-personas-con-discapacidad-en-la-municipalidad-de-salta\/","title":{"rendered":"Incluir\u00e1n a personas con discapacidad en la Municipalidad de Salta"},"content":{"rendered":"<p>Es a trav\u00e9s de un proyecto de resoluci\u00f3n aprobado ayer, en el Concejo Deliberante capitalino. El mismo es de autor\u00eda de la concejal Frida Fonseca con la adhesi\u00f3n de la Direcci\u00f3n General de Discapacidad.<\/p>\n<p>Personas que est\u00e1n incluidas dentro de los diversos programas y actividades que promueve la Direcci\u00f3n General de la Discapacidad municipal, ser\u00e1n \u2013pr\u00f3ximamente- insertadas en las diversas actividades laborales que ofrecen las \u00e1reas de la Municipalidad de Salta.<\/p>\n<p>Esta medida se confirm\u00f3 tras la aprobaci\u00f3n de un proyecto de Resoluci\u00f3n, presentado por la concejal Frida Fonseca \u2013con adhesi\u00f3n del \u00e1rea de Discapacidad del municipio- el cual fue aprobado esta tarde en la sesi\u00f3n ordinaria del Concejo Deliberante capitalino.<\/p>\n<p>Al respecto, Gabriel Olivera, titular de la repartici\u00f3n municipal, mostr\u00f3 su satisfacci\u00f3n tras la sanci\u00f3n del proyecto al admitir los alcances del mismo al no haber un l\u00edmite de incorporaci\u00f3n laboral de personas limitadas en sus funciones f\u00edsicas. Coment\u00f3 adem\u00e1s que el pr\u00f3ximo paso ser\u00e1 reunirse con el intendente Miguel Isa y el presidente del cuerpo deliberativo, Ricardo Villada, a fines de evaluar la metodolog\u00eda de su implementaci\u00f3n, entre otros aspectos.<\/p>\n<p>Olivera destac\u00f3 que el proyecto presentado y abordado por los ediles, refleja la verdadera inclusi\u00f3n social en la ciudad. \u201cQueremos que todos vean la capacidad de estas diez personas, ellos est\u00e1n preparados y tienen muchas ganas de trabajar y servir a la comunidad el \u00e1rea administrativa y de servicios\u201d, dijo.<\/p>\n<p>Adem\u00e1s record\u00f3 que la resoluci\u00f3n sancionada se enmarca en el programa nacional de \u201cAcci\u00f3n para el Entrenamiento para el Trabajo\u201d del Ministerio de Trabajo de la Naci\u00f3n.<\/p>\n<p>\u201cComo concejal es mi deber destacar el trabajo de la comuna quien a trav\u00e9s de la creaci\u00f3n de la Direcci\u00f3n de la Discapacidad, muchas personas pudieron acceder a obtener elementos tales como una silla de ruedas, una cama especial, el banco de discapacidad y pensiones. Ahora se a\u00f1ade la capacitaci\u00f3n y entrenamiento laboral que les permitir\u00e1 a \u00e9stas personas ser incluidas laboralmente, no solo en el Ejecutivo Municipal sino en empresas del medio\u201d, expres\u00f3 por su parte la edil Fonseca.<\/p>\n<p><strong>Historias de superaci\u00f3n personal<\/strong><\/p>\n<p>El proyecto presentado ante los ediles de los diferentes bloques y con algunas modificaciones, contempla que una vez finalizado la capacitaci\u00f3n de seis meses, al que asisten diez personas con discapacidad, tengan en forma inmediata la incorporaci\u00f3n plano laboral a partir de abril de 2015, en algunas de las reparticiones municipales, sumando tambi\u00e9n tareas en el Tribunal Cuentas y el Concejo Deliberante.<\/p>\n<p>\u201dYo quiero trabajar, porque quiero devolver a la sociedad lo que aprend\u00ed. Estar cerca del vecino. Trabajar dignifica a las personas\u201d expres\u00f3 Mauro Soto joven no vidente.<\/p>\n<p>Por \u00faltimo Diego S\u00e1nchez, joven con dificultad motriz, subray\u00f3 \u201cHaber encontrado a la Direcci\u00f3n de la Municipalidad, permitir\u00e1 encontrar un trabajo, porque yo me desempe\u00f1o como t\u00e9cnico en inform\u00e1tica y esto va a ser una puerta muy grande\u201d.<\/p>\n<h6>Fuente: Cable a Tierra<\/h6>\n","protected":false},"excerpt":{"rendered":"<p>Es a trav\u00e9s de un proyecto de resoluci\u00f3n aprobado ayer, en el Concejo Deliberante capitalino. El mismo es de autor\u00eda de la concejal Frida Fonseca con la adhesi\u00f3n de la Direcci\u00f3n General de Discapacidad. Personas que est\u00e1n incluidas dentro de los diversos programas y actividades que promueve la Direcci\u00f3n General de la Discapacidad municipal, ser\u00e1n<\/p>\n","protected":false},"author":2,"featured_media":18368,"comment_status":"closed","ping_status":"closed","sticky":false,"template":"","format":"standard","meta":{"footnotes":""},"categories":[2],"tags":[9],"class_list":["post-18366","post","type-post","status-publish","format-standard","has-post-thumbnail","hentry","category-informe-municipal","tag-salta"],"_links":{"self":[{"href":"http:\/\/argentinamunicipal.com.ar\/argentina\/wp-json\/wp\/v2\/posts\/18366","targetHints":{"allow":["GET"]}}],"collection":[{"href":"http:\/\/argentinamunicipal.com.ar\/argentina\/wp-json\/wp\/v2\/posts"}],"about":[{"href":"http:\/\/argentinamunicipal.com.ar\/argentina\/wp-json\/wp\/v2\/types\/post"}],"author":[{"embeddable":true,"href":"http:\/\/argentinamunicipal.com.ar\/argentina\/wp-json\/wp\/v2\/users\/2"}],"replies":[{"embeddable":true,"href":"http:\/\/argentinamunicipal.com.ar\/argentina\/wp-json\/wp\/v2\/comments?post=18366"}],"version-history":[{"count":0,"href":"http:\/\/argentinamunicipal.com.ar\/argentina\/wp-json\/wp\/v2\/posts\/18366\/revisions"}],"wp:featuredmedia":[{"embeddable":true,"href":"http:\/\/argentinamunicipal.com.ar\/argentina\/wp-json\/wp\/v2\/media\/18368"}],"wp:attachment":[{"href":"http:\/\/argentinamunicipal.com.ar\/argentina\/wp-json\/wp\/v2\/media?parent=18366"}],"wp:term":[{"taxonomy":"category","embeddable":true,"href":"http:\/\/argentinamunicipal.com.ar\/argentina\/wp-json\/wp\/v2\/categories?post=18366"},{"taxonomy":"post_tag","embeddable":true,"href":"http:\/\/argentinamunicipal.com.ar\/argentina\/wp-json\/wp\/v2\/tags?post=18366"}],"curies":[{"name":"wp","href":"https:\/\/api.w.org\/{rel}","templated":true}]}}