{"id":18406,"date":"2014-11-06T07:29:53","date_gmt":"2014-11-06T10:29:53","guid":{"rendered":"http:\/\/argentinamunicipal.com.ar\/argentina\/?p=18406"},"modified":"2014-11-05T20:11:21","modified_gmt":"2014-11-05T23:11:21","slug":"el-fmi-admitio-que-fue-prematuro-pedir-el-ajuste-en-europa","status":"publish","type":"post","link":"http:\/\/argentinamunicipal.com.ar\/argentina\/el-fmi-admitio-que-fue-prematuro-pedir-el-ajuste-en-europa\/","title":{"rendered":"El FMI admiti\u00f3 que fue prematuro pedir el ajuste en Europa"},"content":{"rendered":"<p><a href=\"http:\/\/argentinamunicipal.com.ar\/argentina\/wp-content\/uploads\/2014\/11\/53fdb2cb70633_510x339.jpg\"><img loading=\"lazy\" decoding=\"async\" class=\"alignright size-full wp-image-18407\" src=\"http:\/\/argentinamunicipal.com.ar\/argentina\/wp-content\/uploads\/2014\/11\/53fdb2cb70633_510x339.jpg\" alt=\"53fdb2cb70633_510x339\" width=\"510\" height=\"339\" srcset=\"http:\/\/argentinamunicipal.com.ar\/argentina\/wp-content\/uploads\/2014\/11\/53fdb2cb70633_510x339.jpg 510w, http:\/\/argentinamunicipal.com.ar\/argentina\/wp-content\/uploads\/2014\/11\/53fdb2cb70633_510x339-300x199.jpg 300w\" sizes=\"auto, (max-width: 510px) 100vw, 510px\" \/><\/a>La Oficina de Evaluaci\u00f3n Interna del organismo se\u00f1al\u00f3 en una auditor\u00eda que sus llamadas a la consolidaci\u00f3n fiscal fueron \u00abprematuras\u00bb durante la aguda crisis del Viejo Continente y \u00abla mezcla de recomendaciones no fue la adecuada\u00bb.<\/p>\n<p>\u00abLa mezcla de recomendaciones no fue adecuada, ya que la expansi\u00f3n monetaria es relativamente ineficaz en impulsar la demanda privada tras una crisis financiera\u00bb, indic\u00f3 el reporte del IEO, en el que analiz\u00f3 la respuesta a la crisis financiera global del FMI.<\/p>\n<p>Por ello, agreg\u00f3 que \u00ablos llamados a la consolidaci\u00f3n fiscal se revelaron prematuros, a medida que la recuperaci\u00f3n result\u00f3 ser modesta en la mayor parte de econom\u00edas avanzadas y de escasa duraci\u00f3n en muchos pa\u00edses europeos\u00bb.<\/p>\n<p>Tras el estallido de la crisis de la deuda en la zona euro en 2010, que se sald\u00f3 con tres programas de rescate financiero internacional a Grecia, Portugal e Irlanda, el Fondo inst\u00f3 a los pa\u00edses de la uni\u00f3n monetaria a reducir sus desequilibrios presupuestarios y apostar por la expansi\u00f3n monetaria.<\/p>\n<p>Esta pol\u00edtica de austeridad ha sido considerada por numerosos economistas como uno de los elementos que provoc\u00f3 que la crisis se prolongase m\u00e1s de lo esperado, con un crecimiento an\u00e9mico que se mantiene hoy en d\u00eda en gran parte de la zona euro.<\/p>\n<p>Estos analistas, como los premio Nobel Paul Krugman y Joseph Stiglitz, recetaron un mayor est\u00edmulo fiscal para contrarrestar la debilidad de la actividad econ\u00f3mica y respaldar la demanda y la confianza interna.<br \/>\nAdem\u00e1s, el auditor interno critic\u00f3 la generalidad de las recomendaciones y \u00abno dise\u00f1ar suficientemente sus consejos a los pa\u00edses en funci\u00f3n de sus circunstancias individuales\u00bb.<\/p>\n<p>Por su parte, la directora gerente de la instituci\u00f3n, Christine Lagarde, expres\u00f3 en un comunicado su desacuerdo con esta interpretaci\u00f3n del auditor interno del Fondo.<\/p>\n<p>\u00abNo comparto parte de la evaluaci\u00f3n y caracterizaci\u00f3n de las recomendaciones de pol\u00edtica macroecon\u00f3mica del FMI tras la crisis, ya que no prestan atenci\u00f3n a elementos relevantes y al contexto de las gestiones de la instituci\u00f3n en ese periodo\u00bb, afirm\u00f3 Lagarde.<\/p>\n<p>Para la ex ministra francesa de Finanzas, esta visi\u00f3n \u00abse beneficia del juicio a posteriori\u00bb, al citar un reporte del organismo de 2012 en el que reconoc\u00eda algunos errores a la hora de incidir en demas\u00eda en las pol\u00edticas de consolidaci\u00f3n fiscal.<\/p>\n<p>Por \u00faltimo, el informe independiente alaba que pese a que el Fondo se encontraba en una posici\u00f3n \u00abrelativamente d\u00e9bil\u00bb en el momento del inicio de la crisis en 2008-2009, fue capaz de adaptarse para desempe\u00f1ar \u00abun importante rol\u00bb en la respuesta global.<\/p>\n<p>\u00abLos recursos del FMI se encontraban en un m\u00ednimo hist\u00f3rico relativo a los flujos financieros y el tama\u00f1o de la econom\u00eda global\u00bb, apuntaron los t\u00e9cnicos responsables de la auditor\u00eda.<\/p>\n<h6>Fuente: T\u00e9lam<\/h6>\n","protected":false},"excerpt":{"rendered":"<p>La Oficina de Evaluaci\u00f3n Interna del organismo se\u00f1al\u00f3 en una auditor\u00eda que sus llamadas a la consolidaci\u00f3n fiscal fueron \u00abprematuras\u00bb durante la aguda crisis del Viejo Continente y \u00abla mezcla de recomendaciones no fue la adecuada\u00bb. \u00abLa mezcla de recomendaciones no fue adecuada, ya que la expansi\u00f3n monetaria es relativamente ineficaz en impulsar la demanda<\/p>\n","protected":false},"author":2,"featured_media":18407,"comment_status":"closed","ping_status":"closed","sticky":false,"template":"","format":"standard","meta":{"footnotes":""},"categories":[22],"tags":[57],"class_list":["post-18406","post","type-post","status-publish","format-standard","has-post-thumbnail","hentry","category-el-mundo","tag-el-mundo"],"_links":{"self":[{"href":"http:\/\/argentinamunicipal.com.ar\/argentina\/wp-json\/wp\/v2\/posts\/18406","targetHints":{"allow":["GET"]}}],"collection":[{"href":"http:\/\/argentinamunicipal.com.ar\/argentina\/wp-json\/wp\/v2\/posts"}],"about":[{"href":"http:\/\/argentinamunicipal.com.ar\/argentina\/wp-json\/wp\/v2\/types\/post"}],"author":[{"embeddable":true,"href":"http:\/\/argentinamunicipal.com.ar\/argentina\/wp-json\/wp\/v2\/users\/2"}],"replies":[{"embeddable":true,"href":"http:\/\/argentinamunicipal.com.ar\/argentina\/wp-json\/wp\/v2\/comments?post=18406"}],"version-history":[{"count":0,"href":"http:\/\/argentinamunicipal.com.ar\/argentina\/wp-json\/wp\/v2\/posts\/18406\/revisions"}],"wp:featuredmedia":[{"embeddable":true,"href":"http:\/\/argentinamunicipal.com.ar\/argentina\/wp-json\/wp\/v2\/media\/18407"}],"wp:attachment":[{"href":"http:\/\/argentinamunicipal.com.ar\/argentina\/wp-json\/wp\/v2\/media?parent=18406"}],"wp:term":[{"taxonomy":"category","embeddable":true,"href":"http:\/\/argentinamunicipal.com.ar\/argentina\/wp-json\/wp\/v2\/categories?post=18406"},{"taxonomy":"post_tag","embeddable":true,"href":"http:\/\/argentinamunicipal.com.ar\/argentina\/wp-json\/wp\/v2\/tags?post=18406"}],"curies":[{"name":"wp","href":"https:\/\/api.w.org\/{rel}","templated":true}]}}