{"id":18425,"date":"2014-11-06T07:36:03","date_gmt":"2014-11-06T10:36:03","guid":{"rendered":"http:\/\/argentinamunicipal.com.ar\/argentina\/?p=18425"},"modified":"2014-11-05T21:38:09","modified_gmt":"2014-11-06T00:38:09","slug":"avanza-en-el-concejo-de-rosario-la-prohibicion-de-las-bolsas-plasticas","status":"publish","type":"post","link":"http:\/\/argentinamunicipal.com.ar\/argentina\/avanza-en-el-concejo-de-rosario-la-prohibicion-de-las-bolsas-plasticas\/","title":{"rendered":"Avanza en el Concejo de Rosario la prohibici\u00f3n de las bolsas pl\u00e1sticas"},"content":{"rendered":"<div id=\"attachment_18426\" style=\"width: 554px\" class=\"wp-caption alignleft\"><a href=\"http:\/\/argentinamunicipal.com.ar\/argentina\/wp-content\/uploads\/2014\/11\/60537_interes-general.jpg\"><img loading=\"lazy\" decoding=\"async\" aria-describedby=\"caption-attachment-18426\" class=\"size-full wp-image-18426\" src=\"http:\/\/argentinamunicipal.com.ar\/argentina\/wp-content\/uploads\/2014\/11\/60537_interes-general.jpg\" alt=\"El debate volver\u00e1 la pr\u00f3xima semana\" width=\"544\" height=\"293\" srcset=\"http:\/\/argentinamunicipal.com.ar\/argentina\/wp-content\/uploads\/2014\/11\/60537_interes-general.jpg 544w, http:\/\/argentinamunicipal.com.ar\/argentina\/wp-content\/uploads\/2014\/11\/60537_interes-general-300x161.jpg 300w\" sizes=\"auto, (max-width: 544px) 100vw, 544px\" \/><\/a><p id=\"caption-attachment-18426\" class=\"wp-caption-text\">El debate volver\u00e1 la pr\u00f3xima semana<\/p><\/div>\n<p>El presidente del Concejo Municipal, Miguel Zamarini, insisti\u00f3 en la necesidad de la eliminaci\u00f3n de las bolsas pl\u00e1sticas de los supermercados y almacenes, luego de presentarse en el \u00e1mbito del cuerpo legislativo un nuevo proyecto firmado por supermercadistas y agrupaciones ecologistas que persigue este mismo objetivo.<\/p>\n<p>En ese sentido, el dirigente socialista record\u00f3 el proyecto de su autor\u00eda presentado a principios de a\u00f1o que tambi\u00e9n prev\u00e9 la eliminaci\u00f3n de las denominadas bolsas camiseta y una fuerte campa\u00f1a de concientizaci\u00f3n para reemplazarlas por otras reutilizables. \u00abSer\u00e1 un paso fundamental para colaborar con el medio ambiente al que tanto se ha da\u00f1ado en las \u00faltimas d\u00e9cadas\u00bb, resumi\u00f3.<\/p>\n<p>El titular del cuerpo legislativo valor\u00f3 la intenci\u00f3n de los supermercados de obsequiar las bolsas reutilizables de tela, tambi\u00e9n denominada \u00abde mandados\u00bb con la intenci\u00f3n de que los clientes se familiaricen con la nueva modalidad hasta el mes de marzo, fecha en la que dejar\u00edan de entregarse definitivamente las bolsas pl\u00e1sticas.<\/p>\n<p>\u00abEstamos ante un debate que lleva muchos a\u00f1os en el Concejo, con m\u00e1s de 25 proyectos presentados y creemos estar cerca de llegar a un consenso. Se han escuchado todas las voces, con propuestas a favor, en contra o intermedias, pero creemos que ninguna fue superadora a la eliminaci\u00f3n de las bolsas, que ya ocurri\u00f3 con \u00e9xito en muchas ciudades de la Argentina\u00bb, a\u00f1adi\u00f3.<\/p>\n<p>Para Zamarini, es un dato \u00abmuy importante\u00bb que el proyecto presentado esta semana en el Concejo lleve la firma de organizaciones ambientalistas tales como el Taller Ecologista, entre muchos otros. Y record\u00f3 que, en su momento, el proyecto de su autor\u00eda hab\u00eda sido respaldado tambi\u00e9n por la Asociaci\u00f3n de Empleados de Comercio.<\/p>\n<p>\u00abNos encontramos ante un cuadro de situaci\u00f3n en el que supermercadistas, empleados de comercio y ecologistas realizan un mismo diagn\u00f3stico, que es el mismo que el nuestro: Ir por la eliminaci\u00f3n de las bolsas, en un tiempo prudencial que permita concientizar y acostumbrar al ciudadano a una determinaci\u00f3n que ir\u00e1 de lleno a la protecci\u00f3n del medio ambiente\u00bb, sostuvo Zamarini.<\/p>\n<p>El titular del Concejo adelant\u00f3 que el proyecto ingresado esta semana tendr\u00e1 preferencia para ser tratado desde el lunes en la Comisi\u00f3n de Ecolog\u00eda, a partir de un pedido que el mismo Zamarini realiz\u00f3 en el d\u00eda de la fecha. \u00abVamos a propiciar nuevamente el debate y buscar en definitiva que la soluci\u00f3n ya no se dilate\u00bb, coment\u00f3.<\/p>\n<p>Cabe recordar que el proyecto presentado en su momento por Zamarini llevaba el acompa\u00f1amiento de los ediles radicales Mart\u00edn Ros\u00faa y Mar\u00eda Eugenia Schmuck, adem\u00e1s del concejal del Partido Dem\u00f3crata Progresista, Aldo Pedro Poy y del Peronismo Solidario, Carlos Cossia.<\/p>\n<h6>Fuente: Sin Mordaza<\/h6>\n","protected":false},"excerpt":{"rendered":"<p>El presidente del Concejo Municipal, Miguel Zamarini, insisti\u00f3 en la necesidad de la eliminaci\u00f3n de las bolsas pl\u00e1sticas de los supermercados y almacenes, luego de presentarse en el \u00e1mbito del cuerpo legislativo un nuevo proyecto firmado por supermercadistas y agrupaciones ecologistas que persigue este mismo objetivo. En ese sentido, el dirigente socialista record\u00f3 el proyecto<\/p>\n","protected":false},"author":2,"featured_media":18426,"comment_status":"closed","ping_status":"closed","sticky":false,"template":"","format":"standard","meta":{"footnotes":""},"categories":[2],"tags":[10],"class_list":["post-18425","post","type-post","status-publish","format-standard","has-post-thumbnail","hentry","category-informe-municipal","tag-santa-fe"],"_links":{"self":[{"href":"http:\/\/argentinamunicipal.com.ar\/argentina\/wp-json\/wp\/v2\/posts\/18425","targetHints":{"allow":["GET"]}}],"collection":[{"href":"http:\/\/argentinamunicipal.com.ar\/argentina\/wp-json\/wp\/v2\/posts"}],"about":[{"href":"http:\/\/argentinamunicipal.com.ar\/argentina\/wp-json\/wp\/v2\/types\/post"}],"author":[{"embeddable":true,"href":"http:\/\/argentinamunicipal.com.ar\/argentina\/wp-json\/wp\/v2\/users\/2"}],"replies":[{"embeddable":true,"href":"http:\/\/argentinamunicipal.com.ar\/argentina\/wp-json\/wp\/v2\/comments?post=18425"}],"version-history":[{"count":0,"href":"http:\/\/argentinamunicipal.com.ar\/argentina\/wp-json\/wp\/v2\/posts\/18425\/revisions"}],"wp:featuredmedia":[{"embeddable":true,"href":"http:\/\/argentinamunicipal.com.ar\/argentina\/wp-json\/wp\/v2\/media\/18426"}],"wp:attachment":[{"href":"http:\/\/argentinamunicipal.com.ar\/argentina\/wp-json\/wp\/v2\/media?parent=18425"}],"wp:term":[{"taxonomy":"category","embeddable":true,"href":"http:\/\/argentinamunicipal.com.ar\/argentina\/wp-json\/wp\/v2\/categories?post=18425"},{"taxonomy":"post_tag","embeddable":true,"href":"http:\/\/argentinamunicipal.com.ar\/argentina\/wp-json\/wp\/v2\/tags?post=18425"}],"curies":[{"name":"wp","href":"https:\/\/api.w.org\/{rel}","templated":true}]}}