{"id":18428,"date":"2014-11-06T07:47:58","date_gmt":"2014-11-06T10:47:58","guid":{"rendered":"http:\/\/argentinamunicipal.com.ar\/argentina\/?p=18428"},"modified":"2014-11-05T21:51:17","modified_gmt":"2014-11-06T00:51:17","slug":"estacionamiento-medido-en-rio-grande-concejales-evaluan-implementar-parquimetros","status":"publish","type":"post","link":"http:\/\/argentinamunicipal.com.ar\/argentina\/estacionamiento-medido-en-rio-grande-concejales-evaluan-implementar-parquimetros\/","title":{"rendered":"Estacionamiento Medido en R\u00edo Grande: Concejales eval\u00faan implementar parqu\u00edmetros"},"content":{"rendered":"<p><a href=\"http:\/\/argentinamunicipal.com.ar\/argentina\/wp-content\/uploads\/2014\/11\/estacionamiento-medido.jpg\"><img loading=\"lazy\" decoding=\"async\" class=\"aligncenter  wp-image-18429\" src=\"http:\/\/argentinamunicipal.com.ar\/argentina\/wp-content\/uploads\/2014\/11\/estacionamiento-medido.jpg\" alt=\"estacionamiento-medido\" width=\"655\" height=\"439\" srcset=\"http:\/\/argentinamunicipal.com.ar\/argentina\/wp-content\/uploads\/2014\/11\/estacionamiento-medido.jpg 800w, http:\/\/argentinamunicipal.com.ar\/argentina\/wp-content\/uploads\/2014\/11\/estacionamiento-medido-300x201.jpg 300w\" sizes=\"auto, (max-width: 655px) 100vw, 655px\" \/><\/a><\/p>\n<p>Este mi\u00e9rcoles los concejales de R\u00edo Grande recibieron al representante de la empresa rionegrina de estacionamiento medido Alta Tecnolog\u00eda Sociedad del Estado (ALTEC SE) Fernando Fleitas, a los efectos de interiorizarse sobre la propuesta presentada por el Municipio para la implementaci\u00f3n de un nuevo sistema de Estacionamiento Medido.<\/p>\n<p>El encuentro que se desarroll\u00f3 en la sala de Comisiones cont\u00f3 adem\u00e1s con la presencia de los concejales Alejandro Nogar, Alfredo Guill\u00e9n, H\u00e9ctor Garay y Esteban Mart\u00ednez, como as\u00ed tambi\u00e9n del secretario de Gobierno del Municipio, Paulino Rossi.<\/p>\n<p>Concluida la reuni\u00f3n, el concejal Nogar se\u00f1al\u00f3 que \u201cel secretario de gobierno se acerc\u00f3 con el representante de la empresa ALTEC, la cual realiz\u00f3 una propuesta al Municipio de la ciudad para poner parqu\u00edmetros para estacionamiento medido en la que ten\u00edamos demarcada en la \u00faltima licitaci\u00f3n. Despu\u00e9s de haberlo escuchado evaluaremos las consideraciones que expuso ante los concejales para darle el visto bueno o no, pero la ciudad necesita tener pr\u00f3ximamente un nuevo sistema de estacionamiento medido en la ciudad, dado que actualmente estamos totalmente desbordados\u201d.<\/p>\n<p>Asimismo indic\u00f3 que \u201cestamos hablando de contar con 43 parqu\u00edmetros, y seguramente este n\u00famero posteriormente se ampliar\u00eda hacia los distintos sectores de la ciudad\u201d, dijo, al tiempo que exterioriz\u00f3 que \u201cel problema que tendr\u00edan estos parqu\u00edmetros es que andan con el sistema del tel\u00e9fono celular, sabiendo que actualmente las distintas prestadoras de telefon\u00eda celular no funcionan bien en la ciudad, por lo tanto el Municipio junto a la empresa est\u00e1n evaluando la posibilidad de conectarlo a la fibra \u00f3ptica que pertenece a la ciudad\u201d.<\/p>\n<p>Adem\u00e1s explic\u00f3 que \u201cactualmente tenemos una ordenanza en la cual hay que llamar a licitaci\u00f3n, pero el Municipio lo que solicita es una autorizaci\u00f3n de una contrataci\u00f3n directa de una empresa, dado que es el Ejecutivo quien \u00a0va a comprar y adquirir los parqu\u00edmetros, as\u00ed que debemos estudiar la parte legal para saber c\u00f3mo ser\u00eda la compra de estos elementos y el funcionamiento\u201d.<\/p>\n<p>Por \u00faltimo puntualiz\u00f3 que \u201cen lo que a mi respecta, me gustar\u00eda que este sistema se implemente r\u00e1pidamente, debido a que es un caos el tema del estacionamiento en el microcentro de la ciudad, por lo cual queremos se solucione el problema, y que haya una empresa de estacionamiento medido, ya sea municipal, o privada\u201d.<\/p>\n<p>Por su parte el representante de la empresa ALTEC manifest\u00f3 que \u201ceste sistema de estacionamiento medido funciona a trav\u00e9s de un registro y de una tarjeta, como si fuera la SUBE de transporte p\u00fablico, o sea es una tarjeta de proximidad donde est\u00e1 registrado el veh\u00edculo de la persona. Se incorpora a trav\u00e9s de un parqu\u00edmetro, donde la persona registra su entrada, su salida y a partir de ese tiempo que estuvo estacionado, dependiendo de la tarifa, es el costo que se le cobra a esa persona\u201d.<\/p>\n<p>Al respecto indic\u00f3 que \u201cla tarjeta funciona como si fuese una cuenta corriente, donde se le va debitando cada tiempo exacto de estacionamiento medido\u201d.<\/p>\n<p>En relaci\u00f3n a c\u00f3mo se implementar\u00eda este sistema, Fleitas revel\u00f3 que \u201cpor las capacidades de la ciudad estamos trabajando en poder incorporarlo dentro de la fibra \u00f3ptica del Municipio, por lo cual esta posibilidad nos brinda que el sistema funcione de forma \u00e1gil y que no quede atado a la conectividad de las redes de los celulares que es bastante deficiente. Con esto el sistema funciona a partir de la fibra \u00f3ptica del Municipio donde todo es propiedad del mismo due\u00f1o, o sea el Municipio tiene la conectividad y el uso de los parqu\u00edmetros\u201d.<\/p>\n<p>Por otro lado revel\u00f3 que \u201cse tiene la posibilidad del acceso a internet para que el mismo usuario tenga la posibilidad de entrar y revisar todos sus movimientos como se hace por ejemplo con las llamadas de los celulares, de forma de verificar el correcto funcionamiento del sistema\u201d.<\/p>\n<p>El representante de la empresa especific\u00f3 que \u201cantes de que el sistema comience a funcionar, la empresa brindar\u00e1 toda una instancia de capacitaci\u00f3n, donde la persona va a poder ir a buscar su tarjeta, va a poder conectarla al parqu\u00edmetro, marcando la entrada y la salida, sin que le genere ning\u00fan movimiento, sino simplemente a instancia de ir capacit\u00e1ndose y adapt\u00e1ndose al nuevo sistema. Cuando termine la etapa de pruebas, el Municipio dir\u00e1 que a partir de tal fecha el sistema comienza a funcionar en forma efectiva, de manera que se comenzar\u00e1 a debitar cada estacionamiento\u201d.<\/p>\n<p>Conjuntamente dijo que \u201cen principio se va a comenzar a trabajar en el \u00e1rea cr\u00edtica de la ciudad como lo es la zona bancaria y posteriormente se ampliar\u00e1 la zona hasta llegar a los 40 parqu\u00edmetros aproximadamente, intentando que antes de fin de a\u00f1o se comience a trabajar sobre este nuevo estacionamiento medido\u201d.<\/p>\n<p>En tanto que el secretario de Gobierno Paulino Rossi expres\u00f3 que \u201cluego de dos rotundos fracasos en lo que es la concesi\u00f3n del estacionamiento medido, hemos cambiado la pol\u00edtica de c\u00f3mo llevar adelante este servicio, donde en lugar de concesionario a una empresa privada, ahora lo que realizar\u00e1 el Municipio ser\u00e1 adquirir \u00a0los insumos tecnol\u00f3gicos y los sistemas para llevar adelante por cuenta propia el control del estacionamiento medido, contact\u00e1ndonos con ALTEC, que es una empresa de R\u00edo Negro, que se dedica exclusivamente a soluciones tecnol\u00f3gicas, tanto para el sector p\u00fablico como privado\u201d.<\/p>\n<p>Detall\u00f3 que \u201cson parqu\u00edmetros que estar\u00edan instalados en las esquinas, con una tarjeta magn\u00e9tica que estar\u00eda vinculada a cada patente a la que se le va cargando dinero y donde cada poseedor de un veh\u00edculo tiene que darse de alta\u201d.<\/p>\n<p>Por \u00faltimo dijo que \u201cla implementaci\u00f3n del servicio ser\u00e1 progresiva, ser\u00eda un total de 40 parqu\u00edmetros, y esperemos antes de fin de a\u00f1o poder tener los primeros sistemas instalados, sobre todo para comenzar a educar al contribuyente de qu\u00e9 manera se utiliza el mecanismo, hasta tener una fecha real de inicio de cobro del estacionamiento\u201d.<\/p>\n<h6>Fuente: Sur 54.com<\/h6>\n","protected":false},"excerpt":{"rendered":"<p>Este mi\u00e9rcoles los concejales de R\u00edo Grande recibieron al representante de la empresa rionegrina de estacionamiento medido Alta Tecnolog\u00eda Sociedad del Estado (ALTEC SE) Fernando Fleitas, a los efectos de interiorizarse sobre la propuesta presentada por el Municipio para la implementaci\u00f3n de un nuevo sistema de Estacionamiento Medido. El encuentro que se desarroll\u00f3 en la<\/p>\n","protected":false},"author":2,"featured_media":18429,"comment_status":"closed","ping_status":"closed","sticky":false,"template":"","format":"standard","meta":{"footnotes":""},"categories":[2],"tags":[34],"class_list":["post-18428","post","type-post","status-publish","format-standard","has-post-thumbnail","hentry","category-informe-municipal","tag-tierra-del-fuego"],"_links":{"self":[{"href":"http:\/\/argentinamunicipal.com.ar\/argentina\/wp-json\/wp\/v2\/posts\/18428","targetHints":{"allow":["GET"]}}],"collection":[{"href":"http:\/\/argentinamunicipal.com.ar\/argentina\/wp-json\/wp\/v2\/posts"}],"about":[{"href":"http:\/\/argentinamunicipal.com.ar\/argentina\/wp-json\/wp\/v2\/types\/post"}],"author":[{"embeddable":true,"href":"http:\/\/argentinamunicipal.com.ar\/argentina\/wp-json\/wp\/v2\/users\/2"}],"replies":[{"embeddable":true,"href":"http:\/\/argentinamunicipal.com.ar\/argentina\/wp-json\/wp\/v2\/comments?post=18428"}],"version-history":[{"count":0,"href":"http:\/\/argentinamunicipal.com.ar\/argentina\/wp-json\/wp\/v2\/posts\/18428\/revisions"}],"wp:featuredmedia":[{"embeddable":true,"href":"http:\/\/argentinamunicipal.com.ar\/argentina\/wp-json\/wp\/v2\/media\/18429"}],"wp:attachment":[{"href":"http:\/\/argentinamunicipal.com.ar\/argentina\/wp-json\/wp\/v2\/media?parent=18428"}],"wp:term":[{"taxonomy":"category","embeddable":true,"href":"http:\/\/argentinamunicipal.com.ar\/argentina\/wp-json\/wp\/v2\/categories?post=18428"},{"taxonomy":"post_tag","embeddable":true,"href":"http:\/\/argentinamunicipal.com.ar\/argentina\/wp-json\/wp\/v2\/tags?post=18428"}],"curies":[{"name":"wp","href":"https:\/\/api.w.org\/{rel}","templated":true}]}}