{"id":18444,"date":"2014-11-06T07:15:03","date_gmt":"2014-11-06T10:15:03","guid":{"rendered":"http:\/\/argentinamunicipal.com.ar\/argentina\/?p=18444"},"modified":"2015-04-28T16:14:29","modified_gmt":"2015-04-28T19:14:29","slug":"destacan-la-argentina-como-pais-modelo-en-la-region-por-inversion-publica-hacia-los-jovenes","status":"publish","type":"post","link":"http:\/\/argentinamunicipal.com.ar\/argentina\/destacan-la-argentina-como-pais-modelo-en-la-region-por-inversion-publica-hacia-los-jovenes\/","title":{"rendered":"Destacan a la Argentina como \u00abpa\u00eds modelo\u00bb en la regi\u00f3n por inversi\u00f3n p\u00fablica hacia los j\u00f3venes"},"content":{"rendered":"<p><a href=\"http:\/\/argentinamunicipal.com.ar\/argentina\/wp-content\/uploads\/2014\/11\/Progresar.jpg\"><img loading=\"lazy\" decoding=\"async\" class=\"aligncenter size-full wp-image-18445\" src=\"http:\/\/argentinamunicipal.com.ar\/argentina\/wp-content\/uploads\/2014\/11\/Progresar.jpg\" alt=\"Progresar\" width=\"600\" height=\"420\" srcset=\"http:\/\/argentinamunicipal.com.ar\/argentina\/wp-content\/uploads\/2014\/11\/Progresar.jpg 600w, http:\/\/argentinamunicipal.com.ar\/argentina\/wp-content\/uploads\/2014\/11\/Progresar-300x210.jpg 300w\" sizes=\"auto, (max-width: 600px) 100vw, 600px\" \/><\/a><br \/>\nFue reconocida por la Comisi\u00f3n Econ\u00f3mica para Am\u00e9rica Latina y el Caribe (Cepal) y la Organizaci\u00f3n Iberoamericana de la Juventud (OIJ). Es por poseer \u00abun repertorio muy destacado\u00bb de pol\u00edticas p\u00fablicas como el plan Progresar, Conectar igualdad y la Asignaci\u00f3n Universal por Hijo, entre otros.<\/p>\n<p>El informe \u00abInvertir para transformar\u00bb presentado durante la XVII Conferencia Iberoamericana de Ministros de Juventud, en Burgos, Espa\u00f1a, cuantific\u00f3 la inversi\u00f3n social en juventud en Iberoam\u00e9rica y analiz\u00f3 los principales programas y pol\u00edticas hacia ese sector de la poblaci\u00f3n.<\/p>\n<p>\u00abArgentina se destaca en ambos apartados del informe\u00bb, asegura el estudio del que tambi\u00e9n participaron la Organizaci\u00f3n Internacional del Trabajo (OIT), el Banco de Desarrollo de Am\u00e9rica Latina (CAF) y el Instituto Mexicano de la Juventud.<\/p>\n<p>El reporte destaca que la Argentina \u00abest\u00e1 en los principales puestos en la inversi\u00f3n total en juventud (sumados los rubros en educaci\u00f3n, salud, asistencia social, vivienda y otros), con un 3,3% de su PIB, s\u00f3lo superado en la regi\u00f3n por Cuba (9,75%), Venezuela (4%) y Panam\u00e1 (3,7%)\u00bb.<\/p>\n<p>El informe destaca el Plan Progresar instaurado este a\u00f1o y, en este sentido asegur\u00f3 que \u201cconstituye un buen ejemplo de las formas de inversi\u00f3n que presentan los Estados para apoyar a j\u00f3venes con menores recursos econ\u00f3micos\u00bb.<\/p>\n<p>Tambi\u00e9n menciona a la Asignaci\u00f3n Universal por Hijo como \u00abuna notable evoluci\u00f3n en torno a las pol\u00edticas p\u00fablicas de juventud\u00bb y destac\u00f3 que a partir de su puesta en pr\u00e1ctica \u00abse inici\u00f3 un ciclo de alta inversi\u00f3n en los sectores juveniles\u00bb.<\/p>\n<p>Precis\u00f3 que esto se logr\u00f3 \u00abno solamente a trav\u00e9s de de programas y proyectos de calidad sino tambi\u00e9n desde una perspectiva universal, lo que significa una marca distintiva en la regi\u00f3n\u00bb.<\/p>\n<p>\u00abConectar Igualdad, Progresar y Procrear son sin lugar a dudas los mejores ejemplos de esta apuesta por el desarrollo juvenil\u201d, valor\u00f3 el Secretario General de la OIJ, Alejo Ram\u00edrez.<\/p>\n<p>En ese sentido, Progresar es tambi\u00e9n \u00abun s\u00edntoma del impulso decidido que se ha dado al sector educativo ya que en la \u00faltima d\u00e9cada, la regi\u00f3n experiment\u00f3 una ola de inversi\u00f3n en educaci\u00f3n: frente a un importante aumento de la matr\u00edcula estudiantil en todos los niveles\u00bb.<\/p>\n<p>El informe destac\u00f3 que en la regi\u00f3n \u00abla media del gasto educativo per c\u00e1pita creci\u00f3 en un 37 por ciento\u00bb y que la Argentina \u00abtambi\u00e9n est\u00e1 a la cabeza de ese registro\u00bb.<\/p>\n<p>El reporte de la Oij y la Cepal asegura adem\u00e1s que \u00abpa\u00edses como Argentina, Chile, Ecuador, Panam\u00e1 y Uruguay duplicaron (o m\u00e1s) el gasto por estudiante p\u00fablico, a\u00fan en contexto de expansi\u00f3n absoluta de los niveles de matr\u00edcula p\u00fablica\u201d.<\/p>\n<p>\u00abEn el caso argentino, el gasto p\u00fablico en educaci\u00f3n de j\u00f3venes medido como porcentaje del PIB pas\u00f3 del 1,6% en 2000 al 2,4% en 2012\u00bb, destac\u00e1 el informe.<\/p>\n<p>Adem\u00e1s el reporte internacional asegura que \u00abla inserci\u00f3n laboral de las personas j\u00f3venes es otro rubro en el que se destacan los esfuerzos de Argentina\u00bb.<\/p>\n<p>En este aspecto situ\u00f3 los programas \u201cJ\u00f3venes con M\u00e1s y Mejor Trabajo\u201d, destinado a j\u00f3venes de entre 18 y 24 a\u00f1os, en especial los que se encuentran en condiciones de extrema pobreza, a los que se les brinda una formaci\u00f3n profesional\u00bb.<\/p>\n<p>\u201cLa evaluaci\u00f3n de impacto a este programa muestra que el 35% de los participantes se insert\u00f3 en empleos y que la probabilidad de acceso al empleo de los beneficiarios duplic\u00f3 la de los controles\u201d, eval\u00fao el informe.<\/p>\n<p>Respecto del est\u00edmulo a la participaci\u00f3n social y pol\u00edtica de los j\u00f3venes, el reporte destaca a \u00ablas Mutuales del Bicentenario, con las que la Subsecretar\u00eda Nacional de Juventud pretende crear canales y condiciones para profundizar la participaci\u00f3n y la organizaci\u00f3n social y pol\u00edtica de la juventud\u00bb<\/p>\n<p>El fin de esta participaci\u00f3n es que los mismos j\u00f3venes \u00abconstruyan un poder colectivo comprometido con el trabajo solidario y democr\u00e1tico en comunidad\u201d, asegura el estudio.<\/p>\n<p>En cuanto a la juventud en Iberoam\u00e9rica el informe estima que la inversi\u00f3n social p\u00fablica total equival\u00eda, para el a\u00f1o 2012, al 21,2% del PIB regional, de los cuales alrededor del 12,2% estar\u00eda destinado directa o indirectamente hacia los j\u00f3venes en sectores como la educaci\u00f3n, seguida por la inversi\u00f3n en salud y protecci\u00f3n social.<\/p>\n<h6>Fuente: T\u00e9lam<\/h6>\n","protected":false},"excerpt":{"rendered":"<p>Fue reconocida por la Comisi\u00f3n Econ\u00f3mica para Am\u00e9rica Latina y el Caribe (Cepal) y la Organizaci\u00f3n Iberoamericana de la Juventud (OIJ). Es por poseer \u00abun repertorio muy destacado\u00bb de pol\u00edticas p\u00fablicas como el plan Progresar, Conectar igualdad y la Asignaci\u00f3n Universal por Hijo, entre otros. El informe \u00abInvertir para transformar\u00bb presentado durante la XVII Conferencia<\/p>\n","protected":false},"author":2,"featured_media":18445,"comment_status":"closed","ping_status":"closed","sticky":false,"template":"","format":"standard","meta":{"footnotes":""},"categories":[8],"tags":[21],"class_list":["post-18444","post","type-post","status-publish","format-standard","has-post-thumbnail","hentry","category-informe-nacional","tag-argentina"],"_links":{"self":[{"href":"http:\/\/argentinamunicipal.com.ar\/argentina\/wp-json\/wp\/v2\/posts\/18444","targetHints":{"allow":["GET"]}}],"collection":[{"href":"http:\/\/argentinamunicipal.com.ar\/argentina\/wp-json\/wp\/v2\/posts"}],"about":[{"href":"http:\/\/argentinamunicipal.com.ar\/argentina\/wp-json\/wp\/v2\/types\/post"}],"author":[{"embeddable":true,"href":"http:\/\/argentinamunicipal.com.ar\/argentina\/wp-json\/wp\/v2\/users\/2"}],"replies":[{"embeddable":true,"href":"http:\/\/argentinamunicipal.com.ar\/argentina\/wp-json\/wp\/v2\/comments?post=18444"}],"version-history":[{"count":0,"href":"http:\/\/argentinamunicipal.com.ar\/argentina\/wp-json\/wp\/v2\/posts\/18444\/revisions"}],"wp:featuredmedia":[{"embeddable":true,"href":"http:\/\/argentinamunicipal.com.ar\/argentina\/wp-json\/wp\/v2\/media\/18445"}],"wp:attachment":[{"href":"http:\/\/argentinamunicipal.com.ar\/argentina\/wp-json\/wp\/v2\/media?parent=18444"}],"wp:term":[{"taxonomy":"category","embeddable":true,"href":"http:\/\/argentinamunicipal.com.ar\/argentina\/wp-json\/wp\/v2\/categories?post=18444"},{"taxonomy":"post_tag","embeddable":true,"href":"http:\/\/argentinamunicipal.com.ar\/argentina\/wp-json\/wp\/v2\/tags?post=18444"}],"curies":[{"name":"wp","href":"https:\/\/api.w.org\/{rel}","templated":true}]}}