{"id":18568,"date":"2014-11-07T10:00:58","date_gmt":"2014-11-07T13:00:58","guid":{"rendered":"http:\/\/argentinamunicipal.com.ar\/argentina\/?p=18568"},"modified":"2014-11-07T10:00:58","modified_gmt":"2014-11-07T13:00:58","slug":"san-pablo-enfrenta-la-peor-crisis-hidrica-de-su-historia","status":"publish","type":"post","link":"http:\/\/argentinamunicipal.com.ar\/argentina\/san-pablo-enfrenta-la-peor-crisis-hidrica-de-su-historia\/","title":{"rendered":"San Pablo enfrenta la peor cr\u00edsis h\u00eddrica de su historia"},"content":{"rendered":"<div id=\"attachment_18569\" style=\"width: 719px\" class=\"wp-caption aligncenter\"><a href=\"http:\/\/argentinamunicipal.com.ar\/argentina\/wp-content\/uploads\/2014\/11\/image545b9f52c4ef51.54733351.jpg\"><img loading=\"lazy\" decoding=\"async\" aria-describedby=\"caption-attachment-18569\" class=\" wp-image-18569\" src=\"http:\/\/argentinamunicipal.com.ar\/argentina\/wp-content\/uploads\/2014\/11\/image545b9f52c4ef51.54733351.jpg\" alt=\"La reserva de Jaguari, en el estado de San Pablo, seca por falta de lluvia.\" width=\"709\" height=\"471\" srcset=\"http:\/\/argentinamunicipal.com.ar\/argentina\/wp-content\/uploads\/2014\/11\/image545b9f52c4ef51.54733351.jpg 1150w, http:\/\/argentinamunicipal.com.ar\/argentina\/wp-content\/uploads\/2014\/11\/image545b9f52c4ef51.54733351-300x199.jpg 300w, http:\/\/argentinamunicipal.com.ar\/argentina\/wp-content\/uploads\/2014\/11\/image545b9f52c4ef51.54733351-1024x681.jpg 1024w\" sizes=\"auto, (max-width: 709px) 100vw, 709px\" \/><\/a><p id=\"caption-attachment-18569\" class=\"wp-caption-text\">La reserva de Jaguari, en el estado de San Pablo, seca por falta de lluvia.<\/p><\/div>\n<p>Debido a la sequ\u00eda que golpe\u00f3 en los \u00faltimos meses al estado m\u00e1s poblado de Brasil, las represas ser\u00e1n abastecidas con agua tratada.<\/p>\n<p>El gobierno de San Pablo anunci\u00f3 medidas para enfrentar la peor crisis h\u00eddrica de su historia debido a la fuerte sequ\u00eda que en los \u00faltimos meses golpe\u00f3 a ese estado, el m\u00e1s poblado de Brasil, factor que afect\u00f3 gravemente a la poblaci\u00f3n por la falta de obras e infraestructura en los los \u00faltimos a\u00f1os, seg\u00fan denuncia la oposici\u00f3n y algunas empresas.<\/p>\n<p>El gobernador Geraldo Alckmin del Partido de la Social Democracia Brasile\u00f1a (PSDB) inform\u00f3 que, a partir de 2016, las represas, que se encuentran en niveles cr\u00edticos, ser\u00e1n abastecidas con agua tratada y previamente utilizada por la poblaci\u00f3n, con el fin de depender menos de la lluvia, escasa en los \u00faltimos meses.<\/p>\n<p>Para ello, ser\u00e1 construida una Estaci\u00f3n de Producci\u00f3n de Agua de Reutilizaci\u00f3n, que generar\u00e1 dos metros c\u00fabicos de agua por segundo en el reservorio de Guarapiranga, que abastece a 4,9 millones de personas en la capital paulista.<\/p>\n<p>El agua ser\u00e1 tratada dos veces y devuelta posteriormente al Guarapiranga con \u00abeconom\u00eda y calidad\u00bb.<\/p>\n<p>El gobierno paulista tambi\u00e9n anunci\u00f3 ayer la construcci\u00f3n de 29 nuevos reservorios que ampliar\u00e1n la capacidad de almacenamiento de agua en un 10 % en la regi\u00f3n metropolitana del estado.<\/p>\n<p>A pesar de las lluvias de los \u00faltimos d\u00edas, el nivel de los reservorios del sistema Cantareira, responsables por el suministro de agua a alrededor de ocho millones de personas, cay\u00f3 ayer levemente y se situ\u00f3 en el 11,8% de su capacidad del segundo &#8216;volumen muerto&#8217; (reserva t\u00e9cnica).<\/p>\n<p>En los primeros cinco d\u00edas de noviembre, San Pablo registr\u00f3 43,2 mil\u00edmetros de lluvia en la regi\u00f3n metropolitana, cantidad que supera los 42,5 mil\u00edmetros de todo octubre. Algunas empresas, en tanto, pretenden denunciar ante la Justicia al gobierno regional, que al igual que el gobierno nacional del Partido de los Trabajadores (PT), lo acusan de no tomar medidas para prevenir las crisis alertadas a\u00f1os atr\u00e1s.<\/p>\n<p>La sequ\u00eda, agravada en San Pablo pero que se extiende por otras regiones del pa\u00eds, tambi\u00e9n puede tener repercusiones en otros sectores de la infraestructura, como el suministro el\u00e9ctrico.<\/p>\n<p>El Ministerio de Minas y Energ\u00edas alert\u00f3 que el \u00edndice de previsiones de riesgo de desabastecimiento de energ\u00eda para el pr\u00f3ximo a\u00f1o se encuentra en 5%, el m\u00e1ximo tolerado por el gobierno.<\/p>\n<p>Ante esta situaci\u00f3n, el Comit\u00e9 de Monitorizaci\u00f3n del Sector El\u00e9ctrico (CMSE) subray\u00f3 que pueden ser necesarias \u00abacciones coyunturales espec\u00edficas\u00bb, aunque no especific\u00f3 cu\u00e1les.<\/p>\n<p>El riesgo de sufrir un d\u00e9ficit de energ\u00eda en 2015 se produce sobre todo en las regiones sudeste y centro-oeste de Brasil, responsables por el 70 % de la capacidad de generaci\u00f3n de energ\u00eda del pa\u00eds, y donde los reservorios de las hidroel\u00e9ctricas sufren por la falta de precipitaciones.<\/p>\n<p>La llamada \u00abcrisis del agua\u00bb en San Pablo fue hasta uno de los ejes de la campa\u00f1a electoral que vivi\u00f3 Brasil en el pasado mes de octubre cuando los candidatos del PSDB y del PT se cruzaron por la responsabilidad de la falta de agua en la metr\u00f3poli m\u00e1s grande del pa\u00eds.<\/p>\n<h6>Fuente: Los Andes<\/h6>\n","protected":false},"excerpt":{"rendered":"<p>Debido a la sequ\u00eda que golpe\u00f3 en los \u00faltimos meses al estado m\u00e1s poblado de Brasil, las represas ser\u00e1n abastecidas con agua tratada. El gobierno de San Pablo anunci\u00f3 medidas para enfrentar la peor crisis h\u00eddrica de su historia debido a la fuerte sequ\u00eda que en los \u00faltimos meses golpe\u00f3 a ese estado, el m\u00e1s<\/p>\n","protected":false},"author":2,"featured_media":18569,"comment_status":"closed","ping_status":"closed","sticky":false,"template":"","format":"standard","meta":{"footnotes":""},"categories":[22],"tags":[57],"class_list":["post-18568","post","type-post","status-publish","format-standard","has-post-thumbnail","hentry","category-el-mundo","tag-el-mundo"],"_links":{"self":[{"href":"http:\/\/argentinamunicipal.com.ar\/argentina\/wp-json\/wp\/v2\/posts\/18568","targetHints":{"allow":["GET"]}}],"collection":[{"href":"http:\/\/argentinamunicipal.com.ar\/argentina\/wp-json\/wp\/v2\/posts"}],"about":[{"href":"http:\/\/argentinamunicipal.com.ar\/argentina\/wp-json\/wp\/v2\/types\/post"}],"author":[{"embeddable":true,"href":"http:\/\/argentinamunicipal.com.ar\/argentina\/wp-json\/wp\/v2\/users\/2"}],"replies":[{"embeddable":true,"href":"http:\/\/argentinamunicipal.com.ar\/argentina\/wp-json\/wp\/v2\/comments?post=18568"}],"version-history":[{"count":0,"href":"http:\/\/argentinamunicipal.com.ar\/argentina\/wp-json\/wp\/v2\/posts\/18568\/revisions"}],"wp:featuredmedia":[{"embeddable":true,"href":"http:\/\/argentinamunicipal.com.ar\/argentina\/wp-json\/wp\/v2\/media\/18569"}],"wp:attachment":[{"href":"http:\/\/argentinamunicipal.com.ar\/argentina\/wp-json\/wp\/v2\/media?parent=18568"}],"wp:term":[{"taxonomy":"category","embeddable":true,"href":"http:\/\/argentinamunicipal.com.ar\/argentina\/wp-json\/wp\/v2\/categories?post=18568"},{"taxonomy":"post_tag","embeddable":true,"href":"http:\/\/argentinamunicipal.com.ar\/argentina\/wp-json\/wp\/v2\/tags?post=18568"}],"curies":[{"name":"wp","href":"https:\/\/api.w.org\/{rel}","templated":true}]}}