{"id":18582,"date":"2014-11-07T12:58:44","date_gmt":"2014-11-07T15:58:44","guid":{"rendered":"http:\/\/argentinamunicipal.com.ar\/argentina\/?p=18582"},"modified":"2014-11-07T12:58:44","modified_gmt":"2014-11-07T15:58:44","slug":"en-bariloche-construiran-495-viviendas-con-fondos-del-gobierno-nacional","status":"publish","type":"post","link":"http:\/\/argentinamunicipal.com.ar\/argentina\/en-bariloche-construiran-495-viviendas-con-fondos-del-gobierno-nacional\/","title":{"rendered":"En Bariloche construir\u00e1n 495 viviendas con fondos del Gobierno Nacional"},"content":{"rendered":"<p><a href=\"http:\/\/argentinamunicipal.com.ar\/argentina\/wp-content\/uploads\/2014\/11\/0d87f7ad78daab0532d96711fc8666d3_L.jpg\"><img loading=\"lazy\" decoding=\"async\" class=\"aligncenter  wp-image-18583\" src=\"http:\/\/argentinamunicipal.com.ar\/argentina\/wp-content\/uploads\/2014\/11\/0d87f7ad78daab0532d96711fc8666d3_L.jpg\" alt=\"0d87f7ad78daab0532d96711fc8666d3_L\" width=\"668\" height=\"330\" srcset=\"http:\/\/argentinamunicipal.com.ar\/argentina\/wp-content\/uploads\/2014\/11\/0d87f7ad78daab0532d96711fc8666d3_L.jpg 800w, http:\/\/argentinamunicipal.com.ar\/argentina\/wp-content\/uploads\/2014\/11\/0d87f7ad78daab0532d96711fc8666d3_L-300x148.jpg 300w\" sizes=\"auto, (max-width: 668px) 100vw, 668px\" \/><\/a><br \/>\nCon una inversi\u00f3n de $225 millones, se construir\u00e1n estos hogares en las 26,5 hect\u00e1reas de El Frutillar. La intendenta, enmarc\u00f3 la obra en la pol\u00edtica habitacional del Gobierno, que tambi\u00e9n incluye la adhesi\u00f3n a la Ley de regularizaci\u00f3n dominial Pierri, la urbanizaci\u00f3n de las 35 Hect\u00e1reas y la gesti\u00f3n de tierras para viviendas colectivas y lotes a valor PROCREAR.<\/p>\n<p>Ayer, el Concejo aprob\u00f3 el proyecto de la Intendencia con los pliegos de licitaci\u00f3n p\u00fablica por un monto total de $ 225.123.240, para la construcci\u00f3n de 495 viviendas e infraestructura de las 26,5 hect\u00e1reas, ubicadas en la zona sur de la ciudad; que ser\u00e1n financiadas por la Subsecretar\u00eda de Desarrollo Urbano y Vivienda dependiente de la Secretar\u00eda de Obras P\u00fablicas del Ministerio de Planificaci\u00f3n Federal, Inversi\u00f3n P\u00fablica y Servicios de la Naci\u00f3n.<\/p>\n<p>La Intendenta agradeci\u00f3 el acompa\u00f1amiento en las gestiones del senador Miguel Pichetto, y comprendi\u00f3 que \u201cadem\u00e1s de dar respuestas a casi 500 familias barilochenses para lograr su casa propia, las obras requerir\u00e1n de mano de obra barilochense, por lo que representa m\u00e1s trabajo para la ciudad\u201d.<\/p>\n<p>Enmarc\u00f3 este proyecto en la pol\u00edtica habitacional que, con el acompa\u00f1amiento del gobierno central, se est\u00e1 implementando en la ciudad, a trav\u00e9s de estas 495 viviendas, la urbanizaci\u00f3n de las 35 Hect\u00e1reas \u2013\u201cAltos del Este\u201d-, la gesti\u00f3n de tierras sin costo sobre Esandi para 308 viviendas colectivas y de 250 lotes a valor PROCREAR para beneficiarios del cr\u00e9dito, y la regularizaci\u00f3n de la situaci\u00f3n dominial de miles de familias por medio de la adhesi\u00f3n a la Ley Pierry, siendo Bariloche la primera ciudad rionegrina en aplicarla.<\/p>\n<p>Los proyectos aprobados fueron divididos en: 120 viviendas e infraestructura por un presupuesto oficial de $ 54.583.560, 75 viviendas e infraestructura por $ 34.080.780, y tres m\u00e1s por un total de 300 viviendas e infraestructura por $ 45.486.300 cada uno de los pliegos.<\/p>\n<p>El poder legislativo local tuvo que dar acuerdo al llamado de licitaci\u00f3n, seg\u00fan lo establece la Carta Org\u00e1nica Municipal en su art\u00edculo 38, inciso 23 para continuar con las gestiones administrativas correspondientes y abrir la oferta para la construcci\u00f3n de las mencionadas viviendas.<\/p>\n<h6>Fuente: El Cordillerano<\/h6>\n","protected":false},"excerpt":{"rendered":"<p>Con una inversi\u00f3n de $225 millones, se construir\u00e1n estos hogares en las 26,5 hect\u00e1reas de El Frutillar. La intendenta, enmarc\u00f3 la obra en la pol\u00edtica habitacional del Gobierno, que tambi\u00e9n incluye la adhesi\u00f3n a la Ley de regularizaci\u00f3n dominial Pierri, la urbanizaci\u00f3n de las 35 Hect\u00e1reas y la gesti\u00f3n de tierras para viviendas colectivas y<\/p>\n","protected":false},"author":2,"featured_media":18583,"comment_status":"closed","ping_status":"closed","sticky":false,"template":"","format":"standard","meta":{"footnotes":""},"categories":[2],"tags":[11],"class_list":["post-18582","post","type-post","status-publish","format-standard","has-post-thumbnail","hentry","category-informe-municipal","tag-rio-negro"],"_links":{"self":[{"href":"http:\/\/argentinamunicipal.com.ar\/argentina\/wp-json\/wp\/v2\/posts\/18582","targetHints":{"allow":["GET"]}}],"collection":[{"href":"http:\/\/argentinamunicipal.com.ar\/argentina\/wp-json\/wp\/v2\/posts"}],"about":[{"href":"http:\/\/argentinamunicipal.com.ar\/argentina\/wp-json\/wp\/v2\/types\/post"}],"author":[{"embeddable":true,"href":"http:\/\/argentinamunicipal.com.ar\/argentina\/wp-json\/wp\/v2\/users\/2"}],"replies":[{"embeddable":true,"href":"http:\/\/argentinamunicipal.com.ar\/argentina\/wp-json\/wp\/v2\/comments?post=18582"}],"version-history":[{"count":0,"href":"http:\/\/argentinamunicipal.com.ar\/argentina\/wp-json\/wp\/v2\/posts\/18582\/revisions"}],"wp:featuredmedia":[{"embeddable":true,"href":"http:\/\/argentinamunicipal.com.ar\/argentina\/wp-json\/wp\/v2\/media\/18583"}],"wp:attachment":[{"href":"http:\/\/argentinamunicipal.com.ar\/argentina\/wp-json\/wp\/v2\/media?parent=18582"}],"wp:term":[{"taxonomy":"category","embeddable":true,"href":"http:\/\/argentinamunicipal.com.ar\/argentina\/wp-json\/wp\/v2\/categories?post=18582"},{"taxonomy":"post_tag","embeddable":true,"href":"http:\/\/argentinamunicipal.com.ar\/argentina\/wp-json\/wp\/v2\/tags?post=18582"}],"curies":[{"name":"wp","href":"https:\/\/api.w.org\/{rel}","templated":true}]}}