{"id":18596,"date":"2014-11-07T13:16:11","date_gmt":"2014-11-07T16:16:11","guid":{"rendered":"http:\/\/argentinamunicipal.com.ar\/argentina\/?p=18596"},"modified":"2014-11-07T13:16:11","modified_gmt":"2014-11-07T16:16:11","slug":"argentina-y-bolivia-avanzan-en-el-intercambio-comercial-y-energetico","status":"publish","type":"post","link":"http:\/\/argentinamunicipal.com.ar\/argentina\/argentina-y-bolivia-avanzan-en-el-intercambio-comercial-y-energetico\/","title":{"rendered":"Argentina y Bolivia avanzan en el intercambio comercial y energ\u00e9tico"},"content":{"rendered":"<p><a href=\"http:\/\/argentinamunicipal.com.ar\/argentina\/wp-content\/uploads\/2014\/11\/e9e30e6b7053cf8615bd618b2a76ad83.jpg\"><img loading=\"lazy\" decoding=\"async\" class=\"aligncenter  wp-image-18597\" src=\"http:\/\/argentinamunicipal.com.ar\/argentina\/wp-content\/uploads\/2014\/11\/e9e30e6b7053cf8615bd618b2a76ad83.jpg\" alt=\"e9e30e6b7053cf8615bd618b2a76ad83\" width=\"667\" height=\"500\" srcset=\"http:\/\/argentinamunicipal.com.ar\/argentina\/wp-content\/uploads\/2014\/11\/e9e30e6b7053cf8615bd618b2a76ad83.jpg 1024w, http:\/\/argentinamunicipal.com.ar\/argentina\/wp-content\/uploads\/2014\/11\/e9e30e6b7053cf8615bd618b2a76ad83-300x225.jpg 300w\" sizes=\"auto, (max-width: 667px) 100vw, 667px\" \/><\/a><br \/>\nEl ministro de Planificaci\u00f3n, Julio De Vido, mantuvo un encuentro con el presidente Evo Morales, en una visita oficial que tuvo por objetivo profundizar los lazos entre ambos pa\u00edses. En el encuentro, se fij\u00f3 una agenda com\u00fan sobre cinco ejes referidos: espacio a\u00e9reo, radares meteorol\u00f3gicos, Televisi\u00f3n Digital Abierta, cooperaci\u00f3n Espacial en Sat\u00e9lites y Energ\u00eda y Medicina Nuclear.<\/p>\n<p>El nuevo entendimiento se concret\u00f3 en la ciudad de Santa Cruz de la Sierra, en el marco de una reuni\u00f3n que mantuvo el ministro de Planificaci\u00f3n, Julio De Vido, con el presidente de Bolivia, Evo Morales, y funcinarios de distintas carteras del gobierno del pa\u00eds del altiplano.<\/p>\n<p>La delegaci\u00f3n argentina, encabezada por De Vido, estuvo integrada por el secretario de Ciencia, Tecnolog\u00eda y Producci\u00f3n para la Defensa, Santiago Rodr\u00edguez; el subsecretario de Coordinaci\u00f3n y Control de Gesti\u00f3n, Roberto Baratta, y el Embajador argentino en Bolivia, Ariel Basteiro.<\/p>\n<p>Por Bolivia participaron el canciller David Choquehuanca y los titulares de Planificaci\u00f3n del Desarrollo, Viviana Caro, y de Hidrocarburos y Energ\u00eda, Juan Jos\u00e9 Sosa.<\/p>\n<p>Ambas partes, destacaron la diversificaci\u00f3n e incremento del intercambio comercial entre los dos pa\u00edses y fijaron una agenda com\u00fan sobre tecnolog\u00eda basada en los citados cinco ejes tem\u00e1ticos.<\/p>\n<p>En cuanto al \u00e1rea energ\u00e9tica, De Vido afirm\u00f3 que se avanzar\u00e1 en un proyecto para la integraci\u00f3n de los sistemas el\u00e9ctricos de Argentina y Bolivia, para lo cual una comisi\u00f3n boliviana viajar\u00e1 a Buenos Aires \u00aben las semanas pr\u00f3ximas\u00bb.<\/p>\n<p>\u00abEstamos hablando de una integraci\u00f3n profunda y no para 1 o 2 a\u00f1os, sino para 20, 30 a\u00f1os por delante\u00bb dijo De Vido.<\/p>\n<p>El ministro argentino agreg\u00f3 que \u00abBolivia va a transformarse en un importante polo energ\u00e9tico del sur del continente\u00bb.<br \/>\nEn ese sentido concluy\u00f3 que \u00abcombinado con las enormes reservas de gas y petr\u00f3leo, junto a las reservas de Brasil y de Venezuela, la regi\u00f3n va a tener un enorme protagonismo a nivel regional e internacional en materia de vol\u00famenes de energ\u00eda\u00bb<\/p>\n<p>El Gobierno boliviano hab\u00eda anunciado que la visita de los funcionarios argentinos era para comenzar a tratar un proyecto de exportaci\u00f3n de electricidad al mercado de Argentina.<\/p>\n<p>Al respecto De Vido precis\u00f3 que la l\u00ed\u00adnea que se tender\u00e1 entre ambos pa\u00ed\u00adses \u00abno es ni para que Bolivia compre energ\u00ed\u00ada de Argentina ni para que Argentina compre energ\u00ed\u00ada de Bolivia, sino para que los dos sistemas queden perfectamente integrados, como los tiene Argentina con Brasil, Paraguay y Uruguay\u00bb.<\/p>\n<p>Manifest\u00f3 tambi\u00e9n el inter\u00e9s de Argentina en integrar a Bolivia en sus programas de desarrollo nuclear, en especial en medicina nuclear, y record\u00f3 que ya existe un acuerdo para la formaci\u00f3n de profesionales bolivianos en el Instituto Balseiro, del Centro At\u00f3mico Bariloche, en la Patagonia argentina.<\/p>\n<p>En este campo, las autoridades se han planteado elaborar \u00abuna propuesta de trabajo\u00bb con un \u00abesquema asociativo en donde Bolivia sea el protagonista de su propio avance en la materia\u00bb, a partir de la experiencia y los avances logrados por Argentina.<\/p>\n<p>Por su parte la ministra boliviana Caro explic\u00f3 que adem\u00e1s de la agenda energ\u00e9tica que ya tienen ambos pa\u00edses y por la que Bolivia vende gas natural al mercado argentino, se acord\u00f3 trabajar en comisiones los cinco ejes mencionados. \u00abSon temas que ayudan al desarrollo de la regi\u00f3n, un desarrollo conjunto en que tengamos complementariedad y podamos tener, en marcos legales, espacios para este trabajo coordinado\u00bb,dijo Caro.<\/p>\n<p>En este campo, las autoridades se han planteado elaborar \u00abuna propuesta de trabajo\u00bb con un \u00abesquema asociativo en donde Bolivia sea el protagonista de su propio avance en la materia\u00bb, a partir de la experiencia y los avances logrados por Argentina.<br \/>\nEn cuanto a la defensa del espacio a\u00e9reo, De Vido se\u00f1al\u00f3 que pr\u00f3ximamente se invitar\u00e1 a funcionarios bolivianos a conocer la industria argentina de radares y estudiar \u00ablas enormes posibilidades de trabajar en un sistema conjunto\u00bb.<\/p>\n<p>De Vido sostuvo que \u00abla voluntad de Argentina no es transformarse en un vendedor de tecnolog\u00ed\u00ada a Bolivia, sino siempre trabajar en esquemas asociativos\u00bb en los que ambas naciones ganen y tratar al pa\u00ed\u00ads andino \u00abcomo un socio y no como un cliente\u00bb.<\/p>\n<p>Agreg\u00f3 que Argentina tambi\u00e9n apoyar\u00e1 al pa\u00eds andino en la instalaci\u00f3n de televisi\u00f3n digital abierta para llevar se\u00f1ales de \u00abtelevisi\u00f3n e internet a los rincones m\u00e1s alejados de Bolivia\u00bb como se hizo en Argentina.<\/p>\n<p>Tras la reuni\u00f3n, en un acto en la regi\u00f3n andina de Potos\u00ed\u00ad (suroeste del pa\u00eds), el presidente Morales se refiri\u00f3 a ese encuentro que hab\u00eda mantenido en la ma\u00f1ana y coment\u00f3 que qued\u00f3 \u00abmuy contento\u00bb con los resultados de la reuni\u00f3n, por el \u00abtrabajo conjunto que se est\u00e1 est\u00e1 planificando para compartir tecnolog\u00ed\u00ada, energ\u00ed\u00ada y comercio\u00bb entre ambos pa\u00edses.<\/p>\n<h6>Fuente: T\u00e9lam<\/h6>\n","protected":false},"excerpt":{"rendered":"<p>El ministro de Planificaci\u00f3n, Julio De Vido, mantuvo un encuentro con el presidente Evo Morales, en una visita oficial que tuvo por objetivo profundizar los lazos entre ambos pa\u00edses. En el encuentro, se fij\u00f3 una agenda com\u00fan sobre cinco ejes referidos: espacio a\u00e9reo, radares meteorol\u00f3gicos, Televisi\u00f3n Digital Abierta, cooperaci\u00f3n Espacial en Sat\u00e9lites y Energ\u00eda y<\/p>\n","protected":false},"author":2,"featured_media":18597,"comment_status":"closed","ping_status":"closed","sticky":false,"template":"","format":"standard","meta":{"footnotes":""},"categories":[8],"tags":[21],"class_list":["post-18596","post","type-post","status-publish","format-standard","has-post-thumbnail","hentry","category-informe-nacional","tag-argentina"],"_links":{"self":[{"href":"http:\/\/argentinamunicipal.com.ar\/argentina\/wp-json\/wp\/v2\/posts\/18596","targetHints":{"allow":["GET"]}}],"collection":[{"href":"http:\/\/argentinamunicipal.com.ar\/argentina\/wp-json\/wp\/v2\/posts"}],"about":[{"href":"http:\/\/argentinamunicipal.com.ar\/argentina\/wp-json\/wp\/v2\/types\/post"}],"author":[{"embeddable":true,"href":"http:\/\/argentinamunicipal.com.ar\/argentina\/wp-json\/wp\/v2\/users\/2"}],"replies":[{"embeddable":true,"href":"http:\/\/argentinamunicipal.com.ar\/argentina\/wp-json\/wp\/v2\/comments?post=18596"}],"version-history":[{"count":0,"href":"http:\/\/argentinamunicipal.com.ar\/argentina\/wp-json\/wp\/v2\/posts\/18596\/revisions"}],"wp:featuredmedia":[{"embeddable":true,"href":"http:\/\/argentinamunicipal.com.ar\/argentina\/wp-json\/wp\/v2\/media\/18597"}],"wp:attachment":[{"href":"http:\/\/argentinamunicipal.com.ar\/argentina\/wp-json\/wp\/v2\/media?parent=18596"}],"wp:term":[{"taxonomy":"category","embeddable":true,"href":"http:\/\/argentinamunicipal.com.ar\/argentina\/wp-json\/wp\/v2\/categories?post=18596"},{"taxonomy":"post_tag","embeddable":true,"href":"http:\/\/argentinamunicipal.com.ar\/argentina\/wp-json\/wp\/v2\/tags?post=18596"}],"curies":[{"name":"wp","href":"https:\/\/api.w.org\/{rel}","templated":true}]}}