{"id":18640,"date":"2014-11-08T09:02:16","date_gmt":"2014-11-08T12:02:16","guid":{"rendered":"http:\/\/argentinamunicipal.com.ar\/argentina\/?p=18640"},"modified":"2014-11-08T09:02:16","modified_gmt":"2014-11-08T12:02:16","slug":"gualeguaychu-continua-el-traslado-de-las-familias-del-asentamiento-norte-nuevos-barrios","status":"publish","type":"post","link":"http:\/\/argentinamunicipal.com.ar\/argentina\/gualeguaychu-continua-el-traslado-de-las-familias-del-asentamiento-norte-nuevos-barrios\/","title":{"rendered":"Gualeguaych\u00fa: Contin\u00faa el traslado de las familias del asentamiento norte a nuevos barrios"},"content":{"rendered":"<p><a href=\"http:\/\/argentinamunicipal.com.ar\/argentina\/wp-content\/uploads\/2014\/11\/e_1415380424.jpg\"><img loading=\"lazy\" decoding=\"async\" class=\"alignleft size-full wp-image-18641\" src=\"http:\/\/argentinamunicipal.com.ar\/argentina\/wp-content\/uploads\/2014\/11\/e_1415380424.jpg\" alt=\"e_1415380424\" width=\"432\" height=\"324\" srcset=\"http:\/\/argentinamunicipal.com.ar\/argentina\/wp-content\/uploads\/2014\/11\/e_1415380424.jpg 432w, http:\/\/argentinamunicipal.com.ar\/argentina\/wp-content\/uploads\/2014\/11\/e_1415380424-300x225.jpg 300w\" sizes=\"auto, (max-width: 432px) 100vw, 432px\" \/><\/a>\u201cLos vecinos est\u00e1n muy contentos por la nueva vida que est\u00e1n emprendiendo\u201d, consider\u00f3 el intendente, Juan Jos\u00e9 Bahillo. En el nuevo barrio construir\u00e1n un Sal\u00f3n Comunitario y mejorar\u00e1n los desag\u00fces pluviales.<\/p>\n<p>En la ma\u00f1ana de ayer comenz\u00f3 con normalidad el traslado de las 95 familias del asentamiento norte hacia los nuevos barrios en Costa Uruguay Sur y en Bvd. De Mar\u00eda y San Juan. La mudanza continuar\u00e1 durante el d\u00eda de ma\u00f1ana y la semana que viene, comenzar\u00e1n las obras en el lugar para construir un Sal\u00f3n Comunitario y mejorar los desag\u00fces pluviales.<\/p>\n<p>Al respecto, el intendente Juan Jos\u00e9 Bahillo sostuvo que \u201cla mudanza se est\u00e1 realizando con normalidad y tranquilidad\u201d y a\u00f1adi\u00f3: \u201cLos vecinos est\u00e1n muy contentos por la nueva vida que est\u00e1n emprendiendo\u201d.<\/p>\n<p>El Presidente Municipal tambi\u00e9n explic\u00f3 que \u201cuna vez que los vecinos cargan sus pertenencias en el cami\u00f3n que hace el traslado, firman un acta en la que formalizan su acuerdo para demoler la casilla que habitaban, un condici\u00f3n excluyente para que puedan ingresar en su nuevo hogar\u201d y aclar\u00f3 que \u201cel terreno queda inutilizado para otro tipo de asentamiento que se quisiera armar\u201d. Los vecinos se convierten en beneficiarios de las viviendas una vez que la casilla que habitaban fue desarmada.<\/p>\n<p>Cabe recordar que 12 familias estar\u00e1n viviendo en el lugar durante quince d\u00edas m\u00e1s hasta que se finalice la construcci\u00f3n de sus viviendas en el barrio \u201cToto Irigoyen\u201d, de Costa Uruguay Sur.<\/p>\n<p>En el traslado colabora personal de diferentes \u00e1reas municipales, voluntarios y el personal del Ej\u00e9rcito perteneciente al regimiento de Gualeguaych\u00fa.<\/p>\n<p>Cada vivienda cuenta de tres a cinco habitaciones, de acuerdo a las necesidades de cada familia, y a su vez posee un terreno de mil metros cuadrados destinado a huertas y granja. El objetivo es que el excedente de esa producci\u00f3n pueda ser comercializado en la ciudad a trav\u00e9s de una feria o como los futuros productores dispongan.<\/p>\n<p>El 17 de enero de 2013 se cre\u00f3 el programa Prodiser con el objeto de promover la construcci\u00f3n de viviendas sociales y la ejecuci\u00f3n de obras y actividades conexas a las mismas, destinadas a la poblaci\u00f3n vulnerable, de escasos recursos y carentes de vivienda digna de Entre R\u00edos. Esta iniciativa es financiada a trav\u00e9s del Fondo para la Infraestructura Social de Entre R\u00edos que se integra con los recursos que dispongan el Estado Nacional, provincial y los Estados Municipales y sus organismos pertinentes.<\/p>\n<h6>Fuente: El Once<\/h6>\n","protected":false},"excerpt":{"rendered":"<p>\u201cLos vecinos est\u00e1n muy contentos por la nueva vida que est\u00e1n emprendiendo\u201d, consider\u00f3 el intendente, Juan Jos\u00e9 Bahillo. En el nuevo barrio construir\u00e1n un Sal\u00f3n Comunitario y mejorar\u00e1n los desag\u00fces pluviales. En la ma\u00f1ana de ayer comenz\u00f3 con normalidad el traslado de las 95 familias del asentamiento norte hacia los nuevos barrios en Costa Uruguay<\/p>\n","protected":false},"author":2,"featured_media":18641,"comment_status":"closed","ping_status":"closed","sticky":false,"template":"","format":"standard","meta":{"footnotes":""},"categories":[2],"tags":[17],"class_list":["post-18640","post","type-post","status-publish","format-standard","has-post-thumbnail","hentry","category-informe-municipal","tag-entre-rios"],"_links":{"self":[{"href":"http:\/\/argentinamunicipal.com.ar\/argentina\/wp-json\/wp\/v2\/posts\/18640","targetHints":{"allow":["GET"]}}],"collection":[{"href":"http:\/\/argentinamunicipal.com.ar\/argentina\/wp-json\/wp\/v2\/posts"}],"about":[{"href":"http:\/\/argentinamunicipal.com.ar\/argentina\/wp-json\/wp\/v2\/types\/post"}],"author":[{"embeddable":true,"href":"http:\/\/argentinamunicipal.com.ar\/argentina\/wp-json\/wp\/v2\/users\/2"}],"replies":[{"embeddable":true,"href":"http:\/\/argentinamunicipal.com.ar\/argentina\/wp-json\/wp\/v2\/comments?post=18640"}],"version-history":[{"count":0,"href":"http:\/\/argentinamunicipal.com.ar\/argentina\/wp-json\/wp\/v2\/posts\/18640\/revisions"}],"wp:featuredmedia":[{"embeddable":true,"href":"http:\/\/argentinamunicipal.com.ar\/argentina\/wp-json\/wp\/v2\/media\/18641"}],"wp:attachment":[{"href":"http:\/\/argentinamunicipal.com.ar\/argentina\/wp-json\/wp\/v2\/media?parent=18640"}],"wp:term":[{"taxonomy":"category","embeddable":true,"href":"http:\/\/argentinamunicipal.com.ar\/argentina\/wp-json\/wp\/v2\/categories?post=18640"},{"taxonomy":"post_tag","embeddable":true,"href":"http:\/\/argentinamunicipal.com.ar\/argentina\/wp-json\/wp\/v2\/tags?post=18640"}],"curies":[{"name":"wp","href":"https:\/\/api.w.org\/{rel}","templated":true}]}}