{"id":18689,"date":"2014-11-08T10:18:06","date_gmt":"2014-11-08T13:18:06","guid":{"rendered":"http:\/\/argentinamunicipal.com.ar\/argentina\/?p=18689"},"modified":"2015-04-28T16:02:39","modified_gmt":"2015-04-28T19:02:39","slug":"el-gobierno-asumira-el-control-de-servicios-ferroviarrios-de-larga-distancia","status":"publish","type":"post","link":"http:\/\/argentinamunicipal.com.ar\/argentina\/el-gobierno-asumira-el-control-de-servicios-ferroviarrios-de-larga-distancia\/","title":{"rendered":"El Gobierno asumir\u00e1 el control de servicios ferroviarrios de larga distancia"},"content":{"rendered":"<p><a href=\"http:\/\/argentinamunicipal.com.ar\/argentina\/wp-content\/uploads\/2014\/11\/4f1835518f97e.png\"><img loading=\"lazy\" decoding=\"async\" class=\"aligncenter size-full wp-image-18717\" src=\"http:\/\/argentinamunicipal.com.ar\/argentina\/wp-content\/uploads\/2014\/11\/4f1835518f97e.png\" alt=\"4f1835518f97e\" width=\"643\" height=\"204\" srcset=\"http:\/\/argentinamunicipal.com.ar\/argentina\/wp-content\/uploads\/2014\/11\/4f1835518f97e.png 643w, http:\/\/argentinamunicipal.com.ar\/argentina\/wp-content\/uploads\/2014\/11\/4f1835518f97e-300x95.png 300w\" sizes=\"auto, (max-width: 643px) 100vw, 643px\" \/><\/a><br \/>\nSe trata de los servicios que unen Buenos Aires con Rosario, C\u00f3rdoba, Tucum\u00e1n, y La Pampa. \u00abEl ferrocarril es el motor fundamental de un pa\u00eds\u00bb, dijo el Ministro del Interior y Transporte.<\/p>\n<p>El ministro del Interior y Transporte, Florencio Randazzo, anunci\u00f3 hoy a partir de este s\u00e1bado el Estado Nacional se hace cargo de los servicios de larga distancia que unen Buenos Aires con Rosario, C\u00f3rdoba, Tucum\u00e1n y La Pampa\u201d.<\/p>\n<p>\u201cNo detendremos la presencia del Estado en la administraci\u00f3n de los ferrocarriles\u201d, y destac\u00f3 que \u201cel objetivo del Gobierno nacional es volver a darle un servicio ferroviario de calidad a todos los argentinos\u201d, afirm\u00f3 el funcionario.<\/p>\n<p>El anuncio lo realiz\u00f3 al participar junto al Secretario General de la Uni\u00f3n Ferroviaria, Sergio Sasia, el Secretario General de la CGT, Antonio Cal\u00f3, y al Secretario Gremial de la CGT, Omar Viviani, del encuentro por el 92\u00ba aniversario de la Uni\u00f3n Ferroviaria.<\/p>\n<p>Sobre el plan de puesta en valor de la red ferroviaria de pasajeros, Randazzo dijo que \u201cen los pr\u00f3ximos d\u00edas llamaremos a licitaci\u00f3n para la puesta en valor de las v\u00edas a C\u00f3rdoba, Tucum\u00e1n, San Carlos de Bariloche y Mendoza\u201d, porque \u201cel ferrocarril es el motor fundamental de un pa\u00eds que permite generar desarrollo e inclusi\u00f3n para todos\u201d.<\/p>\n<p>Al dar su discurso frente a 3000 delegados de la Uni\u00f3n Ferroviaria de todo el pa\u00eds, Randazzo indic\u00f3 que \u201cnuestro objetivo central, y as\u00ed lo pidi\u00f3 Cristina, es que donde hubo un tren en la Argentina vuelva a haber un tren\u201d.<\/p>\n<p>Randazzo detall\u00f3 que en el \u00e1rea metropolitana ya fueron renovados completamente el ferrocarril San Martin y el Sarmiento con coches 0km adquiridos por el estado Nacional. Y record\u00f3 que el pr\u00f3ximo 25 de noviembre el ramal Tigre del ferrocarril Mitre funcionar\u00e1 con todos los trenes nuevos. Tambi\u00e9n subray\u00f3 que en en los primeros d\u00edas de 2015 comienzan a embarcarse los 300 coches 0KM para renovar el ferrocarril Roca.<\/p>\n<p>Tambi\u00e9n se incorporaron trenes de cercan\u00edas a La Plata, Chascomus y Ca\u00f1uelas, y se est\u00e1 avanzando a buen ritmo con las obras de renovaci\u00f3n completa de las v\u00edas para los ramales Buenos Aires \u2013 Rosario y Buenos Aires \u2013 Mar del Plata.<\/p>\n<p>Por \u00faltimo el ministro manifest\u00f3 su compromiso \u201ccon la continuidad de este modelo de desarrollo para que vuelva el ferrocarril de pasajeros a lo largo y a lo ancho del pa\u00eds\u201d, y ratific\u00f3 que \u201cla decisi\u00f3n pol\u00edtica por la recuperaci\u00f3n definitiva de los ferrocarriles no tiene vuelta atr\u00e1s\u201d. \u201cAntes era ramal que para ramal que cierra, y hoy es ramal que arranca no para nunca m\u00e1s\u201d, finaliz\u00f3<\/p>\n<h6>Fuente: InfoCielo<\/h6>\n","protected":false},"excerpt":{"rendered":"<p>Se trata de los servicios que unen Buenos Aires con Rosario, C\u00f3rdoba, Tucum\u00e1n, y La Pampa. \u00abEl ferrocarril es el motor fundamental de un pa\u00eds\u00bb, dijo el Ministro del Interior y Transporte. El ministro del Interior y Transporte, Florencio Randazzo, anunci\u00f3 hoy a partir de este s\u00e1bado el Estado Nacional se hace cargo de los<\/p>\n","protected":false},"author":2,"featured_media":18717,"comment_status":"closed","ping_status":"closed","sticky":false,"template":"","format":"standard","meta":{"footnotes":""},"categories":[2],"tags":[21],"class_list":["post-18689","post","type-post","status-publish","format-standard","has-post-thumbnail","hentry","category-informe-municipal","tag-argentina"],"_links":{"self":[{"href":"http:\/\/argentinamunicipal.com.ar\/argentina\/wp-json\/wp\/v2\/posts\/18689","targetHints":{"allow":["GET"]}}],"collection":[{"href":"http:\/\/argentinamunicipal.com.ar\/argentina\/wp-json\/wp\/v2\/posts"}],"about":[{"href":"http:\/\/argentinamunicipal.com.ar\/argentina\/wp-json\/wp\/v2\/types\/post"}],"author":[{"embeddable":true,"href":"http:\/\/argentinamunicipal.com.ar\/argentina\/wp-json\/wp\/v2\/users\/2"}],"replies":[{"embeddable":true,"href":"http:\/\/argentinamunicipal.com.ar\/argentina\/wp-json\/wp\/v2\/comments?post=18689"}],"version-history":[{"count":0,"href":"http:\/\/argentinamunicipal.com.ar\/argentina\/wp-json\/wp\/v2\/posts\/18689\/revisions"}],"wp:featuredmedia":[{"embeddable":true,"href":"http:\/\/argentinamunicipal.com.ar\/argentina\/wp-json\/wp\/v2\/media\/18717"}],"wp:attachment":[{"href":"http:\/\/argentinamunicipal.com.ar\/argentina\/wp-json\/wp\/v2\/media?parent=18689"}],"wp:term":[{"taxonomy":"category","embeddable":true,"href":"http:\/\/argentinamunicipal.com.ar\/argentina\/wp-json\/wp\/v2\/categories?post=18689"},{"taxonomy":"post_tag","embeddable":true,"href":"http:\/\/argentinamunicipal.com.ar\/argentina\/wp-json\/wp\/v2\/tags?post=18689"}],"curies":[{"name":"wp","href":"https:\/\/api.w.org\/{rel}","templated":true}]}}