{"id":18695,"date":"2014-11-08T10:30:44","date_gmt":"2014-11-08T13:30:44","guid":{"rendered":"http:\/\/argentinamunicipal.com.ar\/argentina\/?p=18695"},"modified":"2014-11-08T11:03:05","modified_gmt":"2014-11-08T14:03:05","slug":"con-una-frontera-luminosa-berlin-reconstruye-una-parte-de-lo-que-fue-el-trazado-de-muro","status":"publish","type":"post","link":"http:\/\/argentinamunicipal.com.ar\/argentina\/con-una-frontera-luminosa-berlin-reconstruye-una-parte-de-lo-que-fue-el-trazado-de-muro\/","title":{"rendered":"Con una \u00abfrontera luminosa\u00bb Berl\u00edn reconstruye una parte de lo que fue el trazado de Muro"},"content":{"rendered":"<p><a href=\"http:\/\/argentinamunicipal.com.ar\/argentina\/wp-content\/uploads\/2014\/11\/545ccb3778162_800x533.jpg\"><img loading=\"lazy\" decoding=\"async\" class=\"aligncenter size-full wp-image-18696\" src=\"http:\/\/argentinamunicipal.com.ar\/argentina\/wp-content\/uploads\/2014\/11\/545ccb3778162_800x533.jpg\" alt=\"545ccb3778162_800x533\" width=\"800\" height=\"533\" srcset=\"http:\/\/argentinamunicipal.com.ar\/argentina\/wp-content\/uploads\/2014\/11\/545ccb3778162_800x533.jpg 800w, http:\/\/argentinamunicipal.com.ar\/argentina\/wp-content\/uploads\/2014\/11\/545ccb3778162_800x533-300x199.jpg 300w\" sizes=\"auto, (max-width: 800px) 100vw, 800px\" \/><\/a><\/p>\n<p>Esta noche, ser\u00e1n iluminados una cadena de 8.000 globos a lo largo de doce de los mas de 150 km del antiguo muro con \u00abel objetivo de volver su trazado palpable\u00bb, dicen los artistas berlineses que dise\u00f1aron la intervenci\u00f3n.<\/p>\n<p>Alemania dio ayer inicio a los actos m\u00e1s simb\u00f3licos por el 25\u00b0 aniversario de la ca\u00edda del Muro de Berl\u00edn, que se cumple el pr\u00f3ximo domingo, con el encendido de una frontera lum\u00ednica formada por 8 mil globos colocados en el antiguo trazado de la muralla, y una actividad paralela a cargo del ex presidente sovi\u00e9tico Mijail Gorbachov.<\/p>\n<p>La ca\u00edda del muro el 9 de noviembre de 1989, el preludio de la reunificaci\u00f3n alemana once meses mas tarde, ser\u00e1 conmemorada con una fiesta popular el domingo en Berlin sin invitados oficiales extranjeros.<\/p>\n<p>Esta noche, ser\u00e1n iluminados una cadena de 8.000 globos a lo largo de doce de los mas de 150 km del antiguo muro con \u00abel objetivo de volver su trazado palpable\u00bb, seg\u00fan los dos artistas berlineses que dise\u00f1aron la \u00abFrontera luminosa\u00bb (Lichtgrenze).<\/p>\n<p>S\u00edmbolos de una frontera extinta, el domingo los globos ser\u00e1n soltados al aire con el \u00faltimo movimiento de la 8va sinfon\u00eda de Ludwig van Beethoven, la Oda a la Alegr\u00eda, himno de la Uni\u00f3n Europea (UE) como fondo musical.<\/p>\n<p>Previamente, este mediod\u00eda los diputados del Bundestag dieron comienzo a la celebraci\u00f3n con una serie de discursos de los jefes de los diferentes grupos parlamentarios.<\/p>\n<p>Por la tarde, en una actividad paralela, el \u00faltimo l\u00edder de la extinta Uni\u00f3n Sovi\u00e9tica, Mijail Gorbachov, inaugur\u00f3 una exposici\u00f3n junto al famoso \u00abCheckpoint Charlie\u00bb de Berl\u00edn, el paso fronterizo mas emblem\u00e1tico y eje de varias tensiones durante los 28 a\u00f1os que existi\u00f3 el Muro.<\/p>\n<p>Gorbachov, de 83 a\u00f1os, sumamente popular en Alemania por haber jugado un papel vital en la reunificaci\u00f3n alemana, participar\u00e1 ma\u00f1ana de un debate en torno a la tensi\u00f3n generada por la situaci\u00f3n en Ucrania y el lunes ser\u00e1 recibido por la canciller alemana Angela Merkel.<\/p>\n<p>Los actos recordatorios de ese episodio que modific\u00f3 la pol\u00edtica mundial, comenzaron esta semana con exposiciones, conferencias y conciertos, pero la masiva fiesta tendr\u00e1 lugar el domingo en la Puerta de Brandeburgo, s\u00edmbolo de la unidad alemana, a la que se espera concurran cerca de dos milllones de personas.<\/p>\n<p>Sin embargo, la celebraci\u00f3n denominada \u00abEl coraje de la libertad\u00bb podr\u00eda ser perturbada por una in\u00e9dita huelga ferroviaria prevista hasta el lunes.<\/p>\n<p>En la Puerta de Brandeburgo se inaugurar\u00e1 ma\u00f1ana una exposici\u00f3n multimedia abierta sobre la historia alemana.<br \/>\nEl domingo la orquesta Staatskapelle, dirigida por el director argentino palestino israel\u00ed Daniel Barenboim, marcar\u00e1 el inicio de la jornada.<\/p>\n<p>Luego brindar\u00e1n conciertos estrellas de la m\u00fasica alemana de rock, pop y rap y el cantante brit\u00e1nico Peter Gabriel, quien interpretar\u00e1 &#8216;Heroes&#8217;, la m\u00edtica canci\u00f3n de David Bowie, quien la grab\u00f3 en Berlin Oeste cuando vivi\u00f3 en 1977.<\/p>\n<p>Asimismo, se realizar\u00e1 un homenaje a las \u00abV\u00edctimas del Muro\u00bb, a las casi 400 personas muertas cuando intentaban franquear el paso laber\u00edntico y espeso muro fronterizo.<\/p>\n<p>El mismo d\u00eda, la canciller Angela Merkel inaugurar\u00e1 la ampliaci\u00f3n del espacio central en recuerdo del Muro en la emblem\u00e1tica Bernauerstrasse (calle de las l\u00e1grimas), donde pronunciar\u00e1 el discurso central por el aniversario.<\/p>\n<p>Por la noche, Merkel asistir\u00e1 a un concierto cerrado en la sala Konzerthaus con pol\u00edticos actuales e hist\u00f3ricos como Gorbachov, el ex presidente y sindicalista polaco Lech Walesa, el presidente alem\u00e1n Joachim Gauck, o el presidente del Parlamento Europeo, Martin Schulz.<\/p>\n<p>Merkel, quien creci\u00f3 en la Rep\u00fablica Democr\u00e1tica Alemana (RDA), conf\u00ed\u00f3 el s\u00e1bado en su podcast semanal su \u00absentimiento indescriptible\u00bb la noche de la ca\u00edda del Muro que levant\u00f3 Alemania Oriental para cerrar el drenaje humano que le causaba la rutilante vidriera de Occidente que era Berl\u00edn Oeste.<\/p>\n<p>\u00abTuve que esperar 35 a\u00f1os para sentir eso, no lo olvidar\u00e9 jamas\u00bb, remarc\u00f3 la l\u00edder, quien cumple su tercer mandato al frente de la principal econom\u00eda europea.<\/p>\n<h6>Fuente: El Tribuno, Jujuy<\/h6>\n","protected":false},"excerpt":{"rendered":"<p>Esta noche, ser\u00e1n iluminados una cadena de 8.000 globos a lo largo de doce de los mas de 150 km del antiguo muro con \u00abel objetivo de volver su trazado palpable\u00bb, dicen los artistas berlineses que dise\u00f1aron la intervenci\u00f3n. Alemania dio ayer inicio a los actos m\u00e1s simb\u00f3licos por el 25\u00b0 aniversario de la ca\u00edda<\/p>\n","protected":false},"author":2,"featured_media":18696,"comment_status":"closed","ping_status":"closed","sticky":false,"template":"","format":"standard","meta":{"footnotes":""},"categories":[22],"tags":[57],"class_list":["post-18695","post","type-post","status-publish","format-standard","has-post-thumbnail","hentry","category-el-mundo","tag-el-mundo"],"_links":{"self":[{"href":"http:\/\/argentinamunicipal.com.ar\/argentina\/wp-json\/wp\/v2\/posts\/18695","targetHints":{"allow":["GET"]}}],"collection":[{"href":"http:\/\/argentinamunicipal.com.ar\/argentina\/wp-json\/wp\/v2\/posts"}],"about":[{"href":"http:\/\/argentinamunicipal.com.ar\/argentina\/wp-json\/wp\/v2\/types\/post"}],"author":[{"embeddable":true,"href":"http:\/\/argentinamunicipal.com.ar\/argentina\/wp-json\/wp\/v2\/users\/2"}],"replies":[{"embeddable":true,"href":"http:\/\/argentinamunicipal.com.ar\/argentina\/wp-json\/wp\/v2\/comments?post=18695"}],"version-history":[{"count":0,"href":"http:\/\/argentinamunicipal.com.ar\/argentina\/wp-json\/wp\/v2\/posts\/18695\/revisions"}],"wp:featuredmedia":[{"embeddable":true,"href":"http:\/\/argentinamunicipal.com.ar\/argentina\/wp-json\/wp\/v2\/media\/18696"}],"wp:attachment":[{"href":"http:\/\/argentinamunicipal.com.ar\/argentina\/wp-json\/wp\/v2\/media?parent=18695"}],"wp:term":[{"taxonomy":"category","embeddable":true,"href":"http:\/\/argentinamunicipal.com.ar\/argentina\/wp-json\/wp\/v2\/categories?post=18695"},{"taxonomy":"post_tag","embeddable":true,"href":"http:\/\/argentinamunicipal.com.ar\/argentina\/wp-json\/wp\/v2\/tags?post=18695"}],"curies":[{"name":"wp","href":"https:\/\/api.w.org\/{rel}","templated":true}]}}