{"id":18707,"date":"2014-11-08T10:47:34","date_gmt":"2014-11-08T13:47:34","guid":{"rendered":"http:\/\/argentinamunicipal.com.ar\/argentina\/?p=18707"},"modified":"2014-11-08T10:47:34","modified_gmt":"2014-11-08T13:47:34","slug":"en-villa-la-angostura-realizaran-una-fiesta-callejera-para-oponerse-al-corredor-bioceanico","status":"publish","type":"post","link":"http:\/\/argentinamunicipal.com.ar\/argentina\/en-villa-la-angostura-realizaran-una-fiesta-callejera-para-oponerse-al-corredor-bioceanico\/","title":{"rendered":"En Villa la Angostura realizar\u00e1n una fiesta callejera para oponerse al Corredor Bioce\u00e1nico"},"content":{"rendered":"<p><a href=\"http:\/\/argentinamunicipal.com.ar\/argentina\/wp-content\/uploads\/2014\/11\/lotes_venta_en_angostura.jpg\"><img loading=\"lazy\" decoding=\"async\" class=\"aligncenter wp-image-18708 size-full\" src=\"http:\/\/argentinamunicipal.com.ar\/argentina\/wp-content\/uploads\/2014\/11\/lotes_venta_en_angostura-e1415454438799.jpg\" alt=\"lotes_venta_en_angostura\" width=\"625\" height=\"370\" srcset=\"http:\/\/argentinamunicipal.com.ar\/argentina\/wp-content\/uploads\/2014\/11\/lotes_venta_en_angostura-e1415454438799.jpg 625w, http:\/\/argentinamunicipal.com.ar\/argentina\/wp-content\/uploads\/2014\/11\/lotes_venta_en_angostura-e1415454438799-300x177.jpg 300w\" sizes=\"auto, (max-width: 625px) 100vw, 625px\" \/><\/a><br \/>\nSe realizar\u00e1 este domingo en Villa la Angostura a partir de las 16 en su principal arteria, la avenida Arrayanes. Actuar\u00e1n los grupos Caleuche, Alambique, Osvaldo Sama y Alejo, entre otros.<\/p>\n<p>Bajo la consigna \u201cTurismo si, Bioce\u00e1nico no\u201d, un grupo de vecinos de Villa la Angostura se manifestar\u00e1 este domingo para decir lo que desea: \u201cS\u00ed, a los ni\u00f1os que juegan, si a un pueblo verde, s\u00ed a una baja poluci\u00f3n sonora y s\u00ed al turismo\u201d<\/p>\n<p>En ese sentido, es que est\u00e1n solicitando el paso fronterizo Cardenal Samor\u00e9 no se transforme en el Bioce\u00e1nico de cargas pesadas.<\/p>\n<p>La convocatoria est\u00e1 hecha a partir de las 16 horas en el centro de la localidad neuquina, hora a partir de la cual comenzar\u00e1n a actuar los grupos \u201cCaleuche\u201d y \u201cAlambique\u201d. A las 17 ser\u00e1 el turno de Osvaldo Sama, seguido de \u201cAlejo\u201d y \u201cla murga Cambalache\u201d.<\/p>\n<p>Para las 19.45 est\u00e1 previsto que suene la sirena de los bomberos, \u201cpara que nos reunamos todos para sacarnos una gran foto porque amamos a Villa la Angostura\u201d, seg\u00fan expresaron desde la organizaci\u00f3n.<\/p>\n<p>En distintas esquinas desde las 16 horas, taller de pl\u00e1stica para ni\u00f1os, partidos de f\u00fatbol para ni\u00f1os, radio abierta, maquillaje art\u00edstico para ni\u00f1os, folclore Antu Pe\u00f1i y estar\u00e1 presente el ballet de Mabel R\u00edos.<\/p>\n<p>\u201cLlev\u00e1 bicicleta, patineta, patines, monopat\u00edn y tu camioncito de juguete atado con un hilito. Este domingo le decimos s\u00ed a Angostura, por un pueblo donde nos guste vivir\u201d, finaliza exponiendo la convocatoria.<\/p>\n<h6>Fuente: El Cordillerano<\/h6>\n","protected":false},"excerpt":{"rendered":"<p>Se realizar\u00e1 este domingo en Villa la Angostura a partir de las 16 en su principal arteria, la avenida Arrayanes. Actuar\u00e1n los grupos Caleuche, Alambique, Osvaldo Sama y Alejo, entre otros. Bajo la consigna \u201cTurismo si, Bioce\u00e1nico no\u201d, un grupo de vecinos de Villa la Angostura se manifestar\u00e1 este domingo para decir lo que desea:<\/p>\n","protected":false},"author":2,"featured_media":18708,"comment_status":"closed","ping_status":"closed","sticky":false,"template":"","format":"standard","meta":{"footnotes":""},"categories":[2],"tags":[23],"class_list":["post-18707","post","type-post","status-publish","format-standard","has-post-thumbnail","hentry","category-informe-municipal","tag-neuquen"],"_links":{"self":[{"href":"http:\/\/argentinamunicipal.com.ar\/argentina\/wp-json\/wp\/v2\/posts\/18707","targetHints":{"allow":["GET"]}}],"collection":[{"href":"http:\/\/argentinamunicipal.com.ar\/argentina\/wp-json\/wp\/v2\/posts"}],"about":[{"href":"http:\/\/argentinamunicipal.com.ar\/argentina\/wp-json\/wp\/v2\/types\/post"}],"author":[{"embeddable":true,"href":"http:\/\/argentinamunicipal.com.ar\/argentina\/wp-json\/wp\/v2\/users\/2"}],"replies":[{"embeddable":true,"href":"http:\/\/argentinamunicipal.com.ar\/argentina\/wp-json\/wp\/v2\/comments?post=18707"}],"version-history":[{"count":0,"href":"http:\/\/argentinamunicipal.com.ar\/argentina\/wp-json\/wp\/v2\/posts\/18707\/revisions"}],"wp:featuredmedia":[{"embeddable":true,"href":"http:\/\/argentinamunicipal.com.ar\/argentina\/wp-json\/wp\/v2\/media\/18708"}],"wp:attachment":[{"href":"http:\/\/argentinamunicipal.com.ar\/argentina\/wp-json\/wp\/v2\/media?parent=18707"}],"wp:term":[{"taxonomy":"category","embeddable":true,"href":"http:\/\/argentinamunicipal.com.ar\/argentina\/wp-json\/wp\/v2\/categories?post=18707"},{"taxonomy":"post_tag","embeddable":true,"href":"http:\/\/argentinamunicipal.com.ar\/argentina\/wp-json\/wp\/v2\/tags?post=18707"}],"curies":[{"name":"wp","href":"https:\/\/api.w.org\/{rel}","templated":true}]}}