{"id":18710,"date":"2014-11-08T10:50:46","date_gmt":"2014-11-08T13:50:46","guid":{"rendered":"http:\/\/argentinamunicipal.com.ar\/argentina\/?p=18710"},"modified":"2014-11-08T10:50:46","modified_gmt":"2014-11-08T13:50:46","slug":"rosario-avanza-la-idea-de-construir-un-metro-que-atraviese-la-ciudad","status":"publish","type":"post","link":"http:\/\/argentinamunicipal.com.ar\/argentina\/rosario-avanza-la-idea-de-construir-un-metro-que-atraviese-la-ciudad\/","title":{"rendered":"Rosario: Avanza la idea de construir un metro que atraviese la ciudad"},"content":{"rendered":"<div id=\"attachment_18711\" style=\"width: 631px\" class=\"wp-caption aligncenter\"><a href=\"http:\/\/argentinamunicipal.com.ar\/argentina\/wp-content\/uploads\/2014\/11\/1108_c501.jpg_88717827.jpg\"><img loading=\"lazy\" decoding=\"async\" aria-describedby=\"caption-attachment-18711\" class=\"size-full wp-image-18711\" src=\"http:\/\/argentinamunicipal.com.ar\/argentina\/wp-content\/uploads\/2014\/11\/1108_c501.jpg_88717827.jpg\" alt=\"Planificando. Ramos analiza junto a Fein el posible recorrido del metro.\" width=\"621\" height=\"465\" srcset=\"http:\/\/argentinamunicipal.com.ar\/argentina\/wp-content\/uploads\/2014\/11\/1108_c501.jpg_88717827.jpg 621w, http:\/\/argentinamunicipal.com.ar\/argentina\/wp-content\/uploads\/2014\/11\/1108_c501.jpg_88717827-300x224.jpg 300w\" sizes=\"auto, (max-width: 621px) 100vw, 621px\" \/><\/a><p id=\"caption-attachment-18711\" class=\"wp-caption-text\">Planificando. Ramos analiza junto a Fein el posible recorrido del metro.<\/p><\/div>\n<p>Los funcionarios coincidieron en trabajar juntos para mejorar el transporte en la regi\u00f3n, como se viene realizando con diversas obras, como el tren Buenos Aires-Rosario<\/p>\n<p>El secretario de Transporte de la Naci\u00f3n, Alejandro Ramos, se reuni\u00f3 ayer con la intendenta M\u00f3nica Fein y miembros de la empresa de la Rep\u00fablica Popular China, Citic Construction CO. LTD. con el objetivo de avanzar en el proyecto que posibilite concretar un Metro urbano en la ciudad.<\/p>\n<p>Los funcionarios coincidieron en trabajar juntos para mejorar el transporte en la regi\u00f3n, como se viene realizando con diversas obras, como el tren Buenos Aires-Rosario. En tal sentido, la intendenta destac\u00f3 ayer \u201cla inversi\u00f3n que ha hecho la Naci\u00f3n en la provincia\u201d.<\/p>\n<p>\u201cLo importante es que hay inter\u00e9s nuestro, de la empresa Citic y de la intendenta, para avanzar en un Metro para la ciudad y trabajar en conjunto como lo venimos haciendo, para definir el proyecto, evaluar las factibilidades, determinar presupuestos, y la traza m\u00e1s \u00f3ptima para la gente de Rosario\u201d, destac\u00f3 Ramos.<\/p>\n<p>En tal sentido, remarc\u00f3 que \u201ca partir de la traza que considere mejor la intendenta para su ciudad, el pr\u00f3ximo mi\u00e9rcoles nuestros equipos t\u00e9cnicos avanzar\u00e1n para conformar el proyecto del Metro Urbano que necesita Rosario, estudiaremos los montos y los plazos de la obra. Luego todos, el gobierno nacional, la provincia y la ciudad trabajaremos para conseguir los fondos\u201d , remarc\u00f3 el secretario nacional.<\/p>\n<p>Del c\u00f3nclave tambi\u00e9n formaron parte Fan Zheng, de la empresa Citic; M\u00f3nica Alvarado, del Ente de Movilidad de Rosario y Franco Gagliardo, vicepresidente de la C\u00e1mara de la Construcci\u00f3n.<\/p>\n<p>Ramos confirm\u00f3 adem\u00e1s que las obras ferroviarias de la primera etapa del tren Buenos Aires-Rosario se terminar\u00e1n a mediados de diciembre, de manera que en 2015 el servicio ya est\u00e9 funcionando.<\/p>\n<p>En este sentido, remarc\u00f3 que ya est\u00e1 listo el ochenta por ciento de la obra de v\u00edas e infraestructura ferroviaria.<\/p>\n<p>La llegada del tren cambiar\u00e1 definitivamente la fisonom\u00eda de la zona sur de la ciudad, donde se trabaja a destajo para construir la estaci\u00f3n ferroviaria en el sitio donde funcionaba el Apeadero Sur.<br \/>\nLos vecinos, ya palpitan los cambios en la zona.<\/p>\n<h6>Fuente: La Capital, Rosario<\/h6>\n","protected":false},"excerpt":{"rendered":"<p>Los funcionarios coincidieron en trabajar juntos para mejorar el transporte en la regi\u00f3n, como se viene realizando con diversas obras, como el tren Buenos Aires-Rosario El secretario de Transporte de la Naci\u00f3n, Alejandro Ramos, se reuni\u00f3 ayer con la intendenta M\u00f3nica Fein y miembros de la empresa de la Rep\u00fablica Popular China, Citic Construction CO.<\/p>\n","protected":false},"author":2,"featured_media":18711,"comment_status":"closed","ping_status":"closed","sticky":false,"template":"","format":"standard","meta":{"footnotes":""},"categories":[2],"tags":[10],"class_list":["post-18710","post","type-post","status-publish","format-standard","has-post-thumbnail","hentry","category-informe-municipal","tag-santa-fe"],"_links":{"self":[{"href":"http:\/\/argentinamunicipal.com.ar\/argentina\/wp-json\/wp\/v2\/posts\/18710","targetHints":{"allow":["GET"]}}],"collection":[{"href":"http:\/\/argentinamunicipal.com.ar\/argentina\/wp-json\/wp\/v2\/posts"}],"about":[{"href":"http:\/\/argentinamunicipal.com.ar\/argentina\/wp-json\/wp\/v2\/types\/post"}],"author":[{"embeddable":true,"href":"http:\/\/argentinamunicipal.com.ar\/argentina\/wp-json\/wp\/v2\/users\/2"}],"replies":[{"embeddable":true,"href":"http:\/\/argentinamunicipal.com.ar\/argentina\/wp-json\/wp\/v2\/comments?post=18710"}],"version-history":[{"count":0,"href":"http:\/\/argentinamunicipal.com.ar\/argentina\/wp-json\/wp\/v2\/posts\/18710\/revisions"}],"wp:featuredmedia":[{"embeddable":true,"href":"http:\/\/argentinamunicipal.com.ar\/argentina\/wp-json\/wp\/v2\/media\/18711"}],"wp:attachment":[{"href":"http:\/\/argentinamunicipal.com.ar\/argentina\/wp-json\/wp\/v2\/media?parent=18710"}],"wp:term":[{"taxonomy":"category","embeddable":true,"href":"http:\/\/argentinamunicipal.com.ar\/argentina\/wp-json\/wp\/v2\/categories?post=18710"},{"taxonomy":"post_tag","embeddable":true,"href":"http:\/\/argentinamunicipal.com.ar\/argentina\/wp-json\/wp\/v2\/tags?post=18710"}],"curies":[{"name":"wp","href":"https:\/\/api.w.org\/{rel}","templated":true}]}}