{"id":18777,"date":"2014-11-10T09:25:53","date_gmt":"2014-11-10T12:25:53","guid":{"rendered":"http:\/\/argentinamunicipal.com.ar\/argentina\/?p=18777"},"modified":"2014-11-10T09:25:53","modified_gmt":"2014-11-10T12:25:53","slug":"rio-grande-el-intendente-entrega-otras-50-viviendas-sociales","status":"publish","type":"post","link":"http:\/\/argentinamunicipal.com.ar\/argentina\/rio-grande-el-intendente-entrega-otras-50-viviendas-sociales\/","title":{"rendered":"R\u00edo Grande: el Intendente\u00a0entrega otras 50 viviendas sociales"},"content":{"rendered":"<p><a href=\"http:\/\/argentinamunicipal.com.ar\/argentina\/wp-content\/uploads\/2014\/11\/5460208bab88d_724_407.jpg\"><img loading=\"lazy\" decoding=\"async\" class=\"aligncenter size-full wp-image-18778\" src=\"http:\/\/argentinamunicipal.com.ar\/argentina\/wp-content\/uploads\/2014\/11\/5460208bab88d_724_407.jpg\" alt=\"5460208bab88d_724_407!\" width=\"724\" height=\"407\" srcset=\"http:\/\/argentinamunicipal.com.ar\/argentina\/wp-content\/uploads\/2014\/11\/5460208bab88d_724_407.jpg 724w, http:\/\/argentinamunicipal.com.ar\/argentina\/wp-content\/uploads\/2014\/11\/5460208bab88d_724_407-300x168.jpg 300w\" sizes=\"auto, (max-width: 724px) 100vw, 724px\" \/><\/a><br \/>\nEl intendente Gustavo Melella encabezar\u00e1 este lunes en el sal\u00f3n del IPRA la entrega formal de 50 nuevas viviendas sociales que fueron construidas en la urbanizaci\u00f3n \u201cLos Cisnes\u201d tras un trabajo conjunto con la Federaci\u00f3n de Tierra y H\u00e1bitat y la flamante Secretar\u00eda de Acceso al H\u00e1bitat.<\/p>\n<p>La ceremonia se realizar\u00e1 a las 18. Estas nuevas soluciones habitacionales se suman a las 20 viviendas ya entregadas que se encuentran en Chacra XI y las otras 20 casas entregadas en la mencionada urbanizaci\u00f3n, con lo cual el Municipio de R\u00edo Grande est\u00e1 cumpliendo el sue\u00f1o de 90 familias de la ciudad, mientras contin\u00faa con proyectos de construcci\u00f3n de otras viviendas sociales, como parte de las acciones concretas que se impulsan para paliar el d\u00e9ficit habitacional.<\/p>\n<p>\u201cEl Municipio ha encarado una fuerte pol\u00edtica de acceso a la tierra con distintos mecanismos legales como asimismo ambiciosos planes que fueron desarrollados entre el gobierno local, incluso con empresas privadas, que les permitir\u00e1n a muchos vecinos llegar a adquirir su propio terreno y lograr la construcci\u00f3n de sus viviendas, en otros casos estaremos asistiendo a los que no pueden acceder a este sistema con el banco de tierras municipal como ya lo venimos haciendo de manera sostenida y desde hace un tiempo gracias a la ayuda del gobierno nacional, encontramos en las viviendas sociales una herramienta eficaz para que la gente pueda vivir dignamente\u201d, record\u00f3 el intendente Melella.<\/p>\n<p>Las viviendas sociales que se estar\u00e1n entregando este lunes son de tres habitaciones y fueron construidas por cooperativas de trabajo, con lo cual se cumpli\u00f3 la premisa de adem\u00e1s de llegar con una soluci\u00f3n habitacional, generar empleo fomentando tambi\u00e9n el cooperativismo como forma de crecimiento.<\/p>\n<p>El Jefe comunal observ\u00f3 que \u201chay gente que puede pagarse su terreno, hay gente que puede construir su vivienda y hay gente que est\u00e1 en una situaci\u00f3n a\u00fan m\u00e1s complicada y que el Estado brinde respuestas ah\u00ed, es una gran herramienta\u201d.<\/p>\n<p>En este sentido destac\u00f3 que \u201ces la primera vez que el Municipio en su historia construye viviendas en un plan espec\u00edfico y la verdad es que cada vez se ven m\u00e1s lindas, hechas con mucha calidad; habl\u00e1bamos con don (Ram\u00f3n) Ramos, uno de los responsables de llevar adelante el trabajo con las cooperativas\u201d.<\/p>\n<p>Asimismo recalc\u00f3 que en cada tanda de viviendas nuevas, \u201cse le van agregando nuevos elementos, nuevos servicios; como el entorno, arreglos y por ah\u00ed tambi\u00e9n las veredas o el canasto de los residuos. Son cuestiones que por ah\u00ed llevan m\u00e1s tiempo porque tienen otras especificaciones. Estamos maravillados por lo bien que est\u00e1n las casas\u201d.<\/p>\n<h6>Fuente: Reporte Austral<\/h6>\n","protected":false},"excerpt":{"rendered":"<p>El intendente Gustavo Melella encabezar\u00e1 este lunes en el sal\u00f3n del IPRA la entrega formal de 50 nuevas viviendas sociales que fueron construidas en la urbanizaci\u00f3n \u201cLos Cisnes\u201d tras un trabajo conjunto con la Federaci\u00f3n de Tierra y H\u00e1bitat y la flamante Secretar\u00eda de Acceso al H\u00e1bitat. La ceremonia se realizar\u00e1 a las 18. Estas<\/p>\n","protected":false},"author":2,"featured_media":18778,"comment_status":"closed","ping_status":"closed","sticky":false,"template":"","format":"standard","meta":{"footnotes":""},"categories":[2],"tags":[34],"class_list":["post-18777","post","type-post","status-publish","format-standard","has-post-thumbnail","hentry","category-informe-municipal","tag-tierra-del-fuego"],"_links":{"self":[{"href":"http:\/\/argentinamunicipal.com.ar\/argentina\/wp-json\/wp\/v2\/posts\/18777","targetHints":{"allow":["GET"]}}],"collection":[{"href":"http:\/\/argentinamunicipal.com.ar\/argentina\/wp-json\/wp\/v2\/posts"}],"about":[{"href":"http:\/\/argentinamunicipal.com.ar\/argentina\/wp-json\/wp\/v2\/types\/post"}],"author":[{"embeddable":true,"href":"http:\/\/argentinamunicipal.com.ar\/argentina\/wp-json\/wp\/v2\/users\/2"}],"replies":[{"embeddable":true,"href":"http:\/\/argentinamunicipal.com.ar\/argentina\/wp-json\/wp\/v2\/comments?post=18777"}],"version-history":[{"count":0,"href":"http:\/\/argentinamunicipal.com.ar\/argentina\/wp-json\/wp\/v2\/posts\/18777\/revisions"}],"wp:featuredmedia":[{"embeddable":true,"href":"http:\/\/argentinamunicipal.com.ar\/argentina\/wp-json\/wp\/v2\/media\/18778"}],"wp:attachment":[{"href":"http:\/\/argentinamunicipal.com.ar\/argentina\/wp-json\/wp\/v2\/media?parent=18777"}],"wp:term":[{"taxonomy":"category","embeddable":true,"href":"http:\/\/argentinamunicipal.com.ar\/argentina\/wp-json\/wp\/v2\/categories?post=18777"},{"taxonomy":"post_tag","embeddable":true,"href":"http:\/\/argentinamunicipal.com.ar\/argentina\/wp-json\/wp\/v2\/tags?post=18777"}],"curies":[{"name":"wp","href":"https:\/\/api.w.org\/{rel}","templated":true}]}}