{"id":18780,"date":"2014-11-10T09:29:50","date_gmt":"2014-11-10T12:29:50","guid":{"rendered":"http:\/\/argentinamunicipal.com.ar\/argentina\/?p=18780"},"modified":"2014-11-10T09:29:50","modified_gmt":"2014-11-10T12:29:50","slug":"bella-vista-pondra-municipales-vigilar-las-calles","status":"publish","type":"post","link":"http:\/\/argentinamunicipal.com.ar\/argentina\/bella-vista-pondra-municipales-vigilar-las-calles\/","title":{"rendered":"Bella Vista pondr\u00e1 municipales a vigilar las calles"},"content":{"rendered":"<p><a href=\"http:\/\/argentinamunicipal.com.ar\/argentina\/wp-content\/uploads\/2014\/11\/DSC01535_1.jpg\"><img loading=\"lazy\" decoding=\"async\" class=\"alignright size-full wp-image-18781\" src=\"http:\/\/argentinamunicipal.com.ar\/argentina\/wp-content\/uploads\/2014\/11\/DSC01535_1.jpg\" alt=\"DSC01535_1\" width=\"300\" height=\"225\" \/><\/a>Espeche anuncia un plan de seguridad<\/p>\n<p>Bella Vista tiene casi 25.000 habitantes, relata el intendente alperovichista Luis Espeche(Frente para la Victoria), quien est\u00e1 desde 2003 al frente de la administraci\u00f3n del municipio. Cuando fue electo, dice el esposo de la presidenta del Concejo Deliberante de esa ciudad, Cristina Romano de Espeche, la poblaci\u00f3n era un poco menor; si no creci\u00f3 tanto en estos a\u00f1os, explica Espeche, es porque Bella Vista \u201ces la m\u00e1s pobre en cuanto a recursos\u201d. \u201cAqu\u00ed no hay grandes comercios: o sos empleado p\u00fablico, o temporario (en las cosechas) o ten\u00e9s un emprendimiento; gracias a Dios, el Pacto Social (convenio con el PE que garantiza el pago de salarios a cambio de dinero de coparticipaci\u00f3n) fue bien administrado. Pero, m\u00e1s all\u00e1 de todo esto, Bella Vista ha crecido. Lo que buscamos es que cada vez m\u00e1s gente elija quedarse aqu\u00ed\u201d, anhel\u00f3 en di\u00e1logo con LA GACETA el intendente Espeche.<\/p>\n<p>Antes de hacer un breve repaso por su gesti\u00f3n, el jefe municipal anunci\u00f3 una medida clave que tomar\u00e1n para tratar de evitar los robos y otros delitos en la v\u00eda p\u00fablica. \u201cHemos creado un Consejo de Seguridad Vecinal, y tambi\u00e9n una Direcci\u00f3n de Seguridad en el Municipio. Ya est\u00e1 la ordenanza preparada y s\u00f3lo falta nombrar un director. La idea es que tengamos agentes de vigilancia municipal para que atiendan la inseguridad por delitos y por el tr\u00e1nsito\u201d, dijo.<\/p>\n<p>En el casillero del \u201chaber\u201d, Espeche se anot\u00f3 las inversiones en obras p\u00fablicas. \u201cEl logro que m\u00e1s me tranquiliza es haber llegado con las cloacas a casi la totalidad de la zona urbana: tenemos el 70% en ejecuci\u00f3n; adem\u00e1s, en ese sector, estamos llegando al 100% de agua potable. La gente valora este esfuerzo\u201d, agreg\u00f3 el intendente.<\/p>\n<p>Anticip\u00f3 que, para contrarrestar el \u00e9xodo, est\u00e1n culminando un proyecto para un parque industrial. \u201cSe llama Plan de Gesti\u00f3n 20\/30, y contiene aspectos de desarrollo sustentable hasta 2030. Ya est\u00e1n hechos los tr\u00e1mites ante la Naci\u00f3n para generar un desarrollo urban\u00edstico que nos fortalezca, que la gente ya no necesite ir a la Capital siquiera para hacer un tr\u00e1mite\u201d, expres\u00f3. Y apunt\u00f3 que tambi\u00e9n le gustar\u00eda ver concretado pronto un proyecto para reformular el acceso desde Buenos Aires y C\u00f3rdoba por la ruta 157.<\/p>\n<p>En cuanto a los servicios administrativos con que cuenta el municipio, Espeche remarc\u00f3 que \u201cs\u00f3lo est\u00e1 faltando una delegaci\u00f3n de Anses (siglas de la Administraci\u00f3n Nacional de Seguridad Social)\u201d. \u201cHab\u00eda un compromiso para que abran una sucursal aqu\u00ed, pero La C\u00e1mpora no me ha cumplido\u201d, agreg\u00f3 el intendente.<\/p>\n<p>La administraci\u00f3n de Espeche es, seg\u00fan fuentes del oficialismo, una de las m\u00e1s retrasadas en la aplicaci\u00f3n de recursos del plan federal de obras M\u00e1s Cerca. El intendente dice que se est\u00e1 poniendo al d\u00eda. \u201cDel M\u00e1s Cerca I me resta el 10%. La Naci\u00f3n me est\u00e1 demorando los recursos, pero la Provincia me ayuda. Y luego espero comenzar el M\u00e1s Cerca II\u201d, dijo.<\/p>\n<h6>Fuente: La Gaceta<\/h6>\n","protected":false},"excerpt":{"rendered":"<p>Espeche anuncia un plan de seguridad Bella Vista tiene casi 25.000 habitantes, relata el intendente alperovichista Luis Espeche(Frente para la Victoria), quien est\u00e1 desde 2003 al frente de la administraci\u00f3n del municipio. Cuando fue electo, dice el esposo de la presidenta del Concejo Deliberante de esa ciudad, Cristina Romano de Espeche, la poblaci\u00f3n era un<\/p>\n","protected":false},"author":2,"featured_media":18781,"comment_status":"closed","ping_status":"closed","sticky":false,"template":"","format":"standard","meta":{"footnotes":""},"categories":[2,49],"tags":[33],"class_list":["post-18780","post","type-post","status-publish","format-standard","has-post-thumbnail","hentry","category-informe-municipal","category-seguridad","tag-tucuman"],"_links":{"self":[{"href":"http:\/\/argentinamunicipal.com.ar\/argentina\/wp-json\/wp\/v2\/posts\/18780","targetHints":{"allow":["GET"]}}],"collection":[{"href":"http:\/\/argentinamunicipal.com.ar\/argentina\/wp-json\/wp\/v2\/posts"}],"about":[{"href":"http:\/\/argentinamunicipal.com.ar\/argentina\/wp-json\/wp\/v2\/types\/post"}],"author":[{"embeddable":true,"href":"http:\/\/argentinamunicipal.com.ar\/argentina\/wp-json\/wp\/v2\/users\/2"}],"replies":[{"embeddable":true,"href":"http:\/\/argentinamunicipal.com.ar\/argentina\/wp-json\/wp\/v2\/comments?post=18780"}],"version-history":[{"count":0,"href":"http:\/\/argentinamunicipal.com.ar\/argentina\/wp-json\/wp\/v2\/posts\/18780\/revisions"}],"wp:featuredmedia":[{"embeddable":true,"href":"http:\/\/argentinamunicipal.com.ar\/argentina\/wp-json\/wp\/v2\/media\/18781"}],"wp:attachment":[{"href":"http:\/\/argentinamunicipal.com.ar\/argentina\/wp-json\/wp\/v2\/media?parent=18780"}],"wp:term":[{"taxonomy":"category","embeddable":true,"href":"http:\/\/argentinamunicipal.com.ar\/argentina\/wp-json\/wp\/v2\/categories?post=18780"},{"taxonomy":"post_tag","embeddable":true,"href":"http:\/\/argentinamunicipal.com.ar\/argentina\/wp-json\/wp\/v2\/tags?post=18780"}],"curies":[{"name":"wp","href":"https:\/\/api.w.org\/{rel}","templated":true}]}}