{"id":18790,"date":"2014-11-10T09:41:43","date_gmt":"2014-11-10T12:41:43","guid":{"rendered":"http:\/\/argentinamunicipal.com.ar\/argentina\/?p=18790"},"modified":"2014-11-10T09:41:43","modified_gmt":"2014-11-10T12:41:43","slug":"se-realizara-en-gualeguaychu-el-7o-encuentro-nacional-de-presupuesto-participativo","status":"publish","type":"post","link":"http:\/\/argentinamunicipal.com.ar\/argentina\/se-realizara-en-gualeguaychu-el-7o-encuentro-nacional-de-presupuesto-participativo\/","title":{"rendered":"Se realizar\u00e1 en Gualeguaych\u00fa el 7\u00ba Encuentro Nacional de Presupuesto Participativo"},"content":{"rendered":"<p><a href=\"http:\/\/argentinamunicipal.com.ar\/argentina\/wp-content\/uploads\/2014\/11\/Teatro1.jpg\"><img loading=\"lazy\" decoding=\"async\" class=\"aligncenter size-full wp-image-18791\" src=\"http:\/\/argentinamunicipal.com.ar\/argentina\/wp-content\/uploads\/2014\/11\/Teatro1.jpg\" alt=\"Teatro1\" width=\"620\" height=\"375\" srcset=\"http:\/\/argentinamunicipal.com.ar\/argentina\/wp-content\/uploads\/2014\/11\/Teatro1.jpg 620w, http:\/\/argentinamunicipal.com.ar\/argentina\/wp-content\/uploads\/2014\/11\/Teatro1-300x181.jpg 300w\" sizes=\"auto, (max-width: 620px) 100vw, 620px\" \/><\/a><\/p>\n<p>Representantes de municipios de todo el pa\u00eds que aplican el Presupuesto Participativo, junto a funcionarios nacionales, investigadores, invitados extranjeros e integrantes de la Red Nacional que los agrupa, coincidir\u00e1n el 13 y 14 de noviembre en Gualeguaych\u00fa \u2022 Durante esos d\u00edas se realizar\u00e1 el 7\u00ba Encuentro Nacional de Presupuesto Participativo<\/p>\n<p>La actividad es organizada por la Municipalidad de Gualeguaych\u00fa junto con Secretar\u00eda de Relaciones Parlamentarias de la Jefatura de Gabinete de Ministros y la Secretar\u00eda de Asuntos Municipales del Ministerio del Interior y Transporte.<\/p>\n<p>El intendente de Gualeguaych\u00fa, Juan Jos\u00e9 Bahillo, se mostr\u00f3 orgulloso de que la ciudad haya sido elegida como sede del encuentro nacional, y reconoci\u00f3 \u201cel trabajo y las gestiones de los funcionarios para que este programa se haya establecido entre los vecinos, a trav\u00e9s del que se pudieron realizar m\u00e1s de 180 proyectos de manera participativa y transparente, involucr\u00e1ndonos y trabajando en conjunto con cada barrio\u201d.<\/p>\n<p>Por su parte, el secretario de Relaciones Parlamentarias de la Naci\u00f3n, Oscar Gonz\u00e1lez, reivindic\u00f3 la consigna del encuentro, \u201cRedistribuir la riqueza, ampliar la participaci\u00f3n, consolidar la democracia\u00bb, ya que ella \u00abexpresa los objetivos y la potencialidad que est\u00e1 impl\u00edcita en este dispositivo de democracia participativa cuya vigencia se extiende en toda la geograf\u00eda nacional\u201d.<\/p>\n<p>\u201cCreemos que este encuentro va a ser fundamental para intercambiar experiencias entre distintos municipios de la Argentina que aplican o proyectan aplicar Presupuesto Participativo\u201d, afirm\u00f3 el secretario de Asuntos Municipales, Ignacio Lamothe, y sigui\u00f3: \u201cAdem\u00e1s, esperamos que genere un \u00e1mbito de aprendizaje y reflexi\u00f3n donde se brinde nuevas herramientas de acci\u00f3n para profundizar y mejorar las pr\u00e1cticas de Presupuesto Participativo de cada localidad\u201d.<\/p>\n<p>El encuentro, que se realiza desde 2009, cuenta en esta oportunidad con uno de los ceadores del presupuesto participativo, el ex alcalde de Porto Alegre, Brasil y ex gobernador de R\u00edo Grande do Sul, Olivio Dutra, uno de los m\u00e1s importantes dirigentes del Partido de los Trabajadores que lidera el ex presidente Lula da Silva y la actual mandataria de ese pa\u00eds, Dilma Rousseff, recientemente reelecta. Dutra aplic\u00f3 por primera vez este instituto de democracia participativa en Porto Alegre en 1986. Tambi\u00e9n integrar\u00e1 el panel internacional el peruano Ricado Mu\u00f1oz Portugal, encargado de PP Lima Metropolitana.<\/p>\n<p>Adem\u00e1s de una treintena de municipios de todo el pa\u00eds, entre los cuales pueden mencionarse a Paran\u00e1, Concordia, Concepci\u00f3n del Uruguay, Cerrito, Crespo, Pueblo Belgrano, La Paz, Rosario, Vicente L\u00f3pez, Pilar, Ca\u00f1uelas, Z\u00e1rate, Pinamar, San Miguel, C\u00f3rdoba (Capital), Villa Mar\u00eda, Unquillo, La Rioja, Santo Tom\u00e9, Reconquista, Corrientes, Goya, R\u00edo Grande, Salta y San Luis, se han inscripto para participar representantes acad\u00e9micos y especialistas en temas de participaci\u00f3n popular, muchos de ellos integrantes de la Red Argentina de Presupuesto Participativo.<\/p>\n<p>El intendente Bahillo inaugurar\u00e1 el encuentro el 13 de noviembre a las 10 en el Teatro Gualeguaych\u00fa con la participaci\u00f3n del secretario de Relaciones Parlamentarias Oscar Gonz\u00e1lez; el secretario de Asuntos Municipales de la Naci\u00f3n, Ignacio Lamothe y el responsable del Programa Nacional de Presupuesto Participativo; presidente de la RAPP, Daniel Vaena.<\/p>\n<h6>Fuente: APF Digital<\/h6>\n","protected":false},"excerpt":{"rendered":"<p>Representantes de municipios de todo el pa\u00eds que aplican el Presupuesto Participativo, junto a funcionarios nacionales, investigadores, invitados extranjeros e integrantes de la Red Nacional que los agrupa, coincidir\u00e1n el 13 y 14 de noviembre en Gualeguaych\u00fa \u2022 Durante esos d\u00edas se realizar\u00e1 el 7\u00ba Encuentro Nacional de Presupuesto Participativo La actividad es organizada por<\/p>\n","protected":false},"author":2,"featured_media":18791,"comment_status":"closed","ping_status":"closed","sticky":false,"template":"","format":"standard","meta":{"footnotes":""},"categories":[2],"tags":[17],"class_list":["post-18790","post","type-post","status-publish","format-standard","has-post-thumbnail","hentry","category-informe-municipal","tag-entre-rios"],"_links":{"self":[{"href":"http:\/\/argentinamunicipal.com.ar\/argentina\/wp-json\/wp\/v2\/posts\/18790","targetHints":{"allow":["GET"]}}],"collection":[{"href":"http:\/\/argentinamunicipal.com.ar\/argentina\/wp-json\/wp\/v2\/posts"}],"about":[{"href":"http:\/\/argentinamunicipal.com.ar\/argentina\/wp-json\/wp\/v2\/types\/post"}],"author":[{"embeddable":true,"href":"http:\/\/argentinamunicipal.com.ar\/argentina\/wp-json\/wp\/v2\/users\/2"}],"replies":[{"embeddable":true,"href":"http:\/\/argentinamunicipal.com.ar\/argentina\/wp-json\/wp\/v2\/comments?post=18790"}],"version-history":[{"count":0,"href":"http:\/\/argentinamunicipal.com.ar\/argentina\/wp-json\/wp\/v2\/posts\/18790\/revisions"}],"wp:featuredmedia":[{"embeddable":true,"href":"http:\/\/argentinamunicipal.com.ar\/argentina\/wp-json\/wp\/v2\/media\/18791"}],"wp:attachment":[{"href":"http:\/\/argentinamunicipal.com.ar\/argentina\/wp-json\/wp\/v2\/media?parent=18790"}],"wp:term":[{"taxonomy":"category","embeddable":true,"href":"http:\/\/argentinamunicipal.com.ar\/argentina\/wp-json\/wp\/v2\/categories?post=18790"},{"taxonomy":"post_tag","embeddable":true,"href":"http:\/\/argentinamunicipal.com.ar\/argentina\/wp-json\/wp\/v2\/tags?post=18790"}],"curies":[{"name":"wp","href":"https:\/\/api.w.org\/{rel}","templated":true}]}}