{"id":18895,"date":"2014-11-11T09:11:33","date_gmt":"2014-11-11T12:11:33","guid":{"rendered":"http:\/\/argentinamunicipal.com.ar\/argentina\/?p=18895"},"modified":"2014-11-11T09:11:33","modified_gmt":"2014-11-11T12:11:33","slug":"santa-fe-municipios-piden-financiamiento-provincia-para-llegar-fin-de-ano","status":"publish","type":"post","link":"http:\/\/argentinamunicipal.com.ar\/argentina\/santa-fe-municipios-piden-financiamiento-provincia-para-llegar-fin-de-ano\/","title":{"rendered":"Santa Fe: Municipios piden financiamiento a Provincia para llegar a fin de a\u00f1o"},"content":{"rendered":"<p><a href=\"http:\/\/argentinamunicipal.com.ar\/argentina\/wp-content\/uploads\/2014\/11\/edificio-municipal-de-rafaela.jpg\"><img loading=\"lazy\" decoding=\"async\" class=\"aligncenter  wp-image-18897\" src=\"http:\/\/argentinamunicipal.com.ar\/argentina\/wp-content\/uploads\/2014\/11\/edificio-municipal-de-rafaela.jpg\" alt=\"edificio-municipal-de-rafaela\" width=\"621\" height=\"466\" srcset=\"http:\/\/argentinamunicipal.com.ar\/argentina\/wp-content\/uploads\/2014\/11\/edificio-municipal-de-rafaela.jpg 800w, http:\/\/argentinamunicipal.com.ar\/argentina\/wp-content\/uploads\/2014\/11\/edificio-municipal-de-rafaela-300x225.jpg 300w\" sizes=\"auto, (max-width: 621px) 100vw, 621px\" \/><\/a><br \/>\nDesde las 16 de ayer, en el edificio Municipal, se reuni\u00f3 el Foro de Intendentes Justicialistas de Santa Fe, para fijar una postura com\u00fan frente a lo que dieron en se\u00f1alar como graves problemas de financiamiento y de recursos que deben afrontar los municipios de \u201c2\u00aa categor\u00eda\u201d en lo que resta del a\u00f1o (\u201c1\u00aa categor\u00eda\u201d son Rosario y Santa Fe), el tratamiento que consideran desigual en el marco de la modificaci\u00f3n de la Ley de Obras Menores, en la coparticipaci\u00f3n, en el Fondo de Financiamiento Educativo, y en el reparto del Fondo Federal Solidario (o \u201csojero\u201d) que consideran deber\u00eda volver en forma \u201cautom\u00e1tica\u201d a sus lugares de producci\u00f3n y origen.<\/p>\n<p>\u201cLa modificaci\u00f3n de la Ley de Obras Menores requiere m\u00e1s debate\u201d, dijo uno de los jefes comunales que cuestion\u00f3 los cambios a la norma que ya tiene media sanci\u00f3n en Diputados, y que incorpora a Rosario y Santa Fe sum\u00e1ndole dineros frescos a estas localidades, y brind\u00e1ndole automaticidad, lo cual no sucede con las administraciones municipales de \u201c2\u00aa categor\u00eda\u201d que reclaman el mismo trato ante la Ley: \u201cA nosotros y a las comunas nos siguen dando siempre lo mismo\u201d, se quej\u00f3 Castellano ante la prensa.<\/p>\n<p>El problema principal que se\u00f1alaron es c\u00f3mo hacer frente a las erogaciones \u201cinfladas\u201d que quedan en este 2014, a las cuales ahora se sum\u00f3 el pol\u00e9mico Bono de fin de a\u00f1o con que la Provincia recompensar\u00e1 con 1.700 pesos a sus trabajadores, y que ahora los empleados municipales afiliados a la FESTRAM ya comenzaron a reclamar a lo largo del territorio provincial. Castellano anticip\u00f3 que en la visita de hoy a Rafaela del gobernador Bonfatti, \u201cse deber\u00eda debatir este tema en el marco de la Asamblea Ciudadana\u201d, y que seguramente hablar\u00e1 con el Gobernador sobre este tema.<\/p>\n<p>La Provincia, a trav\u00e9s del ministro Rub\u00e9n Galassi, ya anticip\u00f3 que no ayudar\u00e1 a municipios y comunas para el pago de estos bonos, y que \u00abel esfuerzo lo tiene que hacer cada administraci\u00f3n con sus trabajadores\u00bb, ya que, \u00abpara pagar eso, nosotros no le pedimos ayuda a la Naci\u00f3n\u00bb, retruc\u00f3 el ministro provincial.<\/p>\n<p>\u201cEstamos en un problema financiero y necesitamos la ayuda de la Provincia\u201d, se escuch\u00f3 ayer decir a los intendentes, a la par que argumentaban: \u201cNos estamos haciendo cargo de temas de competencia provincial: seguridad, salud, educaci\u00f3n, y necesitamos m\u00e1s financiaci\u00f3n\u201d, subrayaron.<\/p>\n<p>El encuentro estuvo encabezado por el intendente de Rafaela, Luis Castellano; el de Sunchales, Ezequiel Bolatti; las intendentes de Esperanza, Ana Meiners, y de Ca\u00f1ada de G\u00f3mez, Stella Cl\u00e9rici; el de G\u00e1lvez, Mario Fissore; y los de Puerto San Mart\u00edn, Malabrigo, Rufino, San Carlos Centro, Tostado, Ataliva y Casilda, entre otros.<\/p>\n<p><strong>MAS RECURSOS<\/strong><\/p>\n<p>Al finalizar el c\u00f3nclave, los mandatarios ofrecieron una rueda de prensa donde reforzaron lo dicho anteriormente.<\/p>\n<p>\u201cLos municipios de 2\u00aa -inici\u00f3 Castellano- estamos en la necesidad de tener financiamiento urgente para afrontar las erogaciones que vamos a tener de ac\u00e1 a fin de a\u00f1o, y para tener previsibilidad en los aportes para 2015\u201d, se\u00f1al\u00f3 el mandatario local. \u201cEs una catarata de responsabilidades -remarc\u00f3- que se nos han venido encima a los municipios que hace no mucho tiempo atr\u00e1s no ten\u00edamos, como salud, educaci\u00f3n, medio ambiente, seguridad, empleo, vivienda (\u2026) Necesitamos la provisi\u00f3n de recursos para llevar adelante la enorme cantidad de responsabilidades que hoy tenemos y que cada vez se nos hace m\u00e1s dif\u00edcil poder asumir\u201d, destac\u00f3.<\/p>\n<p>Por su parte, sobre Obras Menores, Estela Cl\u00e9rici agreg\u00f3 que, \u201cno conozco ning\u00fan municipio o comuna que haya llegado a cobrar lo del a\u00f1o corriente, y a la mayor\u00eda se les adeudan sumas importantes desde hace varios a\u00f1os. Por eso es importante la automaticidad y la previsibilidad (\u2026) En este esquema los municipios de 2\u00aa somos los m\u00e1s perjudicados\u201d, precis\u00f3.<\/p>\n<p>\u201cEstamos en un problema financiero y econ\u00f3mico importante -agreg\u00f3 Castellano- que necesitamos que el gobierno de la Provincia escuche y que nos atienda\u201d.<\/p>\n<p><strong>BONO \u201cUNILATERAL\u201d<\/strong><\/p>\n<p>En su alocuci\u00f3n el Intendente dijo que: \u201cEn esta decisi\u00f3n de afrontar un bono para los empleados estatales de la Provincia, que merecen tanto como los municipales tenerlo, nosotros hubi\u00e9semos querido participar en la discusi\u00f3n de c\u00f3mo se va a pagar y no tuvimos esa posibilidad. Por eso queremos que se abra urgente esta instancia de di\u00e1logo para saber de d\u00f3nde vamos a sacar ese dinero\u201d, dijo.<\/p>\n<p>Consultados por LA OPINION sobre cu\u00e1les ser\u00e1n los pasos a dar por los intendentes, luego de los dichos de Galassi respecto del bono navide\u00f1o, Mario Fissore -intendente de G\u00e1lvez- expres\u00f3: \u201c(El bono) ha sido una decisi\u00f3n unilateral del Gobernador. Si el Ministro de Gobierno quiere que nos hagamos cargo deber\u00eda conocer primero cu\u00e1les son nuestros presupuestos. Es casi imposible para la mayor\u00eda de nosotros poder hacer frente a una decisi\u00f3n de estas caracter\u00edsticas\u201d. Para esto Fissore consider\u00f3 necesario, \u201cel acompa\u00f1amiento de la Provincia, insuflando recursos para hacerle frente\u201d.<\/p>\n<p>Una de las alternativas planteadas por Fissore para pagar el bono, ser\u00eda que: \u201cla Provincia nos apruebe utilizar un 35% de Gastos Corrientes de la Ley de Obras Menores vigente del a\u00f1o 2014, para hacernos cargo de las erogaciones que se nos vienen de ac\u00e1 a fin de a\u00f1o\u201d, consider\u00f3, adelantando que esta propuesta ser\u00e1 planteada a la Legislatura y al gobierno provincial.<\/p>\n<h6>Fuente: La Opini\u00f3n Line<\/h6>\n","protected":false},"excerpt":{"rendered":"<p>Desde las 16 de ayer, en el edificio Municipal, se reuni\u00f3 el Foro de Intendentes Justicialistas de Santa Fe, para fijar una postura com\u00fan frente a lo que dieron en se\u00f1alar como graves problemas de financiamiento y de recursos que deben afrontar los municipios de \u201c2\u00aa categor\u00eda\u201d en lo que resta del a\u00f1o (\u201c1\u00aa categor\u00eda\u201d<\/p>\n","protected":false},"author":2,"featured_media":18897,"comment_status":"closed","ping_status":"closed","sticky":false,"template":"","format":"standard","meta":{"footnotes":""},"categories":[5,4],"tags":[10],"class_list":["post-18895","post","type-post","status-publish","format-standard","has-post-thumbnail","hentry","category-informe-economico","category-informe-politico","tag-santa-fe"],"_links":{"self":[{"href":"http:\/\/argentinamunicipal.com.ar\/argentina\/wp-json\/wp\/v2\/posts\/18895","targetHints":{"allow":["GET"]}}],"collection":[{"href":"http:\/\/argentinamunicipal.com.ar\/argentina\/wp-json\/wp\/v2\/posts"}],"about":[{"href":"http:\/\/argentinamunicipal.com.ar\/argentina\/wp-json\/wp\/v2\/types\/post"}],"author":[{"embeddable":true,"href":"http:\/\/argentinamunicipal.com.ar\/argentina\/wp-json\/wp\/v2\/users\/2"}],"replies":[{"embeddable":true,"href":"http:\/\/argentinamunicipal.com.ar\/argentina\/wp-json\/wp\/v2\/comments?post=18895"}],"version-history":[{"count":0,"href":"http:\/\/argentinamunicipal.com.ar\/argentina\/wp-json\/wp\/v2\/posts\/18895\/revisions"}],"wp:featuredmedia":[{"embeddable":true,"href":"http:\/\/argentinamunicipal.com.ar\/argentina\/wp-json\/wp\/v2\/media\/18897"}],"wp:attachment":[{"href":"http:\/\/argentinamunicipal.com.ar\/argentina\/wp-json\/wp\/v2\/media?parent=18895"}],"wp:term":[{"taxonomy":"category","embeddable":true,"href":"http:\/\/argentinamunicipal.com.ar\/argentina\/wp-json\/wp\/v2\/categories?post=18895"},{"taxonomy":"post_tag","embeddable":true,"href":"http:\/\/argentinamunicipal.com.ar\/argentina\/wp-json\/wp\/v2\/tags?post=18895"}],"curies":[{"name":"wp","href":"https:\/\/api.w.org\/{rel}","templated":true}]}}