{"id":18901,"date":"2014-11-11T09:14:26","date_gmt":"2014-11-11T12:14:26","guid":{"rendered":"http:\/\/argentinamunicipal.com.ar\/argentina\/?p=18901"},"modified":"2014-11-11T09:14:26","modified_gmt":"2014-11-11T12:14:26","slug":"promulgan-la-ley-que-establece-el-16-de-septiembre-como-dia-nacional-de-la-juventud","status":"publish","type":"post","link":"http:\/\/argentinamunicipal.com.ar\/argentina\/promulgan-la-ley-que-establece-el-16-de-septiembre-como-dia-nacional-de-la-juventud\/","title":{"rendered":"Promulgan la ley que establece el 16 de septiembre como D\u00eda Nacional de la Juventud"},"content":{"rendered":"<p><a href=\"http:\/\/argentinamunicipal.com.ar\/argentina\/wp-content\/uploads\/2014\/11\/5461e9705c333.jpg\"><img loading=\"lazy\" decoding=\"async\" class=\"aligncenter size-full wp-image-18902\" src=\"http:\/\/argentinamunicipal.com.ar\/argentina\/wp-content\/uploads\/2014\/11\/5461e9705c333.jpg\" alt=\"5461e9705c333\" width=\"1004\" height=\"669\" srcset=\"http:\/\/argentinamunicipal.com.ar\/argentina\/wp-content\/uploads\/2014\/11\/5461e9705c333.jpg 1004w, http:\/\/argentinamunicipal.com.ar\/argentina\/wp-content\/uploads\/2014\/11\/5461e9705c333-300x199.jpg 300w\" sizes=\"auto, (max-width: 1004px) 100vw, 1004px\" \/><\/a><\/p>\n<p>La ley que instituye el 16 de septiembre de cada a\u00f1o como \u00abD\u00eda Nacional de la Juventud\u00bb, en conmemoraci\u00f3n de la denominada Noche de los L\u00e1pices, fue promulgada de hecho.<\/p>\n<p>La norma fue sancionada el 22 de octubre pasado por la C\u00e1mara de Diputados y hoy se public\u00f3 en el Bolet\u00edn Oficial.<br \/>\n\u201cInstit\u00fayese el 16 de septiembre de cada a\u00f1o como D\u00eda Nacional de la Juventud en conmemoraci\u00f3n de la denominada Noche de los L\u00e1pices\u201d, dispone en el art\u00edculo 1\u00b0.<\/p>\n<p>Luego, en su art\u00edculo 2\u00b0, la normativa indica que \u201cel Ministerio de Educaci\u00f3n de la Naci\u00f3n, en el marco del Consejo Federal de Educaci\u00f3n, promover\u00e1 la incorporaci\u00f3n de la fecha mencionada (&#8230;) en el calendario escolar e implementar\u00e1 actividades tendientes a difundir entre los alumnos el conocimiento y significado de la conmemoraci\u00f3n\u201d.<\/p>\n<p>La Noche de los L\u00e1pices se produjo a mediados de septiembre de 1976 en La Plata, cuando diez alumnos secundarios que reclamaban el boleto estudiantil fueron secuestrados y torturados.<\/p>\n<p>Seis de esos j\u00f3venes permanecen desaparecidos.<\/p>\n<p>El proyecto de ley para recordarlos cada a\u00f1o hab\u00eda sido impulsado en 2006 por el entonces presidente N\u00e9stor Kirchner, pero al no avanzar en el Senado, luego volvi\u00f3 a ser presentado 2012.<\/p>\n<p>Finalmente, tras ser avalado en octubre del a\u00f1o pasado por Diputados y ser aprobado con modificaciones en el Senado, la iniciativa volvi\u00f3 a la C\u00e1mara baja para su sanci\u00f3n definitiva.<\/p>\n<h6>Fuente: T\u00e9lam<\/h6>\n","protected":false},"excerpt":{"rendered":"<p>La ley que instituye el 16 de septiembre de cada a\u00f1o como \u00abD\u00eda Nacional de la Juventud\u00bb, en conmemoraci\u00f3n de la denominada Noche de los L\u00e1pices, fue promulgada de hecho. La norma fue sancionada el 22 de octubre pasado por la C\u00e1mara de Diputados y hoy se public\u00f3 en el Bolet\u00edn Oficial. \u201cInstit\u00fayese el 16<\/p>\n","protected":false},"author":1,"featured_media":18902,"comment_status":"closed","ping_status":"closed","sticky":false,"template":"","format":"standard","meta":{"footnotes":""},"categories":[8],"tags":[],"class_list":["post-18901","post","type-post","status-publish","format-standard","has-post-thumbnail","hentry","category-informe-nacional"],"_links":{"self":[{"href":"http:\/\/argentinamunicipal.com.ar\/argentina\/wp-json\/wp\/v2\/posts\/18901","targetHints":{"allow":["GET"]}}],"collection":[{"href":"http:\/\/argentinamunicipal.com.ar\/argentina\/wp-json\/wp\/v2\/posts"}],"about":[{"href":"http:\/\/argentinamunicipal.com.ar\/argentina\/wp-json\/wp\/v2\/types\/post"}],"author":[{"embeddable":true,"href":"http:\/\/argentinamunicipal.com.ar\/argentina\/wp-json\/wp\/v2\/users\/1"}],"replies":[{"embeddable":true,"href":"http:\/\/argentinamunicipal.com.ar\/argentina\/wp-json\/wp\/v2\/comments?post=18901"}],"version-history":[{"count":0,"href":"http:\/\/argentinamunicipal.com.ar\/argentina\/wp-json\/wp\/v2\/posts\/18901\/revisions"}],"wp:featuredmedia":[{"embeddable":true,"href":"http:\/\/argentinamunicipal.com.ar\/argentina\/wp-json\/wp\/v2\/media\/18902"}],"wp:attachment":[{"href":"http:\/\/argentinamunicipal.com.ar\/argentina\/wp-json\/wp\/v2\/media?parent=18901"}],"wp:term":[{"taxonomy":"category","embeddable":true,"href":"http:\/\/argentinamunicipal.com.ar\/argentina\/wp-json\/wp\/v2\/categories?post=18901"},{"taxonomy":"post_tag","embeddable":true,"href":"http:\/\/argentinamunicipal.com.ar\/argentina\/wp-json\/wp\/v2\/tags?post=18901"}],"curies":[{"name":"wp","href":"https:\/\/api.w.org\/{rel}","templated":true}]}}